{"id":46217,"date":"2023-05-15T08:53:51","date_gmt":"2023-05-15T08:53:51","guid":{"rendered":"https:\/\/www.automakersnews.cz\/?p=46217"},"modified":"2023-05-15T10:24:48","modified_gmt":"2023-05-15T10:24:48","slug":"stara-cisticka-hostila-id-ea-days","status":"publish","type":"post","link":"https:\/\/www.automakersnews.cz\/index.php\/2023\/05\/15\/stara-cisticka-hostila-id-ea-days\/","title":{"rendered":"Star\u00e1 \u010dist\u00edrna host\u00ed ID.EA DAYS"},"content":{"rendered":"<p class=\"v1xxmsonormal\"><strong>Zna\u010dka Volkswagen v kv\u011btnu odstartovala byznysovou akci ID.EA DAYS, dal\u0161\u00ed workshop z tohoto seri\u00e1lu host\u00ed v t\u00fddnu od 15. kv\u011btna Star\u00e1 \u010dist\u00edrna v pra\u017esk\u00e9 Buben\u010di. Hlavn\u00edm partnerem eventu je AutoPalace, pond\u011bl\u00ed a\u017e st\u0159eda pat\u0159\u00ed dealer\u016fm, \u010dtvrtek p\u00e1tek leasingovk\u00e1m.<\/strong><!--more--><\/p>\n<p class=\"v1xxmsonormal\">Volkswagen chce krom\u011b automobilov\u00fdch novinek a testovac\u00edch j\u00edzd s modely letos poprv\u00e9 inspirovat z\u00e1kazn\u00edky \u0159adou \u0159e\u0161en\u00ed, kter\u00e9 maj\u00ed p\u0159isp\u011bt k zefektivn\u011bn\u00ed\u00a0 jejich podnik\u00e1n\u00ed. Prvn\u00ed akce se konala 4. kv\u011btna v po\u010dernick\u00e9m are\u00e1lu FANUC.<span id=\"more-45031\"><\/span><\/p>\n<p><img loading=\"lazy\" decoding=\"async\" class=\"alignnone size-large wp-image-45034\" src=\"http:\/\/www.automakersnews.cz\/wp-content\/uploads\/2023\/05\/VW-EA-DAYS-Fanuc-1024x768.jpg\" alt=\"\" width=\"1024\" height=\"768\" srcset=\"https:\/\/www.automakersnews.cz\/wp-content\/uploads\/2023\/05\/VW-EA-DAYS-Fanuc-1024x768.jpg 1024w, https:\/\/www.automakersnews.cz\/wp-content\/uploads\/2023\/05\/VW-EA-DAYS-Fanuc-300x225.jpg 300w, https:\/\/www.automakersnews.cz\/wp-content\/uploads\/2023\/05\/VW-EA-DAYS-Fanuc-768x576.jpg 768w, https:\/\/www.automakersnews.cz\/wp-content\/uploads\/2023\/05\/VW-EA-DAYS-Fanuc-1536x1152.jpg 1536w, https:\/\/www.automakersnews.cz\/wp-content\/uploads\/2023\/05\/VW-EA-DAYS-Fanuc-678x509.jpg 678w, https:\/\/www.automakersnews.cz\/wp-content\/uploads\/2023\/05\/VW-EA-DAYS-Fanuc-326x245.jpg 326w, https:\/\/www.automakersnews.cz\/wp-content\/uploads\/2023\/05\/VW-EA-DAYS-Fanuc-80x60.jpg 80w, https:\/\/www.automakersnews.cz\/wp-content\/uploads\/2023\/05\/VW-EA-DAYS-Fanuc.jpg 2040w\" sizes=\"auto, (max-width: 1024px) 100vw, 1024px\" \/><\/p>\n<p class=\"v1MsoNormal\">Partne\u0159i akce p\u0159edstavuj\u00ed trendy, technologie a inovace v podnik\u00e1n\u00ed, nejr\u016fzn\u011bj\u0161\u00ed \u0159e\u0161en\u00ed mobility od nab\u00edjen\u00ed p\u0159es financov\u00e1n\u00ed, dotace, a\u017e po spr\u00e1vu elektromobil\u016f.<\/p>\n<figure id=\"attachment_46248\" aria-describedby=\"caption-attachment-46248\" style=\"width: 1024px\" class=\"wp-caption alignnone\"><img loading=\"lazy\" decoding=\"async\" class=\"size-large wp-image-46248\" src=\"http:\/\/www.automakersnews.cz\/wp-content\/uploads\/2023\/05\/VW-IDEA-Days-cisticka-1024x768.jpg\" alt=\"\" width=\"1024\" height=\"768\" srcset=\"https:\/\/www.automakersnews.cz\/wp-content\/uploads\/2023\/05\/VW-IDEA-Days-cisticka-1024x768.jpg 1024w, https:\/\/www.automakersnews.cz\/wp-content\/uploads\/2023\/05\/VW-IDEA-Days-cisticka-300x225.jpg 300w, https:\/\/www.automakersnews.cz\/wp-content\/uploads\/2023\/05\/VW-IDEA-Days-cisticka-768x576.jpg 768w, https:\/\/www.automakersnews.cz\/wp-content\/uploads\/2023\/05\/VW-IDEA-Days-cisticka-1536x1152.jpg 1536w, https:\/\/www.automakersnews.cz\/wp-content\/uploads\/2023\/05\/VW-IDEA-Days-cisticka-678x509.jpg 678w, https:\/\/www.automakersnews.cz\/wp-content\/uploads\/2023\/05\/VW-IDEA-Days-cisticka-326x245.jpg 326w, https:\/\/www.automakersnews.cz\/wp-content\/uploads\/2023\/05\/VW-IDEA-Days-cisticka-80x60.jpg 80w, https:\/\/www.automakersnews.cz\/wp-content\/uploads\/2023\/05\/VW-IDEA-Days-cisticka.jpg 2040w\" sizes=\"auto, (max-width: 1024px) 100vw, 1024px\" \/><figcaption id=\"caption-attachment-46248\" class=\"wp-caption-text\">V Buben\u010di se uk\u00e1zaly nejen novinky z d\u00edly VW, \u00fa\u010dastn\u00edci m\u011bli t\u00e9\u017e mo\u017enost exkurze po star\u00e9 pra\u017esk\u00e9 \u010disti\u010dce<\/figcaption><\/figure>\n<p class=\"v1MsoNormal\">Z\u00e1jemci se tak\u00e9 mohou pod\u00edvat pod kapotu nejen udr\u017eiteln\u00e9ho podnik\u00e1n\u00ed a jeho vlivu na budouc\u00ed zak\u00e1zky, ale tak\u00e9 na v\u00fdvoj um\u011bl\u00e9 inteligence a jej\u00ed uplatn\u011bn\u00ed v\u00a0byznysu.<\/p>\n<p><img loading=\"lazy\" decoding=\"async\" class=\"alignnone size-large wp-image-45036\" src=\"http:\/\/www.automakersnews.cz\/wp-content\/uploads\/2023\/05\/VW-EA-DAYS-plakat-1024x724.jpg\" alt=\"\" width=\"1024\" height=\"724\" \/><\/p>\n","protected":false},"excerpt":{"rendered":"<div class=\"mh-excerpt\"><p>Zna\u010dka Volkswagen v kv\u011btnu odstartovala byznysovou akci ID.EA DAYS, dal\u0161\u00ed workshop z tohoto seri\u00e1lu host\u00ed v t\u00fddnu od 15. kv\u011btna Star\u00e1 \u010dist\u00edrna v pra\u017esk\u00e9 Buben\u010di. <a class=\"mh-excerpt-more\" href=\"https:\/\/www.automakersnews.cz\/index.php\/2023\/05\/15\/stara-cisticka-hostila-id-ea-days\/\" title=\"Star\u00e1 \u010dist\u00edrna host\u00ed ID.EA DAYS\">[&#8230;]<\/a><\/p>\n<\/div>","protected":false},"author":1,"featured_media":46247,"comment_status":"open","ping_status":"open","sticky":false,"template":"","format":"standard","meta":{"footnotes":""},"categories":[10],"tags":[],"class_list":["post-46217","post","type-post","status-publish","format-standard","has-post-thumbnail","hentry","category-eventy"],"_links":{"self":[{"href":"https:\/\/www.automakersnews.cz\/index.php\/wp-json\/wp\/v2\/posts\/46217","targetHints":{"allow":["GET"]}}],"collection":[{"href":"https:\/\/www.automakersnews.cz\/index.php\/wp-json\/wp\/v2\/posts"}],"about":[{"href":"https:\/\/www.automakersnews.cz\/index.php\/wp-json\/wp\/v2\/types\/post"}],"author":[{"embeddable":true,"href":"https:\/\/www.automakersnews.cz\/index.php\/wp-json\/wp\/v2\/users\/1"}],"replies":[{"embeddable":true,"href":"https:\/\/www.automakersnews.cz\/index.php\/wp-json\/wp\/v2\/comments?post=46217"}],"version-history":[{"count":0,"href":"https:\/\/www.automakersnews.cz\/index.php\/wp-json\/wp\/v2\/posts\/46217\/revisions"}],"wp:featuredmedia":[{"embeddable":true,"href":"https:\/\/www.automakersnews.cz\/index.php\/wp-json\/wp\/v2\/media\/46247"}],"wp:attachment":[{"href":"https:\/\/www.automakersnews.cz\/index.php\/wp-json\/wp\/v2\/media?parent=46217"}],"wp:term":[{"taxonomy":"category","embeddable":true,"href":"https:\/\/www.automakersnews.cz\/index.php\/wp-json\/wp\/v2\/categories?post=46217"},{"taxonomy":"post_tag","embeddable":true,"href":"https:\/\/www.automakersnews.cz\/index.php\/wp-json\/wp\/v2\/tags?post=46217"}],"curies":[{"name":"wp","href":"https:\/\/api.w.org\/{rel}","templated":true}]}}