{"id":46253,"date":"2023-05-15T09:19:24","date_gmt":"2023-05-15T09:19:24","guid":{"rendered":"https:\/\/www.automakersnews.cz\/?p=46253"},"modified":"2023-05-15T09:19:24","modified_gmt":"2023-05-15T09:19:24","slug":"cesky-bolt-s-novym-country-manazerem","status":"publish","type":"post","link":"https:\/\/www.automakersnews.cz\/index.php\/2023\/05\/15\/cesky-bolt-s-novym-country-manazerem\/","title":{"rendered":"\u010cesk\u00fd Bolt s nov\u00fdm country mana\u017eerem"},"content":{"rendered":"<p class=\"v1MsoNormal\"><strong>Do veden\u00ed \u010desk\u00e9 pobo\u010dky Bolt nastupuje Peter Mesar\u010d jako nov\u00fd Country Manager pro jej\u00ed slu\u017eby mikromobility, bude tedy zodpov\u011bdn\u00fd za provoz flotily sd\u00edlen\u00fdch kolob\u011b\u017eek a kol Bolt v \u010cesk\u00e9 republice i na Slovensku.<\/strong><!--more--><\/p>\n<p class=\"v1MsoNormal\">Zelen\u00fd dres Boltu p\u0159itom Mesar\u010d obl\u00e9k\u00e1 ji\u017e n\u011bjak\u00fd ten p\u00e1tek, od roku 2018 ve spole\u010dnosti p\u016fsobil na n\u011bkolika pozic\u00edch v Praze i Bratislav\u011b. P\u0159edt\u00edm pracoval pro V\u00fdchodoslovenskou energetiku, jednoho z nejpresti\u017en\u011bj\u0161\u00edch zam\u011bstnavatel\u016f na slovensk\u00e9m trhu, a je absolventem Technick\u00e9 univerzity Ko\u0161ice, kde vystudoval logistiku a supply chain management.<\/p>\n<p class=\"v1MsoNormal\">\u201eSpolu se slu\u017ebou odvozu autem a doru\u010dov\u00e1n\u00edm j\u00eddla p\u0159edstavuje mikromobilita kl\u00ed\u010dovou vertik\u00e1lu v r\u00e1mci platformy Bolt. Je to pro m\u011b obrovsk\u00e1 v\u00fdzva. Ta nav\u00edc p\u0159ich\u00e1z\u00ed v nejn\u00e1ro\u010dn\u011bj\u0161\u00edm obdob\u00ed roku, tedy na za\u010d\u00e1tku sez\u00f3ny, ve kter\u00e9 nav\u00edc budeme v r\u00e1mci na\u0161\u00ed aplikace zav\u00e1d\u011bt dal\u0161\u00ed bezpe\u010dnostn\u00ed prvky. V p\u0159\u00ed\u0161t\u00edch m\u011bs\u00edc\u00edch m\u011b tedy \u010dek\u00e1 spousta pr\u00e1ce, na kterou se ale moc t\u011b\u0161\u00edm. Rozvoj mikromobility na \u010desk\u00e9m a slovensk\u00e9m trhu, a udr\u017eiteln\u00e9 dopravy obecn\u011b, toti\u017e beru za svoji osobn\u00ed misi,&#8220; zd\u016fraz\u0148uje Peter Mesar\u010d, novope\u010den\u00fd Country Manager Rentals CZ &amp; SK spole\u010dnosti Bolt.<\/p>\n<p><img loading=\"lazy\" decoding=\"async\" class=\"alignnone size-large wp-image-37550\" src=\"http:\/\/www.automakersnews.cz\/wp-content\/uploads\/2023\/04\/Bolt.-Ilustracni-foto-small-2-1024x684.jpg\" alt=\"\" width=\"1024\" height=\"684\" srcset=\"https:\/\/www.automakersnews.cz\/wp-content\/uploads\/2023\/04\/Bolt.-Ilustracni-foto-small-2-1024x684.jpg 1024w, https:\/\/www.automakersnews.cz\/wp-content\/uploads\/2023\/04\/Bolt.-Ilustracni-foto-small-2-300x200.jpg 300w, https:\/\/www.automakersnews.cz\/wp-content\/uploads\/2023\/04\/Bolt.-Ilustracni-foto-small-2-768x513.jpg 768w, https:\/\/www.automakersnews.cz\/wp-content\/uploads\/2023\/04\/Bolt.-Ilustracni-foto-small-2.jpg 1180w\" sizes=\"auto, (max-width: 1024px) 100vw, 1024px\" \/><\/p>\n<p class=\"v1MsoNormal\">\n","protected":false},"excerpt":{"rendered":"<div class=\"mh-excerpt\"><p>Do veden\u00ed \u010desk\u00e9 pobo\u010dky Bolt nastupuje Peter Mesar\u010d jako nov\u00fd Country Manager pro jej\u00ed slu\u017eby mikromobility, bude tedy zodpov\u011bdn\u00fd za provoz flotily sd\u00edlen\u00fdch kolob\u011b\u017eek a <a class=\"mh-excerpt-more\" href=\"https:\/\/www.automakersnews.cz\/index.php\/2023\/05\/15\/cesky-bolt-s-novym-country-manazerem\/\" title=\"\u010cesk\u00fd Bolt s nov\u00fdm country mana\u017eerem\">[&#8230;]<\/a><\/p>\n<\/div>","protected":false},"author":1,"featured_media":46254,"comment_status":"open","ping_status":"open","sticky":false,"template":"","format":"standard","meta":{"footnotes":""},"categories":[24,3],"tags":[],"class_list":["post-46253","post","type-post","status-publish","format-standard","has-post-thumbnail","hentry","category-management","category-personalie"],"_links":{"self":[{"href":"https:\/\/www.automakersnews.cz\/index.php\/wp-json\/wp\/v2\/posts\/46253","targetHints":{"allow":["GET"]}}],"collection":[{"href":"https:\/\/www.automakersnews.cz\/index.php\/wp-json\/wp\/v2\/posts"}],"about":[{"href":"https:\/\/www.automakersnews.cz\/index.php\/wp-json\/wp\/v2\/types\/post"}],"author":[{"embeddable":true,"href":"https:\/\/www.automakersnews.cz\/index.php\/wp-json\/wp\/v2\/users\/1"}],"replies":[{"embeddable":true,"href":"https:\/\/www.automakersnews.cz\/index.php\/wp-json\/wp\/v2\/comments?post=46253"}],"version-history":[{"count":0,"href":"https:\/\/www.automakersnews.cz\/index.php\/wp-json\/wp\/v2\/posts\/46253\/revisions"}],"wp:featuredmedia":[{"embeddable":true,"href":"https:\/\/www.automakersnews.cz\/index.php\/wp-json\/wp\/v2\/media\/46254"}],"wp:attachment":[{"href":"https:\/\/www.automakersnews.cz\/index.php\/wp-json\/wp\/v2\/media?parent=46253"}],"wp:term":[{"taxonomy":"category","embeddable":true,"href":"https:\/\/www.automakersnews.cz\/index.php\/wp-json\/wp\/v2\/categories?post=46253"},{"taxonomy":"post_tag","embeddable":true,"href":"https:\/\/www.automakersnews.cz\/index.php\/wp-json\/wp\/v2\/tags?post=46253"}],"curies":[{"name":"wp","href":"https:\/\/api.w.org\/{rel}","templated":true}]}}