{"id":46318,"date":"2023-05-15T13:11:26","date_gmt":"2023-05-15T13:11:26","guid":{"rendered":"https:\/\/www.automakersnews.cz\/?p=46318"},"modified":"2023-05-15T15:54:44","modified_gmt":"2023-05-15T15:54:44","slug":"anketa-pr-roku-nominovano-29-manazeru","status":"publish","type":"post","link":"https:\/\/www.automakersnews.cz\/index.php\/2023\/05\/15\/anketa-pr-roku-nominovano-29-manazeru\/","title":{"rendered":"Anketa PR roku: nominov\u00e1no 29 mana\u017eer\u016f"},"content":{"rendered":"<p><strong>\u010casopis Automakers letos op\u011bt organizuje, ve spolupr\u00e1ci s novin\u00e1\u0159sk\u00fdmi kluby, anketu o nejlep\u0161\u00ed medi\u00e1ln\u00ed servis v r\u00e1mci SDA v roce 2022. Posledn\u00ed hlasy byly odevzd\u00e1ny 13. dubna, jejich ov\u011b\u0159en\u00ed se prot\u00e1hlo, ale u\u017e zn\u00e1me jm\u00e9na nominovan\u00fdch mana\u017eer\u016f.<br \/>\n<\/strong><span id=\"more-147229\"><\/span><span id=\"more-7322\"><\/span><span id=\"more-39493\"><\/span><!--more--><\/p>\n<p>Klub motoristick\u00fdch novin\u00e1\u0159\u016f a Klub motoristick\u00fdch publicist\u016f vyhla\u0161uj\u00ed anketu v novodob\u00e9 historii u\u017e posedm\u00e9.<\/p>\n<p>Jejich \u010dlenov\u00e9 mohli d\u00e1vat sv\u00e9 hlasy v\u0161em ofici\u00e1ln\u00edm mluv\u010d\u00edm spole\u010dnost\u00ed sdru\u017een\u00fdch v SDA, kte\u0159\u00ed poskytovali PR servis v pr\u016fb\u011bhu roku 2022.<\/p>\n<p><strong>Ov\u011b\u0159ov\u00e1n\u00ed nepodepsan\u00fdch l\u00edstk\u016f<\/strong><\/p>\n<p>\u201eHlasovac\u00ed l\u00edstky byly distribuov\u00e1ny b\u011bhem leto\u0161n\u00ed zimy, nakonec se hlasov\u00e1n\u00ed prot\u00e1hlo a\u017e do poloviny dubna. Ov\u011b\u0159en\u00ed hlas\u016f jsme pl\u00e1novali prov\u00e9st do konce dubna, ale proces se ne\u010dekan\u011b prot\u00e1hl.\u00a0 Bylo t\u0159eba verifikovat n\u011bkolik nepodepsan\u00fdch l\u00edstk\u016f, l\u00edstky s ne\u010diteln\u00fdm podpisem, n\u011bkolik ne\u010diteln\u00fdch jmen kandid\u00e1t\u016f a dal\u0161\u00ed v\u011bci,&#8220; up\u0159esnil organiz\u00e1tor sout\u011b\u017ee Erich Handl.<\/p>\n<p><strong>Probl\u00e9mov\u00e1 Va\u0148kov\u00e1 a kdo je \u0160ediv\u00e1?<\/strong><\/p>\n<p>Porotci v anket\u011b n\u011bkolikr\u00e1t hlasovali pro PR mana\u017eerku Va\u0148kovou. &#8222;Ov\u011b\u0159ovali jsme, zda jde o Kate\u0159inu Va\u0148kovou Jougl\u00ed\u010dkovou (KIA) nebo Lenku Va\u0148kovou u Porsche \u010cR. Jednou se v hlasov\u00e1n\u00ed objevilo jm\u00e9no \u0160ediv\u00e1. Detektivn\u00ed prac\u00ed jsem se dop\u00e1trali, \u017ee jde o Lindu \u0160edou z Citro\u00ebnu,&#8220; dod\u00e1v\u00e1 s nads\u00e1zkou Handl.<\/p>\n<p><strong>Kdo pat\u0159\u00ed do SDA?<\/strong><\/p>\n<p>Dal\u0161\u00edm v\u00e1\u017en\u011bj\u0161\u00edm \u00fakolem byla verifikace platnosti hlasov\u00e1n\u00ed, co se t\u00fd\u010de p\u0159\u00edslu\u0161nosti kandid\u00e1t\u016f k organizac\u00edm sdru\u017een\u00fdm ve Svazu dovozc\u016f automobil\u016f. Poprv\u00e9 se toti\u017e ve startovn\u00edm poli objevily \u010d\u00ednsk\u00e9 zna\u010dky nebo luxusn\u00ed Rolls Royce.<\/p>\n<p>&#8222;Zjistili jsme, \u017ee nap\u0159\u00edklad zna\u010dka Dong Feng spad\u00e1 do ranku SDA, zat\u00edmco Rolls je pouh\u00fdm dealerstv\u00edm. Jeho PR mana\u017eerovi, na\u0161emu b\u00fdval\u00e9mu kolegovi Michalu Kudelovi, jsme ale ud\u011blili divokou kartu a m\u016f\u017ee j\u00edt do s\u010d\u00edt\u00e1n\u00ed. Stejn\u011b tak p\u0159ipou\u0161t\u00edme do sout\u011b\u017ee dal\u0161\u00ed exkluzivn\u00ed zna\u010dky,&#8220; up\u0159esnil Michal Busta.<\/p>\n<p><strong>Vyhl\u00e1\u0161en\u00ed v\u00edt\u011bze: 24. kv\u011btna na parn\u00edku<\/strong><\/p>\n<p>Vyhl\u00e1\u0161en\u00ed mana\u017eer\u016f, kte\u0159\u00ed loni poskytovali nejdostupn\u011bj\u0161\u00ed informa\u010dn\u00ed servis pro jejich redakce, chystaj\u00ed organiz\u00e1to\u0159i na tradi\u010dn\u00ed vltavskou akci p\u0159ipravovanou na 24. kv\u011btna.<\/p>\n<p><strong>Leto\u0161n\u00ed nominace do hlavn\u00ed sout\u011b\u017ee ankety dle abecedy:<\/strong><\/p>\n<p><strong>Dominika Baborsk\u00e1, Suzuki<\/strong><\/p>\n<p><strong>Martina Bedrnov\u00e1, DS<\/strong><\/p>\n<p><strong>Petr Burian, Ford<\/strong><\/p>\n<p><strong>Olga Dittrich, Land Rover<\/strong><\/p>\n<p><strong>David Haidinger, BMW, Mini<\/strong><\/p>\n<p><strong>Martin Hejral, Opel<\/strong><\/p>\n<p><strong>Libor Hlisnikovsk\u00fd, Porsche<\/strong><\/p>\n<p><strong>Tom\u00e1\u0161 Kotera, \u0160koda<\/strong><\/p>\n<p><strong>Mark\u00e9ta Kuklov\u00e1, Mazda<\/strong><\/p>\n<p><strong>Jitka Jechov\u00e1, Toyota<\/strong><\/p>\n<p><strong>Michal Kudela, Rolls Royce<\/strong><\/p>\n<p><strong>David Kopal, Ferrari<\/strong><\/p>\n<p><strong>Tom\u00e1\u0161 Kotera, \u0160koda<\/strong><\/p>\n<p><strong>Pavel J\u00edna, \u0160koda<\/strong><\/p>\n<p><strong>Sylva Marounkov\u00e1, FIAT, Jeep, Alfa<\/strong><\/p>\n<p><strong>Lenka Martinov\u00e1, Citro\u00ebn<\/strong><\/p>\n<p><strong>Radka Matthey, Peugeot<\/strong><\/p>\n<p><strong>David Pavl\u00ed\u010dek, Hyundai<\/strong><\/p>\n<p><strong>Dieter Platzer, Jaguar<\/strong><\/p>\n<p><strong>Ji\u0159\u00ed Rozko\u0161n\u00fd, Audi<\/strong><\/p>\n<p><strong>Jitka Skali\u010dkov\u00e1, Renault, Dacia<\/strong><\/p>\n<p><strong>Linda \u0160ed\u00e1, Citro\u00ebn<\/strong><\/p>\n<p><strong>Martin \u0160lechta, Mercedes<\/strong><\/p>\n<p><strong>Filip Stoulil, SEAT<\/strong><\/p>\n<p><strong>Zden\u011bk \u0160t\u011bp\u00e1nek, \u0160koda<\/strong><\/p>\n<p><strong>David Valenta, VW<\/strong><\/p>\n<p><strong>Kate\u0159ina Va\u0148kov\u00e1 Jougl\u00ed\u010dkov\u00e1, Kia<\/strong><\/p>\n<p><strong>Lenka Va\u0148kov\u00e1, VW U\u017eitkov\u00e9<\/strong><\/p>\n<p><strong>Zden\u011bk Zikmund, Subaru<\/strong><\/p>\n<figure id=\"attachment_13853\" aria-describedby=\"caption-attachment-13853\" style=\"width: 1024px\" class=\"wp-caption alignnone\"><img loading=\"lazy\" decoding=\"async\" class=\"size-large wp-image-13853\" src=\"http:\/\/www.automakersnews.cz\/wp-content\/uploads\/2023\/01\/Auto-roku-2023-Certousy-porota-1024x768.jpg\" alt=\"\" width=\"1024\" height=\"768\" \/><figcaption id=\"caption-attachment-13853\" class=\"wp-caption-text\">Do 24. kv\u011btna bude jasn\u00e9, kdo z PR mana\u017eer\u016f se letos prokou\u0161e do fin\u00e1le ankety<\/figcaption><\/figure>\n<p><strong>Po ov\u011b\u0159en\u00ed hlas\u016f byli verifikov\u00e1ny l\u00edstky t\u011bchto porotc\u016f<\/strong><strong>:<\/strong><\/p>\n<p>Bart\u00e1k Petr<\/p>\n<p>Ber\u00e1nek Karel<\/p>\n<p>Brej\u017eek Bohumil<\/p>\n<p>Busta Michal<\/p>\n<p>Dittrich Luk\u00e1\u0161<\/p>\n<p>Fiala Franti\u0161ek<\/p>\n<p>Handl, Erich<\/p>\n<p>Hanke Petr<\/p>\n<p>Hor\u00e1k Petr<\/p>\n<p>Hyan Tom\u00e1\u0161<\/p>\n<p>Jirou\u0161 Milan<\/p>\n<p>Kol\u00e1r Jakub<\/p>\n<p>Kortus Lud\u011bk<\/p>\n<p>Kostoln\u00edk Petr<\/p>\n<p>Kot\u00e1s Hugo<\/p>\n<p>Krenar Ji\u0159\u00ed<\/p>\n<p>Kvartek Jan<\/p>\n<p>Kv\u00e1\u0161ov\u00e1 Sabina<\/p>\n<p>Majurn\u00edk, Jan<\/p>\n<p>Novotn\u00fd Jan<\/p>\n<p>Pec\u00e1k Radek<\/p>\n<p>Pechr Zby\u0161ek<\/p>\n<p>Rybeck\u00fd Vladimir,<\/p>\n<p>Rychtera, Mario<\/p>\n<p>\u0160idl\u00e1k, Martin<\/p>\n<p>\u0160tajf Ota<\/p>\n<p>\u0160t\u011brba Martin<\/p>\n<p>\u0160t\u011brba Roman<\/p>\n<p>Svoboda Ji\u0159\u00ed<\/p>\n<p>Tom\u00ed\u0161ek Marek<\/p>\n<p>Vavera Jaroslav<\/p>\n<p>Vondr\u00e1\u010dek Pavel<\/p>\n<p>Vysko\u010dil Ale\u0161<\/p>\n<p><strong>Historick\u00e9 ceny z ro\u010dn\u00edku 2019<\/strong><\/p>\n<p><img loading=\"lazy\" decoding=\"async\" class=\"alignnone size-full wp-image-104\" src=\"http:\/\/www.automakersnews.cz\/wp-content\/uploads\/2022\/02\/Ceny-PR-roku-2019-1024x550-1.jpg\" alt=\"\" width=\"1024\" height=\"550\" srcset=\"https:\/\/www.automakersnews.cz\/wp-content\/uploads\/2022\/02\/Ceny-PR-roku-2019-1024x550-1.jpg 1024w, https:\/\/www.automakersnews.cz\/wp-content\/uploads\/2022\/02\/Ceny-PR-roku-2019-1024x550-1-300x161.jpg 300w, https:\/\/www.automakersnews.cz\/wp-content\/uploads\/2022\/02\/Ceny-PR-roku-2019-1024x550-1-768x413.jpg 768w\" sizes=\"auto, (max-width: 1024px) 100vw, 1024px\" \/><\/p>\n<p>&nbsp;<\/p>\n","protected":false},"excerpt":{"rendered":"<div class=\"mh-excerpt\"><p>\u010casopis Automakers letos op\u011bt organizuje, ve spolupr\u00e1ci s novin\u00e1\u0159sk\u00fdmi kluby, anketu o nejlep\u0161\u00ed medi\u00e1ln\u00ed servis v r\u00e1mci SDA v roce 2022. Posledn\u00ed hlasy byly odevzd\u00e1ny <a class=\"mh-excerpt-more\" href=\"https:\/\/www.automakersnews.cz\/index.php\/2023\/05\/15\/anketa-pr-roku-nominovano-29-manazeru\/\" title=\"Anketa PR roku: nominov\u00e1no 29 mana\u017eer\u016f\">[&#8230;]<\/a><\/p>\n<\/div>","protected":false},"author":1,"featured_media":65,"comment_status":"open","ping_status":"open","sticky":false,"template":"","format":"standard","meta":{"footnotes":""},"categories":[7,34],"tags":[],"class_list":["post-46318","post","type-post","status-publish","format-standard","has-post-thumbnail","hentry","category-ankety","category-pr"],"_links":{"self":[{"href":"https:\/\/www.automakersnews.cz\/index.php\/wp-json\/wp\/v2\/posts\/46318","targetHints":{"allow":["GET"]}}],"collection":[{"href":"https:\/\/www.automakersnews.cz\/index.php\/wp-json\/wp\/v2\/posts"}],"about":[{"href":"https:\/\/www.automakersnews.cz\/index.php\/wp-json\/wp\/v2\/types\/post"}],"author":[{"embeddable":true,"href":"https:\/\/www.automakersnews.cz\/index.php\/wp-json\/wp\/v2\/users\/1"}],"replies":[{"embeddable":true,"href":"https:\/\/www.automakersnews.cz\/index.php\/wp-json\/wp\/v2\/comments?post=46318"}],"version-history":[{"count":0,"href":"https:\/\/www.automakersnews.cz\/index.php\/wp-json\/wp\/v2\/posts\/46318\/revisions"}],"wp:featuredmedia":[{"embeddable":true,"href":"https:\/\/www.automakersnews.cz\/index.php\/wp-json\/wp\/v2\/media\/65"}],"wp:attachment":[{"href":"https:\/\/www.automakersnews.cz\/index.php\/wp-json\/wp\/v2\/media?parent=46318"}],"wp:term":[{"taxonomy":"category","embeddable":true,"href":"https:\/\/www.automakersnews.cz\/index.php\/wp-json\/wp\/v2\/categories?post=46318"},{"taxonomy":"post_tag","embeddable":true,"href":"https:\/\/www.automakersnews.cz\/index.php\/wp-json\/wp\/v2\/tags?post=46318"}],"curies":[{"name":"wp","href":"https:\/\/api.w.org\/{rel}","templated":true}]}}