{"id":46568,"date":"2023-05-16T07:28:14","date_gmt":"2023-05-16T07:28:14","guid":{"rendered":"https:\/\/www.automakersnews.cz\/?p=46568"},"modified":"2023-05-16T07:28:14","modified_gmt":"2023-05-16T07:28:14","slug":"skoda-sponzoruje-oslavy-60-let-krnap","status":"publish","type":"post","link":"https:\/\/www.automakersnews.cz\/index.php\/2023\/05\/16\/skoda-sponzoruje-oslavy-60-let-krnap\/","title":{"rendered":"\u0160koda sponzoruje oslavy 60 let KRNAP"},"content":{"rendered":"<p><strong>\u0160koda Auto p\u0159edala Spr\u00e1v\u011b Krkono\u0161sk\u00e9ho n\u00e1rodn\u00edho parku \u010d\u00e1stku 300 000 K\u010d jako dar k chystan\u00fdm oslav\u00e1m 60 let od vzniku tohoto unik\u00e1tn\u00edho chr\u00e1n\u011bn\u00e9ho \u00fazem\u00ed.<\/strong><!--more--><\/p>\n<p>Veden\u00ed parku chyst\u00e1 v nadch\u00e1zej\u00edc\u00edch t\u00fddnech \u0159adu akc\u00ed, kter\u00e9 zah\u00e1j\u00ed v p\u00e1tek 19. kv\u011btna koncert na n\u00e1m\u011bst\u00ed T. G. Masaryka ve Vrchlab\u00ed. Sou\u010d\u00e1st\u00ed letn\u00edho programu je nap\u0159\u00edklad i osm charitativn\u00edch koncert\u016f v kostelech na \u00fazem\u00ed n\u00e1rodn\u00edho parku, kdy v\u00fdt\u011b\u017eek z nich p\u016fjde na obnovu t\u011bchto c\u00edrkevn\u00edch pam\u00e1tek.<\/p>\n<p>\u0160koda Auto rovn\u011b\u017e podpo\u0159ila vznik filmu s tematikou n\u00e1rodn\u00edho parku a ochrany p\u0159\u00edrody. Akce k oslav\u00e1m potrvaj\u00ed a\u017e do \u0159\u00edjna.<\/p>\n<p>Michal Kadera, vedouc\u00ed vn\u011bj\u0161\u00edch vztah\u016f spole\u010dnosti \u0160koda Auto, \u0159\u00edk\u00e1: \u201ePodpora Spr\u00e1vy KRNAP, kter\u00e1 zaji\u0161\u0165uje ochranu p\u0159\u00edrody na \u00fazem\u00ed na\u0161eho nejv\u011bt\u0161\u00edho n\u00e1rodn\u00edho parku a jeho ochrann\u00e9ho p\u00e1sma v bl\u00edzkosti jednoho z na\u0161ich v\u00fdrobn\u00edch z\u00e1vod\u016f, je pro n\u00e1s velmi d\u016fle\u017eit\u00e1. Spr\u00e1va se toti\u017e nestar\u00e1 pouze o ochranu p\u0159\u00edrody, zabezpe\u010duje tak\u00e9 str\u00e1\u017en\u00ed a informa\u010dn\u00ed slu\u017eby a vykon\u00e1v\u00e1 kl\u00ed\u010dovou kulturn\u011b-v\u00fdchovnou \u010dinnost. Pr\u00e1v\u011b p\u00e9\u010de o kulturn\u00ed d\u011bdictv\u00ed je vedle ochrany p\u0159\u00edrody d\u016fle\u017eitou sou\u010d\u00e1st\u00ed spole\u010densk\u00e9 odpov\u011bdnosti automobilky \u0160koda Auto.\u201c<\/p>\n<p>\u201e60 let se na\u0161i p\u0159edch\u016fdci i my sna\u017e\u00edme, aby p\u0159\u00edroda Krkono\u0161 dal\u0161\u00edm generac\u00edm z\u016fstala zachov\u00e1na v co nejlep\u0161\u00edm stavu. Spr\u00e1va KRNAP proto investuje v hor\u00e1ch ohromn\u00e9 finan\u010dn\u00ed prost\u0159edky do infrastruktury, ale tak\u00e9 do environment\u00e1ln\u00edho vzd\u011bl\u00e1v\u00e1n\u00ed, do zachov\u00e1n\u00ed pam\u011bti, do kultury a spole\u010densk\u00e9ho \u017eivota m\u00edstn\u00edho spole\u010denstv\u00ed. M\u00edt za domem n\u00e1rodn\u00ed park se prost\u011b vyplat\u00ed,\u201c \u0159\u00edk\u00e1 \u0159editel Spr\u00e1vy KRNAP Robin B\u00f6hnisch.<\/p>\n<p><strong>Oslavy zah\u00e1j\u00ed 19. kv\u011btna koncerty ve Vrchlab\u00ed<\/strong><\/p>\n<p>Ofici\u00e1ln\u00ed zah\u00e1jen\u00ed oslav 60. v\u00fdro\u010d\u00ed zalo\u017een\u00ed Krkono\u0161sk\u00e9ho n\u00e1rodn\u00edho parku prob\u011bhne 19. kv\u011btna na n\u00e1m\u011bst\u00ed T. G. Masaryka ve Vrchlab\u00ed. Od 16 hodin zde za\u010d\u00edn\u00e1 koncert skupiny Tlupa, vrchlabsk\u00e9ho Big Bandu a popul\u00e1rn\u00ed kapely D\u011bda Ml\u00e1dek Illegal Band. Ve\u010dern\u00ed program uzav\u0159e videomapping prom\u00edtan\u00fd na fas\u00e1du b\u00fdval\u00e9ho augustini\u00e1nsk\u00e9ho kl\u00e1\u0161tera.<br \/>\nHudebn\u00ed vystoupen\u00ed pro charitu Spr\u00e1va Krkono\u0161sk\u00e9ho n\u00e1rodn\u00edho parku p\u0159ichystala k v\u00fdro\u010d\u00ed \u0159adu akc\u00ed pro m\u00edstn\u00ed ob\u010dany, n\u00e1v\u0161t\u011bvn\u00edky regionu i p\u0159\u00edznivce kultury a um\u011bn\u00ed. Hlavn\u00ed n\u00e1pl\u0148 tvo\u0159\u00ed osm koncert\u016f truba\u010d\u016f<\/p>\n","protected":false},"excerpt":{"rendered":"<div class=\"mh-excerpt\"><p>\u0160koda Auto p\u0159edala Spr\u00e1v\u011b Krkono\u0161sk\u00e9ho n\u00e1rodn\u00edho parku \u010d\u00e1stku 300 000 K\u010d jako dar k chystan\u00fdm oslav\u00e1m 60 let od vzniku tohoto unik\u00e1tn\u00edho chr\u00e1n\u011bn\u00e9ho \u00fazem\u00ed.<\/p>\n<\/div>","protected":false},"author":1,"featured_media":46569,"comment_status":"open","ping_status":"open","sticky":false,"template":"","format":"standard","meta":{"footnotes":""},"categories":[60,18],"tags":[],"class_list":["post-46568","post","type-post","status-publish","format-standard","has-post-thumbnail","hentry","category-spolecenska-zodpovednost","category-sponzoring"],"_links":{"self":[{"href":"https:\/\/www.automakersnews.cz\/index.php\/wp-json\/wp\/v2\/posts\/46568","targetHints":{"allow":["GET"]}}],"collection":[{"href":"https:\/\/www.automakersnews.cz\/index.php\/wp-json\/wp\/v2\/posts"}],"about":[{"href":"https:\/\/www.automakersnews.cz\/index.php\/wp-json\/wp\/v2\/types\/post"}],"author":[{"embeddable":true,"href":"https:\/\/www.automakersnews.cz\/index.php\/wp-json\/wp\/v2\/users\/1"}],"replies":[{"embeddable":true,"href":"https:\/\/www.automakersnews.cz\/index.php\/wp-json\/wp\/v2\/comments?post=46568"}],"version-history":[{"count":0,"href":"https:\/\/www.automakersnews.cz\/index.php\/wp-json\/wp\/v2\/posts\/46568\/revisions"}],"wp:featuredmedia":[{"embeddable":true,"href":"https:\/\/www.automakersnews.cz\/index.php\/wp-json\/wp\/v2\/media\/46569"}],"wp:attachment":[{"href":"https:\/\/www.automakersnews.cz\/index.php\/wp-json\/wp\/v2\/media?parent=46568"}],"wp:term":[{"taxonomy":"category","embeddable":true,"href":"https:\/\/www.automakersnews.cz\/index.php\/wp-json\/wp\/v2\/categories?post=46568"},{"taxonomy":"post_tag","embeddable":true,"href":"https:\/\/www.automakersnews.cz\/index.php\/wp-json\/wp\/v2\/tags?post=46568"}],"curies":[{"name":"wp","href":"https:\/\/api.w.org\/{rel}","templated":true}]}}