{"id":46600,"date":"2023-05-16T09:34:01","date_gmt":"2023-05-16T09:34:01","guid":{"rendered":"https:\/\/www.automakersnews.cz\/?p=46600"},"modified":"2023-05-16T10:16:13","modified_gmt":"2023-05-16T10:16:13","slug":"anketa-pr-roku-ve-2-kole-je-11-manazeru","status":"publish","type":"post","link":"https:\/\/www.automakersnews.cz\/index.php\/2023\/05\/16\/anketa-pr-roku-ve-2-kole-je-11-manazeru\/","title":{"rendered":"Anketa PR roku: ve 2. kole je 11 mana\u017eer\u016f"},"content":{"rendered":"<p><strong>Anketa PR roku o nejlep\u0161\u00ed medi\u00e1ln\u00ed servis v r\u00e1mci SDA v roce 2022 jde do druh\u00e9ho kola. Z celkov\u00fdch 29 nominovan\u00fdch mana\u017eer\u016f do n\u011bj postoupila jeden\u00e1ctka borc\u016f, kte\u0159\u00ed dostali dva a v\u00edce hlas\u016f.<br \/>\n<\/strong><span id=\"more-147229\"><\/span><span id=\"more-7322\"><\/span><span id=\"more-39493\"><\/span><span id=\"more-46318\"><\/span><!--more--><\/p>\n<p>Klub motoristick\u00fdch novin\u00e1\u0159\u016f a Klub motoristick\u00fdch publicist\u016f vyhla\u0161uj\u00ed anketu v novodob\u00e9 historii u\u017e posedm\u00e9.<\/p>\n<p>Jejich \u010dlenov\u00e9 mohli d\u00e1vat sv\u00e9 hlasy v\u0161em ofici\u00e1ln\u00edm mluv\u010d\u00edm spole\u010dnost\u00ed sdru\u017een\u00fdch v SDA, kte\u0159\u00ed poskytovali PR servis v pr\u016fb\u011bhu roku 2022.<\/p>\n<p><strong>Vyhl\u00e1\u0161en\u00ed v\u00edt\u011bze: 24. kv\u011btna na parn\u00edku<\/strong><\/p>\n<p>Vyhl\u00e1\u0161en\u00ed mana\u017eer\u016f, kte\u0159\u00ed loni poskytovali nejdostupn\u011bj\u0161\u00ed informa\u010dn\u00ed servis pro jejich redakce, chystaj\u00ed organiz\u00e1to\u0159i na tradi\u010dn\u00ed vltavskou akci p\u0159ipravovanou na 24. kv\u011btna.<\/p>\n<p>&#8212;&#8212;&#8212;&#8212;&#8212;&#8212;&#8212;&#8212;&#8212;&#8212;&#8212;&#8212;&#8212;&#8212;&#8212;&#8212;&#8212;&#8212;&#8212;&#8212;&#8212;&#8212;&#8212;&#8212;&#8211;<\/p>\n<p><strong>Leto\u0161n\u00ed celkov\u00e9 nominace do sout\u011b\u017ee ankety:<\/strong><\/p>\n<p>&#8212;&#8212;&#8212;&#8212;&#8212;&#8212;&#8212;&#8212;&#8212;&#8212;&#8212;&#8212;&#8212;&#8212;&#8212;&#8212;&#8212;&#8212;&#8212;&#8212;&#8212;&#8212;&#8212;&#8212;&#8211;<\/p>\n<p><strong>Dominika Baborsk\u00e1, Suzuki<\/strong><\/p>\n<p><strong>Martina Bedrnov\u00e1, DS<\/strong><\/p>\n<p><strong>Petr Burian, Ford<\/strong><\/p>\n<p><strong>Olga Dittrich, Land Rover<\/strong><\/p>\n<p><strong>David Haidinger, BMW, Mini<\/strong><\/p>\n<p><strong>Martin Hejral, Opel<\/strong><\/p>\n<p><strong>Libor Hlisnikovsk\u00fd, Porsche<\/strong><\/p>\n<p><strong>Mark\u00e9ta Kuklov\u00e1, Mazda<\/strong><\/p>\n<p><strong>Jitka Jechov\u00e1, Toyota<\/strong><\/p>\n<p><strong>Michal Kudela, Rolls Royce<\/strong><\/p>\n<p><strong>David Kopal, Ferrari<\/strong><\/p>\n<p><strong>Tom\u00e1\u0161 Kotera, \u0160koda<\/strong><\/p>\n<p><strong>Pavel J\u00edna, \u0160koda<\/strong><\/p>\n<p><strong>Sylva Marounkov\u00e1, FIAT, Jeep, Alfa<\/strong><\/p>\n<p><strong>Lenka Martinov\u00e1, Citro\u00ebn<\/strong><\/p>\n<p><strong>Radka Matthey, Peugeot<\/strong><\/p>\n<p><strong>David Pavl\u00ed\u010dek, Hyundai<\/strong><\/p>\n<p><strong>Dieter Platzer, Jaguar<\/strong><\/p>\n<p><strong>Ji\u0159\u00ed Rozko\u0161n\u00fd, Audi<\/strong><\/p>\n<p><strong>Jitka Skali\u010dkov\u00e1, Renault, Dacia<\/strong><\/p>\n<p><strong>Linda \u0160ed\u00e1, Citro\u00ebn<\/strong><\/p>\n<p><strong>Martin \u0160lechta, Mercedes<\/strong><\/p>\n<p><strong>Zden\u011bk \u0160t\u011bp\u00e1nek, \u0160koda<\/strong><\/p>\n<p><strong>Filip Stoulil, CUPRA, SEAT<\/strong><\/p>\n<p><strong>David Valenta, VW<\/strong><\/p>\n<p><strong>Kate\u0159ina Va\u0148kov\u00e1 Jougl\u00ed\u010dkov\u00e1, Kia<\/strong><\/p>\n<p><strong>Lenka Va\u0148kov\u00e1, VW U\u017eitkov\u00e9<\/strong><\/p>\n<p><strong>Marek Vodi\u010dka, Mitsubishi, MG<\/strong><\/p>\n<p><strong>Zden\u011bk Zikmund, Subaru<\/strong><\/p>\n<p>&#8212;&#8212;&#8212;&#8212;&#8212;&#8212;&#8212;&#8212;&#8212;&#8212;&#8212;&#8212;&#8212;&#8212;&#8212;&#8212;&#8212;&#8212;&#8212;&#8212;-<\/p>\n<p><strong>DO 2. KOLA POSTOUPILI:\u00a0<\/strong><\/p>\n<p><strong>Martina Bedrnov\u00e1, DS<\/strong><\/p>\n<p><strong>Petr Burian, Ford<\/strong><\/p>\n<p><strong>David Haidinger, BMW, Mini<\/strong><\/p>\n<p><strong>Martin Hejral, Opel<\/strong><\/p>\n<p><strong>Pavel J\u00edna, \u0160koda<\/strong><\/p>\n<p><strong>Mark\u00e9ta Kuklov\u00e1, Mazda<\/strong><\/p>\n<p><strong>Radka Matthey, Peugeot<\/strong><\/p>\n<p><strong>Jitka Skali\u010dkov\u00e1, Renault, Dacia<\/strong><\/p>\n<p><strong>Kate\u0159ina Va\u0148kov\u00e1 Jougl\u00ed\u010dkov\u00e1, Kia<\/strong><\/p>\n<p><strong>Marek Vodi\u010dka, MG, Mitsubishi<\/strong><\/p>\n<p><strong>Zden\u011bk Zikmund, Subaru<\/strong><\/p>\n<p>&#8212;&#8212;&#8212;&#8212;&#8212;&#8212;&#8212;&#8212;&#8212;&#8212;&#8212;&#8212;&#8212;&#8212;&#8212;&#8212;&#8212;&#8212;&#8212;&#8212;<\/p>\n<figure id=\"attachment_7351\" aria-describedby=\"caption-attachment-7351\" style=\"width: 1000px\" class=\"wp-caption alignnone\"><img loading=\"lazy\" decoding=\"async\" class=\"size-full wp-image-7351\" src=\"http:\/\/www.automakersnews.cz\/wp-content\/uploads\/2022\/12\/Anketa-PR-roku-2016-ceny.jpg\" alt=\"\" width=\"1000\" height=\"653\" srcset=\"https:\/\/www.automakersnews.cz\/wp-content\/uploads\/2022\/12\/Anketa-PR-roku-2016-ceny.jpg 1000w, https:\/\/www.automakersnews.cz\/wp-content\/uploads\/2022\/12\/Anketa-PR-roku-2016-ceny-300x196.jpg 300w, https:\/\/www.automakersnews.cz\/wp-content\/uploads\/2022\/12\/Anketa-PR-roku-2016-ceny-768x502.jpg 768w\" sizes=\"auto, (max-width: 1000px) 100vw, 1000px\" \/><figcaption id=\"caption-attachment-7351\" class=\"wp-caption-text\">Historicky prvn\u00ed sada cen z roku 2016, sout\u011b\u017e vyhr\u00e1la Kate\u0159ina Va\u0148kov\u00e1 Jougl\u00ed\u010dkov\u00e1 (Kia). Letos jde op\u011bt tato favoritka do dal\u0161\u00edho kola!<\/figcaption><\/figure>\n<p><strong>Po ov\u011b\u0159en\u00ed hlas\u016f byli verifikov\u00e1ny l\u00edstky t\u011bchto porotc\u016f<\/strong><strong>:<\/strong><\/p>\n<p>Bart\u00e1k Petr<\/p>\n<p>Ber\u00e1nek Karel<\/p>\n<p>Brej\u017eek Bohumil<\/p>\n<p>Busta Michal<\/p>\n<p>Dittrich Luk\u00e1\u0161<\/p>\n<p>Fiala Franti\u0161ek<\/p>\n<p>Handl, Erich<\/p>\n<p>Hanke Petr<\/p>\n<p>Hor\u00e1k Petr<\/p>\n<p>Hyan Tom\u00e1\u0161<\/p>\n<p>Jirou\u0161 Milan<\/p>\n<p>Kol\u00e1r Jakub<\/p>\n<p>Kortus Lud\u011bk<\/p>\n<p>Kostoln\u00edk Petr<\/p>\n<p>Kot\u00e1s Hugo<\/p>\n<p>Krenar Ji\u0159\u00ed<\/p>\n<p>Kvartek Jan<\/p>\n<p>Kv\u00e1\u0161ov\u00e1 Sabina<\/p>\n<p>Majurn\u00edk, Jan<\/p>\n<p>Novotn\u00fd Jan<\/p>\n<p>Pec\u00e1k Radek<\/p>\n<p>Pechr Zby\u0161ek<\/p>\n<p>Rybeck\u00fd Vladimir,<\/p>\n<p>Rychtera, Mario<\/p>\n<p>\u0160idl\u00e1k, Martin<\/p>\n<p>\u0160tajf Ota<\/p>\n<p>\u0160t\u011brba Martin<\/p>\n<p>\u0160t\u011brba Roman<\/p>\n<p>Svoboda Ji\u0159\u00ed<\/p>\n<p>Tom\u00ed\u0161ek Marek<\/p>\n<p>Vavera Jaroslav<\/p>\n<p>Vondr\u00e1\u010dek Pavel<\/p>\n<p>Vysko\u010dil Ale\u0161<\/p>\n<figure id=\"attachment_38775\" aria-describedby=\"caption-attachment-38775\" style=\"width: 1024px\" class=\"wp-caption alignnone\"><img loading=\"lazy\" decoding=\"async\" class=\"size-large wp-image-38775\" src=\"http:\/\/www.automakersnews.cz\/wp-content\/uploads\/2023\/04\/New-York-Hyan-Camaro-1024x768.jpg\" alt=\"\" width=\"1024\" height=\"768\" srcset=\"https:\/\/www.automakersnews.cz\/wp-content\/uploads\/2023\/04\/New-York-Hyan-Camaro-1024x768.jpg 1024w, https:\/\/www.automakersnews.cz\/wp-content\/uploads\/2023\/04\/New-York-Hyan-Camaro-300x225.jpg 300w, https:\/\/www.automakersnews.cz\/wp-content\/uploads\/2023\/04\/New-York-Hyan-Camaro-768x576.jpg 768w, https:\/\/www.automakersnews.cz\/wp-content\/uploads\/2023\/04\/New-York-Hyan-Camaro-1536x1152.jpg 1536w, https:\/\/www.automakersnews.cz\/wp-content\/uploads\/2023\/04\/New-York-Hyan-Camaro-678x509.jpg 678w, https:\/\/www.automakersnews.cz\/wp-content\/uploads\/2023\/04\/New-York-Hyan-Camaro-326x245.jpg 326w, https:\/\/www.automakersnews.cz\/wp-content\/uploads\/2023\/04\/New-York-Hyan-Camaro-80x60.jpg 80w, https:\/\/www.automakersnews.cz\/wp-content\/uploads\/2023\/04\/New-York-Hyan-Camaro.jpg 2048w\" sizes=\"auto, (max-width: 1024px) 100vw, 1024px\" \/><figcaption id=\"caption-attachment-38775\" class=\"wp-caption-text\">Na v\u00fdsledky ankety se t\u011b\u0161\u00ed i p\u0159edseda poroty Auto roku 2023\u00a0 v \u010cR Tom\u00e1\u0161 Hyan<\/figcaption><\/figure>\n","protected":false},"excerpt":{"rendered":"<div class=\"mh-excerpt\"><p>Anketa PR roku o nejlep\u0161\u00ed medi\u00e1ln\u00ed servis v r\u00e1mci SDA v roce 2022 jde do druh\u00e9ho kola. Z celkov\u00fdch 29 nominovan\u00fdch mana\u017eer\u016f do n\u011bj postoupila <a class=\"mh-excerpt-more\" href=\"https:\/\/www.automakersnews.cz\/index.php\/2023\/05\/16\/anketa-pr-roku-ve-2-kole-je-11-manazeru\/\" title=\"Anketa PR roku: ve 2. kole je 11 mana\u017eer\u016f\">[&#8230;]<\/a><\/p>\n<\/div>","protected":false},"author":1,"featured_media":13853,"comment_status":"open","ping_status":"open","sticky":false,"template":"","format":"standard","meta":{"footnotes":""},"categories":[2],"tags":[],"class_list":["post-46600","post","type-post","status-publish","format-standard","has-post-thumbnail","hentry","category-news"],"_links":{"self":[{"href":"https:\/\/www.automakersnews.cz\/index.php\/wp-json\/wp\/v2\/posts\/46600","targetHints":{"allow":["GET"]}}],"collection":[{"href":"https:\/\/www.automakersnews.cz\/index.php\/wp-json\/wp\/v2\/posts"}],"about":[{"href":"https:\/\/www.automakersnews.cz\/index.php\/wp-json\/wp\/v2\/types\/post"}],"author":[{"embeddable":true,"href":"https:\/\/www.automakersnews.cz\/index.php\/wp-json\/wp\/v2\/users\/1"}],"replies":[{"embeddable":true,"href":"https:\/\/www.automakersnews.cz\/index.php\/wp-json\/wp\/v2\/comments?post=46600"}],"version-history":[{"count":0,"href":"https:\/\/www.automakersnews.cz\/index.php\/wp-json\/wp\/v2\/posts\/46600\/revisions"}],"wp:featuredmedia":[{"embeddable":true,"href":"https:\/\/www.automakersnews.cz\/index.php\/wp-json\/wp\/v2\/media\/13853"}],"wp:attachment":[{"href":"https:\/\/www.automakersnews.cz\/index.php\/wp-json\/wp\/v2\/media?parent=46600"}],"wp:term":[{"taxonomy":"category","embeddable":true,"href":"https:\/\/www.automakersnews.cz\/index.php\/wp-json\/wp\/v2\/categories?post=46600"},{"taxonomy":"post_tag","embeddable":true,"href":"https:\/\/www.automakersnews.cz\/index.php\/wp-json\/wp\/v2\/tags?post=46600"}],"curies":[{"name":"wp","href":"https:\/\/api.w.org\/{rel}","templated":true}]}}