{"id":46867,"date":"2023-05-17T07:49:22","date_gmt":"2023-05-17T07:49:22","guid":{"rendered":"https:\/\/www.automakersnews.cz\/?p=46867"},"modified":"2023-05-17T09:36:58","modified_gmt":"2023-05-17T09:36:58","slug":"coca-cola-nasazuje-elektromobil-id-buzz-cargo","status":"publish","type":"post","link":"https:\/\/www.automakersnews.cz\/index.php\/2023\/05\/17\/coca-cola-nasazuje-elektromobil-id-buzz-cargo\/","title":{"rendered":"Coca-Cola nasad\u00ed elektrick\u00fd ID. Buzz Cargo"},"content":{"rendered":"<p class=\"xmprfx_MsoNormal\"><b>Volkswagen U\u017eitkov\u00e9 vozy dodal Coca-Cole HBC elektricky poh\u00e1n\u011bn\u00fd servisn\u00ed v\u016fz ID. Buzz Cargo. Elektromobil absolvuje ve slu\u017eb\u00e1ch servisn\u00edho odd\u011blen\u00ed spole\u010dnosti nejprve p\u016flro\u010dn\u00ed zku\u0161ebn\u00ed provoz na \u010desk\u00fdch i slovensk\u00fdch silnic\u00edch.<\/b><!--more--><\/p>\n<p class=\"xmprfx_MsoNormal\"><b>\u00a0<\/b>\u201eM\u00e1m velkou radost, \u017ee si mezin\u00e1rodn\u00ed lehk\u00fd u\u017eitkov\u00fd v\u016fz roku 2023 z\u00edsk\u00e1v\u00e1 st\u00e1le v\u011bt\u0161\u00ed oblibu tak\u00e9 v \u010desk\u00fdch firemn\u00edch flotil\u00e1ch,\u201c \u0159\u00edk\u00e1 Mirka Cimrov\u00e1, vedouc\u00ed divize Volkswagen U\u017eitkov\u00e9 vozy spole\u010dnosti Porsche \u010cesk\u00e1 republika. \u201eNov\u00fd ID. Buzz Cargo nyn\u00ed sv\u00fdmi v\u0161estrann\u00fdmi vlastnostmi p\u0159esv\u011bd\u010dil \u010desk\u00e9 zastoupen\u00ed spole\u010dnosti Coca-Cola HBC, jemu\u017e pom\u016f\u017ee sni\u017eovat emise CO<sup>2<\/sup>\u00a0v r\u00e1mci servisu technick\u00fdch za\u0159\u00edzen\u00ed u obchodn\u00edch partner\u016f u n\u00e1s i na Slovensku.\u201c<\/p>\n<p class=\"xmprfx_MsoNormal\">ID. Buzz Cargo v barv\u00e1ch firmy Coca-Cola je vybaven servisn\u00ed vestavbou, proto\u017ee bude zaji\u0161\u0165ovat mobilitu a z\u00e1zem\u00ed technik\u016fm spole\u010dnosti Coca-Cola HBC, kte\u0159\u00ed se staraj\u00ed o v\u00edce ne\u017e 60 000 ledni\u010dek, v\u00fddejn\u00edch automat\u016f, post mix\u016f a k\u00e1vovar\u016f po cel\u00e9m \u010cesku a Slovensku.<\/p>\n<p><img loading=\"lazy\" decoding=\"async\" class=\"alignnone size-large wp-image-46870\" src=\"http:\/\/www.automakersnews.cz\/wp-content\/uploads\/2023\/05\/VW-Buzz-Cargo-Cola-1024x683.jpg\" alt=\"\" width=\"1024\" height=\"683\" \/><\/p>\n<p class=\"xmprfx_MsoNormal\">\u201eV souladu s na\u0161\u00ed strategi\u00ed a z\u00e1vazkem sni\u017eovat emise CO2 pokra\u010dujeme v roz\u0161i\u0159ov\u00e1n\u00ed na\u0161eho vozov\u00e9ho parku, kter\u00fd jsme doplnili o dal\u0161\u00ed pln\u011b elektrick\u00e9 vozidlo \u2013 stylov\u00fd Volkswagen ID. Buzz Cargo,\u201c \u0159\u00edk\u00e1 Milan Svejkovsk\u00fd, mana\u017eer logistiky ve spole\u010dnosti Coca-Cola HBC \u010cR a SR. \u201eAktu\u00e1ln\u00ed testov\u00e1n\u00ed tohoto lehk\u00e9ho u\u017eitkov\u00e9ho elektromobilu je pro n\u00e1s dal\u0161\u00edm logick\u00fdm krokem na na\u0161\u00ed cest\u011b k \u201azelen\u00e9mu\u2018 vozov\u00e9mu parku. Nov\u00fd ID. Buzz Cargo budeme testovat ve v\u00edce regionech a po p\u016fl roce si vyhodnot\u00edme jeho celkov\u00fd p\u0159\u00ednos a vyu\u017eitelnost pro na\u0161e pot\u0159eby.\u201c<\/p>\n<p><img loading=\"lazy\" decoding=\"async\" class=\"alignnone size-large wp-image-46869\" src=\"http:\/\/www.automakersnews.cz\/wp-content\/uploads\/2023\/05\/VW-buzz-Cargo-Coca-Cola-scaled-e1684309717942-683x1024.jpg\" alt=\"\" width=\"683\" height=\"1024\" srcset=\"https:\/\/www.automakersnews.cz\/wp-content\/uploads\/2023\/05\/VW-buzz-Cargo-Coca-Cola-scaled-e1684309717942-683x1024.jpg 683w, https:\/\/www.automakersnews.cz\/wp-content\/uploads\/2023\/05\/VW-buzz-Cargo-Coca-Cola-scaled-e1684309717942-200x300.jpg 200w, https:\/\/www.automakersnews.cz\/wp-content\/uploads\/2023\/05\/VW-buzz-Cargo-Coca-Cola-scaled-e1684309717942.jpg 707w\" sizes=\"auto, (max-width: 683px) 100vw, 683px\" \/><\/p>\n","protected":false},"excerpt":{"rendered":"<div class=\"mh-excerpt\"><p>Volkswagen U\u017eitkov\u00e9 vozy dodal Coca-Cole HBC elektricky poh\u00e1n\u011bn\u00fd servisn\u00ed v\u016fz ID. Buzz Cargo. Elektromobil absolvuje ve slu\u017eb\u00e1ch servisn\u00edho odd\u011blen\u00ed spole\u010dnosti nejprve p\u016flro\u010dn\u00ed zku\u0161ebn\u00ed provoz na <a class=\"mh-excerpt-more\" href=\"https:\/\/www.automakersnews.cz\/index.php\/2023\/05\/17\/coca-cola-nasazuje-elektromobil-id-buzz-cargo\/\" title=\"Coca-Cola nasad\u00ed elektrick\u00fd ID. Buzz Cargo\">[&#8230;]<\/a><\/p>\n<\/div>","protected":false},"author":1,"featured_media":46868,"comment_status":"open","ping_status":"open","sticky":false,"template":"","format":"standard","meta":{"footnotes":""},"categories":[22,25],"tags":[],"class_list":["post-46867","post","type-post","status-publish","format-standard","has-post-thumbnail","hentry","category-elektromobily","category-fleety"],"_links":{"self":[{"href":"https:\/\/www.automakersnews.cz\/index.php\/wp-json\/wp\/v2\/posts\/46867","targetHints":{"allow":["GET"]}}],"collection":[{"href":"https:\/\/www.automakersnews.cz\/index.php\/wp-json\/wp\/v2\/posts"}],"about":[{"href":"https:\/\/www.automakersnews.cz\/index.php\/wp-json\/wp\/v2\/types\/post"}],"author":[{"embeddable":true,"href":"https:\/\/www.automakersnews.cz\/index.php\/wp-json\/wp\/v2\/users\/1"}],"replies":[{"embeddable":true,"href":"https:\/\/www.automakersnews.cz\/index.php\/wp-json\/wp\/v2\/comments?post=46867"}],"version-history":[{"count":0,"href":"https:\/\/www.automakersnews.cz\/index.php\/wp-json\/wp\/v2\/posts\/46867\/revisions"}],"wp:featuredmedia":[{"embeddable":true,"href":"https:\/\/www.automakersnews.cz\/index.php\/wp-json\/wp\/v2\/media\/46868"}],"wp:attachment":[{"href":"https:\/\/www.automakersnews.cz\/index.php\/wp-json\/wp\/v2\/media?parent=46867"}],"wp:term":[{"taxonomy":"category","embeddable":true,"href":"https:\/\/www.automakersnews.cz\/index.php\/wp-json\/wp\/v2\/categories?post=46867"},{"taxonomy":"post_tag","embeddable":true,"href":"https:\/\/www.automakersnews.cz\/index.php\/wp-json\/wp\/v2\/tags?post=46867"}],"curies":[{"name":"wp","href":"https:\/\/api.w.org\/{rel}","templated":true}]}}