{"id":46875,"date":"2023-05-17T08:02:29","date_gmt":"2023-05-17T08:02:29","guid":{"rendered":"https:\/\/www.automakersnews.cz\/?p=46875"},"modified":"2023-05-17T08:02:29","modified_gmt":"2023-05-17T08:02:29","slug":"marketing-lamborghini-s-novym-sefem","status":"publish","type":"post","link":"https:\/\/www.automakersnews.cz\/index.php\/2023\/05\/17\/marketing-lamborghini-s-novym-sefem\/","title":{"rendered":"Marketing Lamborghini s nov\u00fdm \u0161\u00e9fem"},"content":{"rendered":"<p lang=\"cs-CZ\"><strong><span style=\"font-family: Interstate Light, serif;\">Automobili Lamborghini provedla organiza\u010dn\u00ed zm\u011bnu v odd\u011blen\u00ed prodeje a marketingu. \u0158editelem pro oblast st\u0159edn\u00ed, v\u00fdchodn\u00ed Evropy, Spole\u010denstv\u00ed Nez\u00e1visl\u00fdch st\u00e1t\u016f a Pobalt\u00ed byl jmenov\u00e1n Jakob Graf. P\u0159ed n\u00e1stupem do Automobili Lamborghini zast\u00e1val n\u011bkolik relevantn\u00edch pozic ve spole\u010dnostech Audi AG a Bentley.<\/span><\/strong><!--more--><\/p>\n<p lang=\"cs-CZ\" align=\"JUSTIFY\"><span style=\"font-family: Interstate Light, serif;\">Jakob Graf se narodil v roce 1986 v n\u011bmeck\u00e9m Mnichov\u011b. S magistersk\u00fdm titulem v oboru mezin\u00e1rodn\u00ed obchod a marketing zah\u00e1jil svou kari\u00e9ru v automobilov\u00e9m pr\u016fmyslu ve spole\u010dnosti Bentley v roce 2014 v oblasti prodeje a marketingu. <\/span><\/p>\n<p lang=\"cs-CZ\" align=\"JUSTIFY\"><span style=\"font-family: Interstate Light, serif;\">Od roku 2015 Jakob Graf figuruje na postu mana\u017eera ojet\u00fdch voz\u016f pro evropsk\u00fd trh, pot\u00e9 z\u00edskal v\u011bt\u0161\u00ed odpov\u011bdnost jako Area Sales Manager pro st\u0159edn\u00ed Evropu, pokr\u00fdvaj\u00edc\u00ed trhy Rakouska, \u0160v\u00fdcarska a It\u00e1lie. V roce 2018 Graf p\u0159evzal funkci Area Sales Manager v N\u011bmecku. N\u00e1sledn\u011b se p\u0159est\u011bhoval do Japonska, kde jako gener\u00e1ln\u00ed \u0159editel pl\u00e1nov\u00e1n\u00ed a distribuce pro Audi Japan. Pot\u00e9 nastoupil do firmy Automobili Lamborghini. <\/span><\/p>\n<p lang=\"cs-CZ\" align=\"JUSTIFY\"><span style=\"font-family: Interstate Light, serif;\">Jakob Graf, kter\u00fd ve sv\u00e9 nov\u00e9 roli nahrad\u00ed Felixe Rongena, bude pln\u011b zodpov\u011bdn\u00fd za dal\u0161\u00ed r\u016fst prodeje Lamborghini ve v\u00fd\u0161e uveden\u00fdch regionech a z\u00e1rove\u0148 bude dohl\u00ed\u017eet na marketing, prodej a poprodejn\u00ed aktivity v rozmanit\u00e9 obchodn\u00ed oblasti.<\/span><\/p>\n<p align=\"JUSTIFY\">\u201e<span style=\"font-family: Interstate Light, serif;\"><span lang=\"cs-CZ\"><i>V regionu EMEA (Evropa, St\u0159edn\u00ed v\u00fdchod a Afrika) je pro n\u00e1s st\u0159edn\u00ed Evropa siln\u00fdm a strategick\u00fdm trhem,\u201c <\/i><\/span><\/span><span style=\"font-family: Interstate Light, serif;\"><span lang=\"cs-CZ\">komentuje Francesco Cresci, \u0159editel pro region EMEA. \u201e<\/span><\/span><span style=\"font-family: Interstate Light, serif;\"><span lang=\"cs-CZ\"><i>V\u00fdchodn\u00ed Evropa, SNS a Pobalt\u00ed neust\u00e1le zvy\u0161uj\u00ed sv\u016fj v\u00fdznam a p\u0159\u00edtomnost v r\u00e1mci na\u0161eho podnik\u00e1n\u00ed. P\u0159eji Jakobovi v\u0161e nejlep\u0161\u00ed v jeho nov\u00e9 roli a jej\u00edch v\u00fdzv\u00e1ch v tomto dynamick\u00e9m regionu.\u201c<\/i><\/span><\/span><\/p>\n<p lang=\"cs-CZ\" align=\"JUSTIFY\"><span style=\"font-family: Interstate Light, serif;\">Automobili Lamborghini dnes \u010d\u00edt\u00e1 180 prodejc\u016f po cel\u00e9m sv\u011bt\u011b, z nich\u017e 78 je v regionu EMEA.<\/span><\/p>\n<p lang=\"cs-CZ\" align=\"JUSTIFY\"><img loading=\"lazy\" decoding=\"async\" class=\"alignnone size-large wp-image-46905\" src=\"http:\/\/www.automakersnews.cz\/wp-content\/uploads\/2023\/05\/Jakob-Graf-2_lo-scaled-e1684310522652-683x1024.jpg\" alt=\"\" width=\"683\" height=\"1024\" srcset=\"https:\/\/www.automakersnews.cz\/wp-content\/uploads\/2023\/05\/Jakob-Graf-2_lo-scaled-e1684310522652-683x1024.jpg 683w, https:\/\/www.automakersnews.cz\/wp-content\/uploads\/2023\/05\/Jakob-Graf-2_lo-scaled-e1684310522652-200x300.jpg 200w, https:\/\/www.automakersnews.cz\/wp-content\/uploads\/2023\/05\/Jakob-Graf-2_lo-scaled-e1684310522652.jpg 707w\" sizes=\"auto, (max-width: 683px) 100vw, 683px\" \/><\/p>\n","protected":false},"excerpt":{"rendered":"<div class=\"mh-excerpt\"><p>Automobili Lamborghini provedla organiza\u010dn\u00ed zm\u011bnu v odd\u011blen\u00ed prodeje a marketingu. \u0158editelem pro oblast st\u0159edn\u00ed, v\u00fdchodn\u00ed Evropy, Spole\u010denstv\u00ed Nez\u00e1visl\u00fdch st\u00e1t\u016f a Pobalt\u00ed byl jmenov\u00e1n Jakob Graf. <a class=\"mh-excerpt-more\" href=\"https:\/\/www.automakersnews.cz\/index.php\/2023\/05\/17\/marketing-lamborghini-s-novym-sefem\/\" title=\"Marketing Lamborghini s nov\u00fdm \u0161\u00e9fem\">[&#8230;]<\/a><\/p>\n<\/div>","protected":false},"author":1,"featured_media":46904,"comment_status":"open","ping_status":"open","sticky":false,"template":"","format":"standard","meta":{"footnotes":""},"categories":[30,3],"tags":[],"class_list":["post-46875","post","type-post","status-publish","format-standard","has-post-thumbnail","hentry","category-marketing","category-personalie"],"_links":{"self":[{"href":"https:\/\/www.automakersnews.cz\/index.php\/wp-json\/wp\/v2\/posts\/46875","targetHints":{"allow":["GET"]}}],"collection":[{"href":"https:\/\/www.automakersnews.cz\/index.php\/wp-json\/wp\/v2\/posts"}],"about":[{"href":"https:\/\/www.automakersnews.cz\/index.php\/wp-json\/wp\/v2\/types\/post"}],"author":[{"embeddable":true,"href":"https:\/\/www.automakersnews.cz\/index.php\/wp-json\/wp\/v2\/users\/1"}],"replies":[{"embeddable":true,"href":"https:\/\/www.automakersnews.cz\/index.php\/wp-json\/wp\/v2\/comments?post=46875"}],"version-history":[{"count":0,"href":"https:\/\/www.automakersnews.cz\/index.php\/wp-json\/wp\/v2\/posts\/46875\/revisions"}],"wp:featuredmedia":[{"embeddable":true,"href":"https:\/\/www.automakersnews.cz\/index.php\/wp-json\/wp\/v2\/media\/46904"}],"wp:attachment":[{"href":"https:\/\/www.automakersnews.cz\/index.php\/wp-json\/wp\/v2\/media?parent=46875"}],"wp:term":[{"taxonomy":"category","embeddable":true,"href":"https:\/\/www.automakersnews.cz\/index.php\/wp-json\/wp\/v2\/categories?post=46875"},{"taxonomy":"post_tag","embeddable":true,"href":"https:\/\/www.automakersnews.cz\/index.php\/wp-json\/wp\/v2\/tags?post=46875"}],"curies":[{"name":"wp","href":"https:\/\/api.w.org\/{rel}","templated":true}]}}