{"id":46908,"date":"2023-05-17T09:06:58","date_gmt":"2023-05-17T09:06:58","guid":{"rendered":"https:\/\/www.automakersnews.cz\/?p=46908"},"modified":"2023-05-17T09:50:11","modified_gmt":"2023-05-17T09:50:11","slug":"m-motors-uvadi-na-trh-cinske-mg-4-electric","status":"publish","type":"post","link":"https:\/\/www.automakersnews.cz\/index.php\/2023\/05\/17\/m-motors-uvadi-na-trh-cinske-mg-4-electric\/","title":{"rendered":"M Motors uv\u00e1d\u00ed na trh \u010d\u00ednsk\u00e9 MG 4 Electric"},"content":{"rendered":"<p><strong>Spojka Karl\u00edn hostila 16. kv\u011btna n\u00e1rodn\u00ed premi\u00e9ru nov\u00e9ho elektromobilu v nab\u00eddce M Motors, import\u00e9ra zna\u010dek Mitsubishi a MG. \u0160\u00e9f importu Kamil \u0160ilhav\u00fd uvedl na trh MG 4 Electric. O<\/strong><strong>bchodn\u00ed strategii nast\u00ednil Vladim\u00edr Hejna a techniku elektromobilu oblast p\u0159ibl\u00ed\u017eil jako obvykle Robin Babick\u00fd.<\/strong><span id=\"more-14368\"><\/span><!--more--><\/p>\n<p><strong>MG loni registrovala 410 kus\u016f<\/strong><\/p>\n<p>Pod britskou zna\u010dkou MG se v kv\u011btnu objevily automobily vyr\u00e1b\u011bn\u00e9 v \u010c\u00edn\u011b.V Evrop\u011b u\u017e se jich prodalo za posledn\u00ed m\u011bs\u00edce 44 000 kus\u016f a po\u010det tak p\u0159edstihl zna\u010dky Suzuki nebo Jeep.<\/p>\n<p>O dovoz z \u010c\u00edny do \u010ceska se v minulosti ne\u00fasp\u011b\u0161n\u011b pokou\u0161elo u\u017e n\u011bkolik import\u00e9r\u016f, ale teprve spole\u010dnosti M Motors se to loni skute\u010dn\u011b poda\u0159ilo. P\u0159ech\u00e1zely tomu nezbytn\u00e9 p\u0159\u00edpravy, budov\u00e1n\u00ed prodejn\u00ed a servisn\u00ed s\u00edt\u011b, a v\u00fdsledkem bylo prvn\u00edch 410 loni registrovan\u00fdch kus\u016f, z toho 17 ve verzi Plug-in.<\/p>\n<p><img loading=\"lazy\" decoding=\"async\" class=\"alignnone size-large wp-image-46942\" src=\"http:\/\/www.automakersnews.cz\/wp-content\/uploads\/2023\/05\/MG-4-vybavy-1024x768.jpg\" alt=\"\" width=\"1024\" height=\"768\" srcset=\"https:\/\/www.automakersnews.cz\/wp-content\/uploads\/2023\/05\/MG-4-vybavy-1024x768.jpg 1024w, https:\/\/www.automakersnews.cz\/wp-content\/uploads\/2023\/05\/MG-4-vybavy-300x225.jpg 300w, https:\/\/www.automakersnews.cz\/wp-content\/uploads\/2023\/05\/MG-4-vybavy-768x576.jpg 768w, https:\/\/www.automakersnews.cz\/wp-content\/uploads\/2023\/05\/MG-4-vybavy-1536x1152.jpg 1536w, https:\/\/www.automakersnews.cz\/wp-content\/uploads\/2023\/05\/MG-4-vybavy-678x509.jpg 678w, https:\/\/www.automakersnews.cz\/wp-content\/uploads\/2023\/05\/MG-4-vybavy-326x245.jpg 326w, https:\/\/www.automakersnews.cz\/wp-content\/uploads\/2023\/05\/MG-4-vybavy-80x60.jpg 80w, https:\/\/www.automakersnews.cz\/wp-content\/uploads\/2023\/05\/MG-4-vybavy.jpg 2040w\" sizes=\"auto, (max-width: 1024px) 100vw, 1024px\" \/><\/p>\n<p><strong>\u0160ilhav\u00fd prodal u\u017e 1500 kus\u016f, nov\u00ed deale\u0159i pro MG<\/strong><\/p>\n<p>Import\u00e9r, kter\u00fd u\u017e do leto\u0161n\u00edho kv\u011btna podle vlastn\u00ed statistiky um\u00edstil na \u010desk\u00fd a slovensk\u00fd trhu celkov\u011b 1500 aut MG, po\u010d\u00edt\u00e1, \u017ee by v leto\u0161n\u00edm roce mohl v \u010cR prodat p\u0159es dva tis\u00edce \u010d\u00ednsk\u00fdch vozidel. K tomu chce p\u0159ihodit 1000 kus\u016f na Slovensku.<\/p>\n<p><img loading=\"lazy\" decoding=\"async\" class=\"alignnone size-large wp-image-46949\" src=\"http:\/\/www.automakersnews.cz\/wp-content\/uploads\/2023\/05\/MG-1500-kusu-1024x768.jpg\" alt=\"\" width=\"1024\" height=\"768\" srcset=\"https:\/\/www.automakersnews.cz\/wp-content\/uploads\/2023\/05\/MG-1500-kusu-1024x768.jpg 1024w, https:\/\/www.automakersnews.cz\/wp-content\/uploads\/2023\/05\/MG-1500-kusu-300x225.jpg 300w, https:\/\/www.automakersnews.cz\/wp-content\/uploads\/2023\/05\/MG-1500-kusu-768x576.jpg 768w, https:\/\/www.automakersnews.cz\/wp-content\/uploads\/2023\/05\/MG-1500-kusu-1536x1152.jpg 1536w, https:\/\/www.automakersnews.cz\/wp-content\/uploads\/2023\/05\/MG-1500-kusu-678x509.jpg 678w, https:\/\/www.automakersnews.cz\/wp-content\/uploads\/2023\/05\/MG-1500-kusu-326x245.jpg 326w, https:\/\/www.automakersnews.cz\/wp-content\/uploads\/2023\/05\/MG-1500-kusu-80x60.jpg 80w, https:\/\/www.automakersnews.cz\/wp-content\/uploads\/2023\/05\/MG-1500-kusu.jpg 2048w\" sizes=\"auto, (max-width: 1024px) 100vw, 1024px\" \/><\/p>\n<p>Zam\u011b\u0159\u00ed se tak\u00e9 na firemn\u00ed klientelu, kde o\u010dek\u00e1v\u00e1 solidn\u00ed prodejn\u00ed potenci\u00e1l. \u010c\u00ednsk\u00e1 zna\u010dka, kterou do Evropy dov\u00e1\u017e\u00ed koncern SAIC p\u0159es p\u0159\u00edstav Koper, by se tak mohla v \u010cesku vy\u0161plhat na dvouprocentn\u00ed tr\u017en\u00ed pod\u00edl.<\/p>\n<p>U\u017e loni m\u011bla zna\u010dka MG k dispozici celkem 19 prodejn\u00edch m\u00edst (hlavn\u011b deale\u0159i Mitsubishi) a letos chce p\u0159idat dal\u0161\u00ed. &#8222;Pr\u00e1v\u011b tuto st\u0159edu uzav\u00edr\u00e1me smlouvu se dv\u011bma partnery a dal\u0161\u00ed t\u00fdden s dal\u0161\u00edmi dv\u011bma,&#8220; uvedl na tiskovce Kamil \u0160ilhav\u00fd.<\/p>\n<p><img loading=\"lazy\" decoding=\"async\" class=\"alignnone size-large wp-image-46941\" src=\"http:\/\/www.automakersnews.cz\/wp-content\/uploads\/2023\/05\/MG-4-Vodicka-Karlin-1024x768.jpg\" alt=\"\" width=\"1024\" height=\"768\" \/><\/p>\n<p><strong>MG 4 Eklectric pro ka\u017ed\u00e9ho dealera<\/strong><\/p>\n<p>S elektromobilem MG 4 maj\u00ed mana\u017ee\u0159i importu velk\u00e9 pl\u00e1ny. &#8222;Ka\u017ed\u00fd n\u00e1\u0161 dealer obdr\u017e\u00ed jeden p\u0159edv\u00e1d\u011bc\u00ed v\u016fz, sotva jsme rozjeli reklamn\u00ed kampa\u0148, u\u017e m\u00e1me stovku objedn\u00e1vek na testovac\u00ed j\u00edzdy. Na trhu vid\u00edme pro relativn\u011b levn\u00e9 elektrick\u00e9 auto velk\u00fd potenci\u00e1l,&#8220; p\u0159ipomn\u011bl \u0161\u00e9f marketingu zna\u010dky Marek Vodi\u010dka.<\/p>\n<p>V\u016fz je k m\u00e1n\u00ed se dv\u011bma v\u00fdkonov\u00fdmi variantami, kter\u00e9 se li\u0161\u00ed dojezdem a ve t\u0159ech v\u00fdbav\u00e1ch. Elektromobil by m\u011bl na jedno nabit\u00ed p\u0159ekonat 400 km.<\/p>\n<p><img loading=\"lazy\" decoding=\"async\" class=\"alignnone size-large wp-image-46940\" src=\"http:\/\/www.automakersnews.cz\/wp-content\/uploads\/2023\/05\/MG-4-ceny-1024x768.jpg\" alt=\"\" width=\"1024\" height=\"768\" srcset=\"https:\/\/www.automakersnews.cz\/wp-content\/uploads\/2023\/05\/MG-4-ceny-1024x768.jpg 1024w, https:\/\/www.automakersnews.cz\/wp-content\/uploads\/2023\/05\/MG-4-ceny-300x225.jpg 300w, https:\/\/www.automakersnews.cz\/wp-content\/uploads\/2023\/05\/MG-4-ceny-768x576.jpg 768w, https:\/\/www.automakersnews.cz\/wp-content\/uploads\/2023\/05\/MG-4-ceny-1536x1152.jpg 1536w, https:\/\/www.automakersnews.cz\/wp-content\/uploads\/2023\/05\/MG-4-ceny-678x509.jpg 678w, https:\/\/www.automakersnews.cz\/wp-content\/uploads\/2023\/05\/MG-4-ceny-326x245.jpg 326w, https:\/\/www.automakersnews.cz\/wp-content\/uploads\/2023\/05\/MG-4-ceny-80x60.jpg 80w, https:\/\/www.automakersnews.cz\/wp-content\/uploads\/2023\/05\/MG-4-ceny.jpg 2040w\" sizes=\"auto, (max-width: 1024px) 100vw, 1024px\" \/><\/p>\n<p>MG 4 Electric s\u00e1z\u00ed na z\u00e1kladn\u00ed cenu pod 800 tis\u00edc korun a sedmiletou tov\u00e1rn\u00ed z\u00e1ruku.<\/p>\n<p>&nbsp;<\/p>\n<p>&nbsp;<\/p>\n","protected":false},"excerpt":{"rendered":"<div class=\"mh-excerpt\"><p>Spojka Karl\u00edn hostila 16. kv\u011btna n\u00e1rodn\u00ed premi\u00e9ru nov\u00e9ho elektromobilu v nab\u00eddce M Motors, import\u00e9ra zna\u010dek Mitsubishi a MG. \u0160\u00e9f importu Kamil \u0160ilhav\u00fd uvedl na trh <a class=\"mh-excerpt-more\" href=\"https:\/\/www.automakersnews.cz\/index.php\/2023\/05\/17\/m-motors-uvadi-na-trh-cinske-mg-4-electric\/\" title=\"M Motors uv\u00e1d\u00ed na trh \u010d\u00ednsk\u00e9 MG 4 Electric\">[&#8230;]<\/a><\/p>\n<\/div>","protected":false},"author":1,"featured_media":46939,"comment_status":"open","ping_status":"open","sticky":false,"template":"","format":"standard","meta":{"footnotes":""},"categories":[44,22,2,31],"tags":[],"class_list":["post-46908","post","type-post","status-publish","format-standard","has-post-thumbnail","hentry","category-ceny-novinek","category-elektromobily","category-news","category-premiery"],"_links":{"self":[{"href":"https:\/\/www.automakersnews.cz\/index.php\/wp-json\/wp\/v2\/posts\/46908","targetHints":{"allow":["GET"]}}],"collection":[{"href":"https:\/\/www.automakersnews.cz\/index.php\/wp-json\/wp\/v2\/posts"}],"about":[{"href":"https:\/\/www.automakersnews.cz\/index.php\/wp-json\/wp\/v2\/types\/post"}],"author":[{"embeddable":true,"href":"https:\/\/www.automakersnews.cz\/index.php\/wp-json\/wp\/v2\/users\/1"}],"replies":[{"embeddable":true,"href":"https:\/\/www.automakersnews.cz\/index.php\/wp-json\/wp\/v2\/comments?post=46908"}],"version-history":[{"count":0,"href":"https:\/\/www.automakersnews.cz\/index.php\/wp-json\/wp\/v2\/posts\/46908\/revisions"}],"wp:featuredmedia":[{"embeddable":true,"href":"https:\/\/www.automakersnews.cz\/index.php\/wp-json\/wp\/v2\/media\/46939"}],"wp:attachment":[{"href":"https:\/\/www.automakersnews.cz\/index.php\/wp-json\/wp\/v2\/media?parent=46908"}],"wp:term":[{"taxonomy":"category","embeddable":true,"href":"https:\/\/www.automakersnews.cz\/index.php\/wp-json\/wp\/v2\/categories?post=46908"},{"taxonomy":"post_tag","embeddable":true,"href":"https:\/\/www.automakersnews.cz\/index.php\/wp-json\/wp\/v2\/tags?post=46908"}],"curies":[{"name":"wp","href":"https:\/\/api.w.org\/{rel}","templated":true}]}}