{"id":46979,"date":"2023-05-17T10:40:32","date_gmt":"2023-05-17T10:40:32","guid":{"rendered":"https:\/\/www.automakersnews.cz\/?p=46979"},"modified":"2023-05-17T10:40:32","modified_gmt":"2023-05-17T10:40:32","slug":"vyroba-aut-v-cr-letos-stoupla-na-464-444-vozu","status":"publish","type":"post","link":"https:\/\/www.automakersnews.cz\/index.php\/2023\/05\/17\/vyroba-aut-v-cr-letos-stoupla-na-464-444-vozu\/","title":{"rendered":"V\u00fdroba aut v \u010cR letos stoupla na 464.444 voz\u016f"},"content":{"rendered":"<p class=\"big\"><strong>Produkce osobn\u00edch aut v \u010cesku za \u010dty\u0159i m\u011bs\u00edce meziro\u010dn\u011b stoupla o 28,5 procenta na 464.444 voz\u016f. V dubnu se produkce tuzemsk\u00fdch automobilek zv\u00fd\u0161ila proti stejn\u00e9mu m\u011bs\u00edci loni o p\u011btinu. \u0160kodovce se da\u0159\u00ed kompletace odstaven\u00fdch vozidel.<\/strong><!--more--><\/p>\n<p class=\"big\">Elektrick\u00fdch vozidel bylo od ledna do konce dubna vyrobeno 56.143 a jejich pod\u00edl na tuzemsk\u00e9 produkci vzrostl na 12 procent, co\u017e je o 1,9 procentn\u00edho bodu v\u00edce ne\u017e loni. Ozn\u00e1milo to dnes Sdru\u017een\u00ed automobilov\u00e9ho pr\u016fmyslu.<\/p>\n<p><strong>Dokon\u010den\u00ed rozpracovan\u00fdch \u0160kodovek<\/strong><\/p>\n<p>&#8222;Pokra\u010duj\u00edc\u00ed trend r\u016fstu v\u00fdroby osobn\u00edch vozidel, dokon\u010den\u00ed v\u0161ech rozpracovan\u00fdch voz\u016f \u0160koda Auto, \u010dekaj\u00edc\u00edch na odstavn\u00fdch parkovi\u0161t\u00edch \u010di trvaj\u00edc\u00ed popt\u00e1vka po nov\u00fdch vozidlech, to jsou velmi dobr\u00e9 zpr\u00e1vy nejen pro \u010desk\u00fd automobilov\u00fd pr\u016fmysl, ale i celou dom\u00e1c\u00ed ekonomiku. P\u0159etrv\u00e1vaj\u00edc\u00ed meziro\u010dn\u00ed pokles v\u00fdroby v segmentech autobus\u016f a motocykl\u016f v\u0161ak potvrzuje, \u017ee \u010dipov\u00e1 krize nen\u00ed zcela za n\u00e1mi a jak fin\u00e1ln\u00ed v\u00fdrobci, tak dodavatel\u00e9 budou muset \u010delit rozkol\u00edsan\u00fdm dod\u00e1vk\u00e1m i v pr\u016fb\u011bhu roku 2023,&#8220; uvedl v\u00fdkonn\u00fd \u0159editel sdru\u017een\u00ed Zden\u011bk Petzl.<\/p>\n<figure id=\"attachment_19\" aria-describedby=\"caption-attachment-19\" style=\"width: 1024px\" class=\"wp-caption alignnone\"><img loading=\"lazy\" decoding=\"async\" class=\"size-full wp-image-19\" src=\"http:\/\/www.automakersnews.cz\/wp-content\/uploads\/2021\/09\/AutoSAP-Petzl-2020-1024x683-1.jpg\" alt=\"\" width=\"1024\" height=\"683\" srcset=\"https:\/\/www.automakersnews.cz\/wp-content\/uploads\/2021\/09\/AutoSAP-Petzl-2020-1024x683-1.jpg 1024w, https:\/\/www.automakersnews.cz\/wp-content\/uploads\/2021\/09\/AutoSAP-Petzl-2020-1024x683-1-300x200.jpg 300w, https:\/\/www.automakersnews.cz\/wp-content\/uploads\/2021\/09\/AutoSAP-Petzl-2020-1024x683-1-768x512.jpg 768w\" sizes=\"auto, (max-width: 1024px) 100vw, 1024px\" \/><figcaption id=\"caption-attachment-19\" class=\"wp-caption-text\">V\u00fdkonn\u00fd \u0161\u00e9f sdru\u017een\u00ed Zden\u011bk Petzl<\/figcaption><\/figure>\n<p>Nejv\u011bt\u0161\u00ed tuzemsk\u00e1 automobilka \u0160koda Auto vyrobila do konce dubna ve sv\u00fdch tuzemsk\u00fdch z\u00e1vodech 296.851 osobn\u00edch automobil\u016f, co\u017e je n\u00e1r\u016fst o 40 procent. Elektrick\u00fdch voz\u016f bylo vyrobeno 31.411, tedy 10,6 procenta z celkov\u00e9 produkce zna\u010dky. Z toho bylo 26.024 vozidel bateriov\u00fdch a 5387 plug-in hybridn\u00edch.<\/p>\n<figure id=\"attachment_3418\" aria-describedby=\"caption-attachment-3418\" style=\"width: 1024px\" class=\"wp-caption alignnone\"><img loading=\"lazy\" decoding=\"async\" class=\"size-large wp-image-3418\" src=\"http:\/\/www.automakersnews.cz\/wp-content\/uploads\/2022\/11\/Hyundai-Nosovice-oslava-1024x682.jpg\" alt=\"\" width=\"1024\" height=\"682\" \/><figcaption id=\"caption-attachment-3418\" class=\"wp-caption-text\">Rok 2022 p\u0159inesl oslavu 4miliont\u00e9ho vyroben\u00e9ho vozu, leto\u0161ek nav\u00fd\u0161en\u00ed mzdy o 4000 korun<\/figcaption><\/figure>\n<p>No\u0161ovick\u00fd z\u00e1vod Hyundai zv\u00fd\u0161il produkci o 10,3 procenta na 114.650 aut. Z toho bylo 14.705 voz\u016f na \u010dist\u011b elektrick\u00fd a 10.025 na plug-in hybridn\u00ed pohon. Celkov\u011b tak elektrick\u00e9 vozy tvo\u0159ily t\u00e9m\u011b\u0159 21,6 procenta produkce.<\/p>\n<p><img loading=\"lazy\" decoding=\"async\" class=\"alignnone size-large wp-image-7314\" src=\"http:\/\/www.automakersnews.cz\/wp-content\/uploads\/2022\/12\/TMMCZ_AygoX-Toyota-Yaris-1024x683.jpg\" alt=\"\" width=\"1024\" height=\"683\" \/><\/p>\n<p>V kol\u00ednsk\u00e9 Toyot\u011b stoupla v\u00fdroba o 14,9 procenta na 52.943 automobil\u016f. P\u0159es 53 procent produkce p\u0159edstavovaly hybridn\u00ed vozy.<\/p>\n<p>V prvn\u00edch \u010dty\u0159ech m\u011bs\u00edc\u00edch bylo v \u010cesk\u00e9 republice vyrobeno 1407 autobus\u016f, tedy o 248 m\u00e9n\u011b ne\u017e ve stejn\u00e9m obdob\u00ed lo\u0148sk\u00e9ho roku. Vysokom\u00fdtsk\u00e9 Iveco CR vyrobilo 1303 autobus\u016f, tedy o 12,6 procenta m\u00e9n\u011b ne\u017e ve stejn\u00e9m obdob\u00ed lo\u0148sk\u00e9ho roku. SOR Libchavy vyrobil 99 autobus\u016f, co\u017e je pokles o t\u0159etinu.<\/p>\n<p>Tradi\u010dn\u00ed v\u00fdrobce motocykl\u016f Jawa Moto zaznamenal pokles v\u00fdroby o 70 procent na 266 stroj\u016f, uvedlo sdru\u017een\u00ed.<\/p>\n<p><strong>Zdroj: AutoSAP<\/strong><\/p>\n","protected":false},"excerpt":{"rendered":"<div class=\"mh-excerpt\"><p>Produkce osobn\u00edch aut v \u010cesku za \u010dty\u0159i m\u011bs\u00edce meziro\u010dn\u011b stoupla o 28,5 procenta na 464.444 voz\u016f. V dubnu se produkce tuzemsk\u00fdch automobilek zv\u00fd\u0161ila proti stejn\u00e9mu <a class=\"mh-excerpt-more\" href=\"https:\/\/www.automakersnews.cz\/index.php\/2023\/05\/17\/vyroba-aut-v-cr-letos-stoupla-na-464-444-vozu\/\" title=\"V\u00fdroba aut v \u010cR letos stoupla na 464.444 voz\u016f\">[&#8230;]<\/a><\/p>\n<\/div>","protected":false},"author":1,"featured_media":1524,"comment_status":"open","ping_status":"open","sticky":false,"template":"","format":"standard","meta":{"footnotes":""},"categories":[8],"tags":[],"class_list":["post-46979","post","type-post","status-publish","format-standard","has-post-thumbnail","hentry","category-statistika"],"_links":{"self":[{"href":"https:\/\/www.automakersnews.cz\/index.php\/wp-json\/wp\/v2\/posts\/46979","targetHints":{"allow":["GET"]}}],"collection":[{"href":"https:\/\/www.automakersnews.cz\/index.php\/wp-json\/wp\/v2\/posts"}],"about":[{"href":"https:\/\/www.automakersnews.cz\/index.php\/wp-json\/wp\/v2\/types\/post"}],"author":[{"embeddable":true,"href":"https:\/\/www.automakersnews.cz\/index.php\/wp-json\/wp\/v2\/users\/1"}],"replies":[{"embeddable":true,"href":"https:\/\/www.automakersnews.cz\/index.php\/wp-json\/wp\/v2\/comments?post=46979"}],"version-history":[{"count":0,"href":"https:\/\/www.automakersnews.cz\/index.php\/wp-json\/wp\/v2\/posts\/46979\/revisions"}],"wp:featuredmedia":[{"embeddable":true,"href":"https:\/\/www.automakersnews.cz\/index.php\/wp-json\/wp\/v2\/media\/1524"}],"wp:attachment":[{"href":"https:\/\/www.automakersnews.cz\/index.php\/wp-json\/wp\/v2\/media?parent=46979"}],"wp:term":[{"taxonomy":"category","embeddable":true,"href":"https:\/\/www.automakersnews.cz\/index.php\/wp-json\/wp\/v2\/categories?post=46979"},{"taxonomy":"post_tag","embeddable":true,"href":"https:\/\/www.automakersnews.cz\/index.php\/wp-json\/wp\/v2\/tags?post=46979"}],"curies":[{"name":"wp","href":"https:\/\/api.w.org\/{rel}","templated":true}]}}