{"id":47302,"date":"2023-05-19T06:23:39","date_gmt":"2023-05-19T06:23:39","guid":{"rendered":"https:\/\/www.automakersnews.cz\/?p=47302"},"modified":"2023-05-22T05:57:17","modified_gmt":"2023-05-22T05:57:17","slug":"elektrofest-zve-novinare-na-parnik","status":"publish","type":"post","link":"https:\/\/www.automakersnews.cz\/index.php\/2023\/05\/19\/elektrofest-zve-novinare-na-parnik\/","title":{"rendered":"Elektrofest zve \u010dleny AutoSAP na parn\u00edk"},"content":{"rendered":"<div class=\"xam-quoted-text xam-forward-text\">\n<div class=\"xam-quoted-text xam-reply-text\">\n<div class=\"xam-quoted-text\"><strong>Po\u0159adatel\u00e9 Elektrofestu a Klub motoristick\u00fdch publicist\u016f zve sv\u00e9 \u010dleny, partnery, mana\u017eery AutoSAP,\u00a0 SDA a dal\u0161\u00ed novin\u00e1\u0159e na pra\u017eskou n\u00e1plavku na v\u00edce ne\u017e hodinovou plavbu po Vltav\u011b s ob\u010derstven\u00edm na elektrick\u00e9 lodi Marie d&#8216; Bohemia.\u00a0<\/strong><\/div>\n<div><\/div>\n<div><\/div>\n<div class=\"xam-quoted-text\">Na programu bude\u00a0tiskov\u00e1 konference veletrhu Elektrofest 2023, kter\u00fd se uskute\u010dn\u00ed v Pelh\u0159imov\u011b v \u010dervnu leto\u0161n\u00edho roku.<\/div>\n<div class=\"xam-quoted-text\"><\/div>\n<div class=\"xam-quoted-text\">\n<div>Sou\u010d\u00e1st\u00ed plavby bude p\u0159ed\u00e1n\u00ed cen v\u00edt\u011bz\u016fm ankety PR roku 2022.<\/div>\n<div><\/div>\n<div>\n<div class=\"xam-quoted-text\"><strong>Term\u00edn:<\/strong> 24.5. od 9:30 hod p\u0159\u00edchod a k\u00e1va, 10:00 vyplut\u00ed<\/div>\n<div class=\"xam-quoted-text\">\n<div><strong>M\u00edsto:<\/strong> P\u0159\u00edstavi\u0161t\u011b Prague Boats, Dvo\u0159\u00e1kovo n\u00e1b\u0159e\u017e\u00ed u \u010cechova mostu<\/div>\n<div><\/div>\n<div><strong>P\u0159edpokl\u00e1dan\u00fd harmonogram:<\/strong><\/div>\n<div><\/div>\n<div>\u2013 09:30 p\u0159\u00edchod a k\u00e1va<br \/>\n\u2013 10:00 vyplut\u00ed a zah\u00e1jen\u00ed tiskov\u00e9 konference<br \/>\n&#8211; 10:45 fin\u00e1le ankety PR roku<\/div>\n<div>&#8211; 11:00 ob\u010derstven\u00ed<\/div>\n<div>\n<p>\u2013 11:30 n\u00e1vrat k Pr\u00e1vnick\u00e9 fakult\u011b<\/p>\n<p>Pros\u00edme z\u00e1jemce o \u00fa\u010dast, aby se registrovali na mail:<strong> handl<a target=\"_blank\" rel=\"noopener noreferrer\">@automakers.cz<\/a>.<\/strong><\/p>\n<p>Zdrav\u00ed\u00a0\u00a0\u00a0\u00a0\u00a0\u00a0\u00a0\u00a0\u00a0\u00a0\u00a0\u00a0\u00a0\u00a0\u00a0\u00a0\u00a0\u00a0\u00a0\u00a0\u00a0\u00a0\u00a0\u00a0\u00a0\u00a0\u00a0\u00a0\u00a0\u00a0\u00a0\u00a0\u00a0\u00a0\u00a0\u00a0\u00a0\u00a0\u00a0\u00a0\u00a0 Erich Handl,\u00a0KMP<\/p>\n<p><strong>Tel. 604 2007<\/strong>77<\/p>\n<\/div>\n<\/div>\n<\/div>\n<\/div>\n<\/div>\n<\/div>\n<p><!--more--><!--more--><\/p>\n<p>&nbsp;<\/p>\n","protected":false},"excerpt":{"rendered":"<div class=\"mh-excerpt\"><p>Po\u0159adatel\u00e9 Elektrofestu a Klub motoristick\u00fdch publicist\u016f zve sv\u00e9 \u010dleny, partnery, mana\u017eery AutoSAP,\u00a0 SDA a dal\u0161\u00ed novin\u00e1\u0159e na pra\u017eskou n\u00e1plavku na v\u00edce ne\u017e hodinovou plavbu po <a class=\"mh-excerpt-more\" href=\"https:\/\/www.automakersnews.cz\/index.php\/2023\/05\/19\/elektrofest-zve-novinare-na-parnik\/\" title=\"Elektrofest zve \u010dleny AutoSAP na parn\u00edk\">[&#8230;]<\/a><\/p>\n<\/div>","protected":false},"author":1,"featured_media":47303,"comment_status":"open","ping_status":"open","sticky":false,"template":"","format":"standard","meta":{"footnotes":""},"categories":[49,65,29],"tags":[],"class_list":["post-47302","post","type-post","status-publish","format-standard","has-post-thumbnail","hentry","category-novinari","category-pozvanky","category-tiskovky"],"_links":{"self":[{"href":"https:\/\/www.automakersnews.cz\/index.php\/wp-json\/wp\/v2\/posts\/47302","targetHints":{"allow":["GET"]}}],"collection":[{"href":"https:\/\/www.automakersnews.cz\/index.php\/wp-json\/wp\/v2\/posts"}],"about":[{"href":"https:\/\/www.automakersnews.cz\/index.php\/wp-json\/wp\/v2\/types\/post"}],"author":[{"embeddable":true,"href":"https:\/\/www.automakersnews.cz\/index.php\/wp-json\/wp\/v2\/users\/1"}],"replies":[{"embeddable":true,"href":"https:\/\/www.automakersnews.cz\/index.php\/wp-json\/wp\/v2\/comments?post=47302"}],"version-history":[{"count":0,"href":"https:\/\/www.automakersnews.cz\/index.php\/wp-json\/wp\/v2\/posts\/47302\/revisions"}],"wp:featuredmedia":[{"embeddable":true,"href":"https:\/\/www.automakersnews.cz\/index.php\/wp-json\/wp\/v2\/media\/47303"}],"wp:attachment":[{"href":"https:\/\/www.automakersnews.cz\/index.php\/wp-json\/wp\/v2\/media?parent=47302"}],"wp:term":[{"taxonomy":"category","embeddable":true,"href":"https:\/\/www.automakersnews.cz\/index.php\/wp-json\/wp\/v2\/categories?post=47302"},{"taxonomy":"post_tag","embeddable":true,"href":"https:\/\/www.automakersnews.cz\/index.php\/wp-json\/wp\/v2\/tags?post=47302"}],"curies":[{"name":"wp","href":"https:\/\/api.w.org\/{rel}","templated":true}]}}