{"id":47480,"date":"2023-05-19T04:21:00","date_gmt":"2023-05-19T04:21:00","guid":{"rendered":"https:\/\/www.automakersnews.cz\/?p=47480"},"modified":"2023-05-19T04:21:00","modified_gmt":"2023-05-19T04:21:00","slug":"slovensko-proti-zakazu-spalovacich-motoru","status":"publish","type":"post","link":"https:\/\/www.automakersnews.cz\/index.php\/2023\/05\/19\/slovensko-proti-zakazu-spalovacich-motoru\/","title":{"rendered":"Slovensko proti z\u00e1kazu spalovac\u00edch motor\u016f"},"content":{"rendered":"<p class=\"big\"><strong>Slovensk\u00fd parlament ulo\u017eil vl\u00e1d\u011b, aby v r\u00e1mci Evropsk\u00e9 unie minist\u0159i hlasovali proti iniciativ\u00e1m sm\u011b\u0159uj\u00edc\u00edm ke znev\u00fdhodn\u011bn\u00ed, zdra\u017een\u00ed nebo k z\u00e1kazu spalovac\u00edch motor\u016f, pokud nebude jednozna\u010dn\u00e9, \u017ee takov\u00e1 opat\u0159en\u00ed jsou ke prosp\u011bchu zejm\u00e9na zdrav\u00e9ho \u017eivotn\u00edho prost\u0159ed\u00ed.<\/strong><!--more--><\/p>\n<p class=\"big\">N\u00e1vrh usnesen\u00ed sn\u011bmovna schv\u00e1lila hlasy 127 ze 145 p\u0159\u00edtomn\u00fdch poslanc\u016f.<\/p>\n<div class=\"box-offer-mob-perex\">\n<div id=\"mobFullPerexBan\">P\u0159edlohu nepodpo\u0159ili poslanci kolem expremi\u00e9ra Eduarda Hegera. Jeden z nich, b\u00fdval\u00fd ministr \u017eivotn\u00edho prost\u0159ed\u00ed J\u00e1n Budaj, tvrd\u00ed, \u017ee usnesen\u00ed je ve prosp\u011bch rusk\u00fdch z\u00e1jm\u016f ve st\u0159edn\u00ed Evrop\u011b a \u017ee Slovensko se pot\u0159ebuje co nejrychleji zbavit energetick\u00e9 z\u00e1vislosti na Rusku.<\/div>\n<\/div>\n<div class=\"teads-inread\">\n<div>\n<div class=\"teads-ui-components-adchoices\"><\/div>\n<div id=\"teads0\" class=\"teads-player\">P\u0159edseda liber\u00e1ln\u00ed strany Svoboda a Solidarita a n\u011bkdej\u0161\u00ed ministr hospod\u00e1\u0159stv\u00ed Richard Sul\u00edk zase uvedl, \u017ee elektrick\u00e1 vozidla nejsou p\u0159i zohledn\u011bn\u00ed cel\u00e9ho sv\u00e9ho \u017eivotn\u00edho cyklu ekologi\u010dt\u011bj\u0161\u00ed.<\/div>\n<\/div>\n<\/div>\n<p>Usnesen\u00ed slovensk\u00e9 sn\u011bmovny se bude patrn\u011b vztahovat tak\u00e9 na postoj Bratislavy k zaveden\u00ed emisn\u00ed normy pro motorov\u00e1 vozidla Euro 7, kter\u00e1 bude podle expert\u016f znamenat konec v\u00fdroby cenov\u011b dostupn\u00fdch mal\u00fdch aut. Italsk\u00fd ministr dopravy Matteo Salvini v \u00fater\u00fd \u0159ekl, \u017ee It\u00e1lie a jej\u00ed spojenci v EU v\u010detn\u011b \u010ceska a Slovenska maj\u00ed dostatek sil na to, aby normu zablokovali.<\/p>\n<p>\u010clensk\u00e9 zem\u011b EU u\u017e na konci b\u0159ezna schv\u00e1lily pravidla ukon\u010den\u00ed prodeje aut na benzin a naftu v roce 2035. P\u0159ed t\u00edmto hlasov\u00e1n\u00edm evropsk\u00fd v\u00fdbor slovensk\u00e9 sn\u011bmovny zav\u00e1zal ministra \u017eivotn\u00edho prost\u0159ed\u00ed, aby se v EU p\u0159idal k zem\u00edm, kter\u00e9 vystupuj\u00ed proti z\u00e1kazu prodeje nov\u00fdch osobn\u00edch voz\u016f se spalovac\u00edmi motory po roce 2035 a proti zp\u0159\u00edsn\u011bn\u00ed emisn\u00edch norem pro nov\u00e1 osobn\u00ed auta a lehk\u00e1 u\u017eitkov\u00e1 vozidla.<\/p>\n<p>Slovensk\u00e9 ministerstvo \u017eivotn\u00edho prost\u0159ed\u00ed pak podle poslanc\u016f ov\u0161em poslalo evropsk\u00e9mu v\u00fdboru n\u00e1vrh na zm\u011bnu slovensk\u00e9 pozice ve prosp\u011bch z\u00e1kazu spalovac\u00edch motor\u016f a s ohledem na proceduru p\u0159ij\u00edm\u00e1n\u00ed rozhodnut\u00ed v t\u00e9to z\u00e1le\u017eitosti m\u011blo n\u00e1sledn\u011b za to, \u017ee jeho n\u00e1vrh byl akceptov\u00e1n bez projedn\u00e1n\u00ed v tomto v\u00fdboru. V pond\u011bl\u00ed p\u0159edchoz\u00ed vl\u00e1du premi\u00e9ra Eduarda Hegera vyst\u0159\u00eddal \u00fa\u0159ednick\u00fd kabinet.<\/p>\n<p>Nyn\u00ed schv\u00e1len\u00e9 usnesen\u00ed slovensk\u00e9 sn\u011bmovny je m\u00edrn\u011bj\u0161\u00ed, ne\u017e p\u016fvodn\u00ed rozhodnut\u00ed jej\u00edho evropsk\u00e9ho v\u00fdboru, kter\u00e9 po\u010d\u00edtalo s t\u00edm, ze zem\u011b bude bez jak\u00fdchkoliv v\u00fdjimek proti zaveden\u00ed z\u00e1kazu prodeje voz\u016f se spalovac\u00edmi motory.<\/p>\n<p>Slovensko si u\u017e n\u011bkolik let s ohledem na po\u010det obyvatel udr\u017euje pozici nejv\u011bt\u0161\u00edho v\u00fdrobce automobil\u016f na sv\u011bte. Automobilov\u00fd pr\u016fmysl je hlavn\u00edm motorem ekonomiky zem\u011b. Sv\u00e9 tov\u00e1rny maj\u00ed na Slovensku automobilky Kia, Jaguar Land Rover, Stellantis a Volkswagen. K nim p\u0159ibude z\u00e1vod automobilky Volvo, kter\u00e1 loni v l\u00e9t\u011b ozn\u00e1mila, \u017ee postav\u00ed na v\u00fdchod\u011b Slovenska tov\u00e1rnu na v\u00fdrobu elektrick\u00fdch aut.<\/p>\n<p><strong>Zdroj: \u010cesk\u00e9 noviny<\/strong><\/p>\n","protected":false},"excerpt":{"rendered":"<div class=\"mh-excerpt\"><p>Slovensk\u00fd parlament ulo\u017eil vl\u00e1d\u011b, aby v r\u00e1mci Evropsk\u00e9 unie minist\u0159i hlasovali proti iniciativ\u00e1m sm\u011b\u0159uj\u00edc\u00edm ke znev\u00fdhodn\u011bn\u00ed, zdra\u017een\u00ed nebo k z\u00e1kazu spalovac\u00edch motor\u016f, pokud nebude jednozna\u010dn\u00e9, <a class=\"mh-excerpt-more\" href=\"https:\/\/www.automakersnews.cz\/index.php\/2023\/05\/19\/slovensko-proti-zakazu-spalovacich-motoru\/\" title=\"Slovensko proti z\u00e1kazu spalovac\u00edch motor\u016f\">[&#8230;]<\/a><\/p>\n<\/div>","protected":false},"author":1,"featured_media":28403,"comment_status":"open","ping_status":"open","sticky":false,"template":"","format":"standard","meta":{"footnotes":""},"categories":[21,2],"tags":[],"class_list":["post-47480","post","type-post","status-publish","format-standard","has-post-thumbnail","hentry","category-legislativa","category-news"],"_links":{"self":[{"href":"https:\/\/www.automakersnews.cz\/index.php\/wp-json\/wp\/v2\/posts\/47480","targetHints":{"allow":["GET"]}}],"collection":[{"href":"https:\/\/www.automakersnews.cz\/index.php\/wp-json\/wp\/v2\/posts"}],"about":[{"href":"https:\/\/www.automakersnews.cz\/index.php\/wp-json\/wp\/v2\/types\/post"}],"author":[{"embeddable":true,"href":"https:\/\/www.automakersnews.cz\/index.php\/wp-json\/wp\/v2\/users\/1"}],"replies":[{"embeddable":true,"href":"https:\/\/www.automakersnews.cz\/index.php\/wp-json\/wp\/v2\/comments?post=47480"}],"version-history":[{"count":0,"href":"https:\/\/www.automakersnews.cz\/index.php\/wp-json\/wp\/v2\/posts\/47480\/revisions"}],"wp:featuredmedia":[{"embeddable":true,"href":"https:\/\/www.automakersnews.cz\/index.php\/wp-json\/wp\/v2\/media\/28403"}],"wp:attachment":[{"href":"https:\/\/www.automakersnews.cz\/index.php\/wp-json\/wp\/v2\/media?parent=47480"}],"wp:term":[{"taxonomy":"category","embeddable":true,"href":"https:\/\/www.automakersnews.cz\/index.php\/wp-json\/wp\/v2\/categories?post=47480"},{"taxonomy":"post_tag","embeddable":true,"href":"https:\/\/www.automakersnews.cz\/index.php\/wp-json\/wp\/v2\/tags?post=47480"}],"curies":[{"name":"wp","href":"https:\/\/api.w.org\/{rel}","templated":true}]}}