{"id":47483,"date":"2023-05-19T04:35:43","date_gmt":"2023-05-19T04:35:43","guid":{"rendered":"https:\/\/www.automakersnews.cz\/?p=47483"},"modified":"2023-05-22T05:32:42","modified_gmt":"2023-05-22T05:32:42","slug":"prodej-aut-v-eu-se-v-dubnu-zvysil-o-17-procent","status":"publish","type":"post","link":"https:\/\/www.automakersnews.cz\/index.php\/2023\/05\/19\/prodej-aut-v-eu-se-v-dubnu-zvysil-o-17-procent\/","title":{"rendered":"Registrace aut v EU v dubnu vy\u0161\u0161\u00ed o 17 % (\u010cT 24)"},"content":{"rendered":"<p class=\"big\"><strong>Z\u00e1jem o nov\u00e1 osobn\u00ed auta se v Evropsk\u00e9 unii v dubnu meziro\u010dn\u011b zv\u00fd\u0161il o 17,2 procenta na 803.188 voz\u016f, r\u016fst vyk\u00e1zal u\u017e dev\u00e1t\u00fd m\u011bs\u00edc za sebou. Vypl\u00fdv\u00e1 to ze statistiky Evropsk\u00e9ho sdru\u017een\u00ed v\u00fdrobc\u016f automobil\u016f (ACEA).<\/strong><!--more--><\/p>\n<p class=\"big\">V dubnu se v\u00fdrazn\u011b zv\u00fd\u0161il pod\u00edl prodan\u00fdch elektromobil\u016f. Prodej aut v \u010cesk\u00e9 republice vzrostl o v\u00edce ne\u017e 25 procent.<\/p>\n<div class=\"box-offer-mob-perex\">\n<div id=\"mobFullPerexBan\">Od ledna do dubna se po\u010det registrac\u00ed nov\u00fdch aut v EU zv\u00fd\u0161il o 17,8 procenta na 3,45 milionu. Navzdory meziro\u010dn\u00edmu zlep\u0161en\u00ed byl prodej st\u00e1le o 22,8 procenta ni\u017e\u0161\u00ed ve srovn\u00e1n\u00ed se stejn\u00fdm obdob\u00edm roku 2019, co\u017e ukazuje na pokra\u010duj\u00edc\u00ed pot\u00ed\u017ee automobilov\u00e9ho trhu v EU. Rok 2019 byl posledn\u00ed nepoznamenan\u00fd pandemi\u00ed covidu-19.<\/div>\n<\/div>\n<div class=\"teads-inread\">\n<div>\n<div><\/div>\n<div id=\"teads0\" class=\"teads-player\">\n<p>V\u00fdrazn\u00fd n\u00e1r\u016fst, a sice o 51,9 procenta, zaznamenaly v EU minul\u00fd m\u011bs\u00edc registrace nov\u00fdch bateriov\u00fdch elektromobil\u016f, \u010dinily 94.561 kus\u016f. To p\u0159edstavuje pod\u00edl na trhu 11,8 procenta, co\u017e je n\u00e1r\u016fst skoro o t\u0159i procentn\u00ed body ve srovn\u00e1n\u00ed s dubnem 2022. Zat\u00edmco hybridy nyn\u00ed p\u0159edstavuj\u00ed 24,8 procenta trhu s nov\u00fdmi auty v EU, benzinov\u00e9 vozy nad\u00e1le dominuj\u00ed s nejv\u011bt\u0161\u00edm pod\u00edlem 38,2 procenta.<\/p>\n<div class=\"teads-inread\">\n<div>\n<div><\/div>\n<div>\u010cesk\u00fd Svaz dovozc\u016f automobil\u016f u\u017e d\u0159\u00edve ozn\u00e1mil, \u017ee prodej nov\u00fdch osobn\u00edch aut v \u010cesk\u00e9 republice od ledna do konce dubna meziro\u010dn\u011b vzrostl o 20,4 procenta na 74.770 voz\u016f. V dubnu se odbyt zv\u00fd\u0161il o \u010dtvrtinu na 18.429 prodan\u00fdch voz\u016f.<\/div>\n<div><\/div>\n<\/div>\n<div><iframe loading=\"lazy\"  style=\"display: block; margin: 0px auto;\"  id=\"_ytid_54300\"  width=\"800\" height=\"450\"  data-origwidth=\"800\" data-origheight=\"450\" src=\"https:\/\/www.youtube.com\/embed\/f-NWvqHlRpY?enablejsapi=1&autoplay=1&cc_load_policy=0&iv_load_policy=1&loop=1&playlist=f-NWvqHlRpY&modestbranding=0&fs=1&playsinline=0&controls=1&color=red&cc_lang_pref=&rel=1&autohide=2&theme=dark&\" class=\"__youtube_prefs__  no-lazyload\" title=\"YouTube player\"  allow=\"accelerometer; autoplay; clipboard-write; encrypted-media; gyroscope; picture-in-picture\" allowfullscreen data-no-lazy=\"1\" data-skipgform_ajax_framebjll=\"\"><\/iframe><\/div>\n<\/div>\n<div class=\"teads-inread\">\n<div><\/div>\n<\/div>\n<\/div>\n<\/div>\n<\/div>\n","protected":false},"excerpt":{"rendered":"<div class=\"mh-excerpt\"><p>Z\u00e1jem o nov\u00e1 osobn\u00ed auta se v Evropsk\u00e9 unii v dubnu meziro\u010dn\u011b zv\u00fd\u0161il o 17,2 procenta na 803.188 voz\u016f, r\u016fst vyk\u00e1zal u\u017e dev\u00e1t\u00fd m\u011bs\u00edc za <a class=\"mh-excerpt-more\" href=\"https:\/\/www.automakersnews.cz\/index.php\/2023\/05\/19\/prodej-aut-v-eu-se-v-dubnu-zvysil-o-17-procent\/\" title=\"Registrace aut v EU v dubnu vy\u0161\u0161\u00ed o 17 % (\u010cT 24)\">[&#8230;]<\/a><\/p>\n<\/div>","protected":false},"author":1,"featured_media":715,"comment_status":"open","ping_status":"open","sticky":false,"template":"","format":"standard","meta":{"footnotes":""},"categories":[8],"tags":[],"class_list":["post-47483","post","type-post","status-publish","format-standard","has-post-thumbnail","hentry","category-statistika"],"_links":{"self":[{"href":"https:\/\/www.automakersnews.cz\/index.php\/wp-json\/wp\/v2\/posts\/47483","targetHints":{"allow":["GET"]}}],"collection":[{"href":"https:\/\/www.automakersnews.cz\/index.php\/wp-json\/wp\/v2\/posts"}],"about":[{"href":"https:\/\/www.automakersnews.cz\/index.php\/wp-json\/wp\/v2\/types\/post"}],"author":[{"embeddable":true,"href":"https:\/\/www.automakersnews.cz\/index.php\/wp-json\/wp\/v2\/users\/1"}],"replies":[{"embeddable":true,"href":"https:\/\/www.automakersnews.cz\/index.php\/wp-json\/wp\/v2\/comments?post=47483"}],"version-history":[{"count":0,"href":"https:\/\/www.automakersnews.cz\/index.php\/wp-json\/wp\/v2\/posts\/47483\/revisions"}],"wp:featuredmedia":[{"embeddable":true,"href":"https:\/\/www.automakersnews.cz\/index.php\/wp-json\/wp\/v2\/media\/715"}],"wp:attachment":[{"href":"https:\/\/www.automakersnews.cz\/index.php\/wp-json\/wp\/v2\/media?parent=47483"}],"wp:term":[{"taxonomy":"category","embeddable":true,"href":"https:\/\/www.automakersnews.cz\/index.php\/wp-json\/wp\/v2\/categories?post=47483"},{"taxonomy":"post_tag","embeddable":true,"href":"https:\/\/www.automakersnews.cz\/index.php\/wp-json\/wp\/v2\/tags?post=47483"}],"curies":[{"name":"wp","href":"https:\/\/api.w.org\/{rel}","templated":true}]}}