{"id":48,"date":"2021-12-29T10:24:45","date_gmt":"2021-12-29T10:24:45","guid":{"rendered":"http:\/\/www.automakersnews.cz\/?p=48"},"modified":"2021-12-29T10:24:45","modified_gmt":"2021-12-29T10:24:45","slug":"carvago-ceny-ojetin-porostou-i-v-roce-2022","status":"publish","type":"post","link":"https:\/\/www.automakersnews.cz\/index.php\/2021\/12\/29\/carvago-ceny-ojetin-porostou-i-v-roce-2022\/","title":{"rendered":"Carvago: ceny ojetin porostou i v roce 2022"},"content":{"rendered":"<p><strong>Glob\u00e1ln\u00ed krize v automobilov\u00e9m pr\u016fmyslu, zp\u016fsoben\u00e1 nedostatkem \u010dip\u016f, materi\u00e1lu, ale i pracovn\u00edch kapacit, se dramaticky prom\u00edt\u00e1 tak\u00e9 do trhu ojetin. Po\u010det nab\u00edzen\u00fdch voz\u016f z druh\u00e9 ruky spadl na \u00farove\u0148 krizov\u00e9ho obdob\u00ed roku 2009. Situaci analyzoval \u0161\u00e9f Carvaga Jakub \u0160ulta.<\/strong><span id=\"more-147138\"><\/span><!--more--><\/p>\n<p>Zat\u00edmco d\u0159\u00edve se mno\u017estv\u00ed ojet\u00fdch voz\u016f ka\u017edoro\u010dn\u011b zv\u011bt\u0161ilo o o jedno a\u017e t\u0159i procenta \u00fam\u011brn\u011b tomu, jak stoupal po\u010det aut na silnic\u00edch, nyn\u00ed je nyn\u00ed po\u010det inzerovan\u00fdch voz\u016f stejn\u00fd jako p\u0159ed 12 lety, kdy sv\u011bt drtila \u00a0glob\u00e1ln\u00ed ekonomick\u00e1 krize. Situace je tedy v\u00e1\u017en\u00e1. A bude je\u0161t\u011b hor\u0161\u00ed, zejm\u00e9na pro ty, kte\u0159\u00ed koupi vozu odkl\u00e1daj\u00ed v nad\u011bji, \u017ee ceny za\u010dnou brzy op\u011bt klesat.<\/p>\n<p>Automotive je jedn\u00edm z m\u00e1la segment\u016f, kter\u00e9 v dob\u011b adventu nenab\u00edzej\u00ed z\u00e1kazn\u00edk\u016fm lep\u0161\u00ed ceny. A doufat nelze ani v re\u00e1ln\u00e9 slevy ojet\u00fdch aut, kter\u00e9 od prvn\u00edho ledna \u201ezest\u00e1rnou o rok\u201c. Naopak. Aut bude je\u0161t\u011b m\u00e9n\u011b a budou dra\u017e\u0161\u00ed. Sta\u010d\u00ed sledovat dynamiku v\u00fdvoje trhu.<\/p>\n<p>Pod\u00edvejme se na v\u00fdvoj cen ojetin s n\u00e1jezdem od 500 do 500 tis\u00edc kilometr\u016f, cenou do 100 tis\u00edc eur a bez p\u0159\u00edvlastku \u201ebouran\u00e9\u201c. Za\u010d\u00e1tkem leto\u0161n\u00edho roku byly takov\u00e9 vozy nab\u00edzeny v inzerci na \u010desk\u00e9m trhu v pr\u016fm\u011bru za 377 tis\u00edc korun. O t\u0159i \u010dtvrt\u011b roku pozd\u011bji, v \u0159\u00edjnu, u\u017e to bylo 425 tis\u00edc. B\u011bhem kr\u00e1tk\u00e9 doby tak ceny posko\u010dily o 13 procent!<\/p>\n<p>Jin\u00fdmi slovy, kdo s koup\u00ed auta v\u00e1hal, mohl v p\u0159\u00edpad\u011b nejprod\u00e1van\u011bj\u0161\u00edch model\u016f ni\u017e\u0161\u00ed st\u0159edn\u00ed a st\u0159edn\u00ed t\u0159\u00eddy re\u00e1ln\u011b prod\u011blat n\u011bjak\u00fdch 50 tis\u00edc korun. A p\u0159itom si \u00a0koupil hor\u0161\u00ed, nebo p\u0159inejmen\u0161\u00edm opot\u0159ebovan\u011bj\u0161\u00ed auto. Na za\u010d\u00e1tku roku ukazoval tachometr nab\u00edzen\u00fdch ojetin pr\u016fm\u011brn\u011b 111 tis\u00edc najet\u00fdch kilometr\u016f, v \u0159\u00edjnu 118 tis\u00edc. Pro mnoh\u00e9 \u0159idi\u010de p\u0159itom rozd\u00edlov\u00fdch sedm tis\u00edc kilometr\u016f p\u0159edstavuje n\u00e1jezd za cel\u00fd rok.<\/p>\n<p><b>Lep\u0161\u00ed to nebude<\/b><\/p>\n<p>Na z\u00e1klad\u011b na\u0161ich anal\u00fdz p\u0159edpokl\u00e1d\u00e1me, \u017ee v pr\u016fb\u011bhu n\u00e1sleduj\u00edc\u00edch t\u0159\u00ed m\u011bs\u00edc\u016f klesne nab\u00eddka voz\u016f dostupn\u00fdch k prodeji o dal\u0161\u00edch 5 a\u017e 10 procent. Stoj\u00ed za t\u00edm t\u0159i faktory: dal\u0161\u00ed odst\u00e1vky v\u00fdroby b\u011bhem v\u00e1no\u010dn\u00edch t\u00fddn\u016f, cyklick\u00e1 ni\u017e\u0161\u00ed prodejnost voz\u016f v prosinci a tak\u00e9 sou\u010dasn\u00e1 nechu\u0165 lid\u00ed d\u00e1vat sv\u00e1 auta k v\u00fdkupu. To v\u0161e se na cen\u00e1ch odraz\u00ed.<\/p>\n<p>Obchodn\u00edci si celkovou situaci dob\u0159e uv\u011bdomuj\u00ed. Z\u00e1sadn\u011b se sn\u00ed\u017eila jejich ochota poskytovat slevy, na popt\u00e1van\u00e9 modely sepisuj\u00ed po\u0159adn\u00edky a s ojetinami dokonce spekuluj\u00ed. S\u00e1zej\u00ed toti\u017e na to, \u017ee \u010d\u00edm d\u0159\u00edve nakoup\u00ed a pozd\u011bji prodaj\u00ed, t\u00edm vy\u0161\u0161\u00ed zisk realizuj\u00ed.<\/p>\n<p>\u010ce\u0161t\u00ed deale\u0159i objedn\u00e1vaj\u00ed ka\u017ed\u00fd den zahrani\u010dn\u00ed ojetiny po kamionech, aby m\u011bli po Nov\u00e9m roce co prod\u00e1vat. Zejm\u00e9na vy\u017eaduj\u00ed modely, kter\u00e9 jsou na lok\u00e1ln\u00edm trhu u\u017e te\u010f nedostatkov\u00e9. Krom\u011b toho re\u00e1ln\u011b stahuj\u00ed z nab\u00eddek auta, o nich\u017e v\u011bd\u00ed, \u017ee je za p\u016fl roku budou schopni prodat s vy\u0161\u0161\u00edm ziskem. Vznik\u00e1 tak pozitivn\u00ed zp\u011btn\u00e1 vazba, kdy r\u016fst cen vytv\u00e1\u0159\u00ed tlak na dal\u0161\u00ed r\u016fst. Pokud tedy po\u0159\u00edzen\u00ed ojet\u00e9ho vozu zva\u017eujete, rad\u00edme jednat rychle. Zlep\u0161en\u00ed toti\u017e nen\u00ed na dohled.<\/p>\n","protected":false},"excerpt":{"rendered":"<div class=\"mh-excerpt\"><p>Glob\u00e1ln\u00ed krize v automobilov\u00e9m pr\u016fmyslu, zp\u016fsoben\u00e1 nedostatkem \u010dip\u016f, materi\u00e1lu, ale i pracovn\u00edch kapacit, se dramaticky prom\u00edt\u00e1 tak\u00e9 do trhu ojetin. Po\u010det nab\u00edzen\u00fdch voz\u016f z druh\u00e9 <a class=\"mh-excerpt-more\" href=\"https:\/\/www.automakersnews.cz\/index.php\/2021\/12\/29\/carvago-ceny-ojetin-porostou-i-v-roce-2022\/\" title=\"Carvago: ceny ojetin porostou i v roce 2022\">[&#8230;]<\/a><\/p>\n<\/div>","protected":false},"author":1,"featured_media":49,"comment_status":"open","ping_status":"open","sticky":false,"template":"","format":"standard","meta":{"footnotes":""},"categories":[6],"tags":[],"class_list":["post-48","post","type-post","status-publish","format-standard","has-post-thumbnail","hentry","category-analyza"],"_links":{"self":[{"href":"https:\/\/www.automakersnews.cz\/index.php\/wp-json\/wp\/v2\/posts\/48","targetHints":{"allow":["GET"]}}],"collection":[{"href":"https:\/\/www.automakersnews.cz\/index.php\/wp-json\/wp\/v2\/posts"}],"about":[{"href":"https:\/\/www.automakersnews.cz\/index.php\/wp-json\/wp\/v2\/types\/post"}],"author":[{"embeddable":true,"href":"https:\/\/www.automakersnews.cz\/index.php\/wp-json\/wp\/v2\/users\/1"}],"replies":[{"embeddable":true,"href":"https:\/\/www.automakersnews.cz\/index.php\/wp-json\/wp\/v2\/comments?post=48"}],"version-history":[{"count":0,"href":"https:\/\/www.automakersnews.cz\/index.php\/wp-json\/wp\/v2\/posts\/48\/revisions"}],"wp:featuredmedia":[{"embeddable":true,"href":"https:\/\/www.automakersnews.cz\/index.php\/wp-json\/wp\/v2\/media\/49"}],"wp:attachment":[{"href":"https:\/\/www.automakersnews.cz\/index.php\/wp-json\/wp\/v2\/media?parent=48"}],"wp:term":[{"taxonomy":"category","embeddable":true,"href":"https:\/\/www.automakersnews.cz\/index.php\/wp-json\/wp\/v2\/categories?post=48"},{"taxonomy":"post_tag","embeddable":true,"href":"https:\/\/www.automakersnews.cz\/index.php\/wp-json\/wp\/v2\/tags?post=48"}],"curies":[{"name":"wp","href":"https:\/\/api.w.org\/{rel}","templated":true}]}}