{"id":48080,"date":"2023-05-22T05:44:10","date_gmt":"2023-05-22T05:44:10","guid":{"rendered":"https:\/\/www.automakersnews.cz\/?p=48080"},"modified":"2023-05-22T05:44:10","modified_gmt":"2023-05-22T05:44:10","slug":"alfa-romeo-ukazala-hybridni-tonale-v-jircanech","status":"publish","type":"post","link":"https:\/\/www.automakersnews.cz\/index.php\/2023\/05\/22\/alfa-romeo-ukazala-hybridni-tonale-v-jircanech\/","title":{"rendered":"Alfa Romeo uk\u00e1zala hybridn\u00ed Tonale v Jir\u010danech"},"content":{"rendered":"<p><strong>Nejnov\u011bj\u0161\u00ed hybridn\u00ed verzi crossoveru Tonale p\u0159edstavili na sklonku minul\u00e9ho t\u00fddne v hornojir\u010dansk\u00e9 restauraci diNUOVO \u0159editel \u010desk\u00e9ho zastoupen\u00ed Alfy Romeo Tom\u00e1\u0161 Zahel, technik Jan Novotn\u00fd a mana\u017eerka PR a komunikace Sylva Marounkov\u00e1.<\/strong><!--more--><\/p>\n<p>Alfa Romeo po loni uveden\u00e9m mild-hybridu p\u0159edstavila pro \u010desk\u00fd trh plug-in hybrid, kter\u00fd je v p\u0159\u00edpad\u011b modelu Tonale p\u0159edstavuje sportovn\u00ed crossover\/SUV kompaktn\u00edch rozm\u011br\u016f, podle za akceptovatelnou cenu.<\/p>\n<p>Tonale nab\u00edz\u00ed syst\u00e9mov\u00fd v\u00fdkon a\u017e 287 k,\u00a0a na \u010dist\u011b elektricky pohon dojezd 80 km, p\u0159i normovan\u00e9 hodnot\u011b emis\u00ed 36 gram\u016f, tak\u017ee se dost\u00e1v\u00e1 hluboko pod limit (50 gr.) pot\u0159ebn\u00fd k\u00a0z\u00edsk\u00e1n\u00ed \u201eelektrick\u00fdch\u201c registra\u010dn\u00edch zna\u010dek. P\u0159itom nab\u00edjen\u00ed trv\u00e1 5,5 hodiny ze z\u00e1suvky 220 V\u00a0a 2,5 hodiny z\u00a0b\u011b\u017en\u00e9 nab\u00edje\u010dky.<\/p>\n<p>Pohon obou n\u00e1prav obstar\u00e1vaj\u00ed benzinov\u00fd \u010dty\u0159v\u00e1lec 1.3 l\/180 k\u00a0a elektromotor. Slu\u0161n\u00fd dojezd p\u0159i d\u00e1lni\u010dn\u00edch cest\u00e1ch umo\u017e\u0148uje benzinov\u00e1 n\u00e1dr\u017e o objemu 42,5 l.<\/p>\n<p>Alfa Romeo si dala u Tonale z\u00e1le\u017eet tak\u00e9 na rozs\u00e1hl\u00e9 bezpe\u010dnostn\u00ed v\u00fdbav\u011b, ve kter\u00e9 prakticky nechyb\u00ed nic ze sou\u010dasn\u00e9 \u0161pi\u010dkov\u00e9 nab\u00eddky. P\u0159ipo\u010dteme-li k\u00a0tomu modern\u00ed podvozek s\u00a0adaptivn\u00edmi tlumi\u010di, maj\u00ed se z\u00e1jemci na co t\u011b\u0161it, zvl\u00e1\u0161t\u011b kdy\u017e tak\u00e9 interi\u00e9r je opravdu sportovn\u011b pr\u00e9miov\u00fd. Navzdory akumul\u00e1toru a pohonu 4&#215;4 m\u00e1 zavazadlov\u00fd prostor objem slu\u0161n\u00fdch v\u00edce ne\u017e 400 l.<\/p>\n<p><strong>Cena od 1,22 milionu<\/strong><\/p>\n<p>A cena? Ta, s ohledem na v\u00fdkony a \u00farove\u0148 v\u00fdbavy, za\u010d\u00edn\u00e1 pro plug-in hybrid na 1,22 milionu K\u010d, p\u0159i\u010dem\u017e 80 procent z\u00e1kazn\u00edk\u016f preferuje nejvy\u0161\u0161\u00ed stupn\u011b vybaven\u00ed.<\/p>\n<p>O modelu Tonale se d\u00e1 \u0159\u00edci, \u017ee je pro Alfu Romeo, kterou je\u0161t\u011b v\u00a0ned\u00e1vn\u00e9 minulosti prov\u00e1zely \u010dasto a\u017e existen\u010dn\u00edmi probl\u00e9my trefou do \u010dern\u00e9ho (podobn\u011b jako s\u00a0SUV u\u017e v\u00a0minulosti u mnoha jin\u00fdch zna\u010dek), a z\u0159ejm\u011b j\u00ed pom\u016f\u017ee zachr\u00e1nit v\u00a0sou\u010dasn\u00e9 tvrd\u00e9 konkurenci.<\/p>\n<p><strong>Odhad: 150 kus\u016f pro \u010desk\u00fd trh<\/strong><\/p>\n<p>U\u017e nyn\u00ed je Tonale po \u010dty\u0159ech m\u011bs\u00edc\u00edch leto\u0161n\u00edho roku, nejen u n\u00e1s, nejprod\u00e1van\u011bj\u0161\u00edm modelem t\u00e9to tradi\u010dn\u00ed italsk\u00e9 zna\u010dky sportovn\u00edch automobil\u016f. Import\u00e9r p\u0159edpokl\u00e1d\u00e1, \u017ee by letos mohl dodat na \u010desk\u00fd trh 150 kus\u016f, z\u00a0nich\u017e by m\u011blo b\u00fdt cca 40 procent ve verzi plug-in hybrid. Z\u00e1jemce jist\u011b pot\u011b\u0161\u00ed, \u017ee by na objednan\u00e9 vozy nemuseli ani dlouho \u010dekat, proto\u017ee dodac\u00ed lh\u016fty se u\u017e pohybuj\u00ed okolo 3 m\u011bs\u00edc\u016f.<\/p>\n<p><strong>Text a foto: Karel Ber\u00e1nek, Horn\u00ed Jir\u010dany<\/strong><\/p>\n<figure id=\"attachment_48083\" aria-describedby=\"caption-attachment-48083\" style=\"width: 1024px\" class=\"wp-caption alignnone\"><img loading=\"lazy\" decoding=\"async\" class=\"size-large wp-image-48083\" src=\"http:\/\/www.automakersnews.cz\/wp-content\/uploads\/2023\/05\/Alfa-Romeo_Tonale-1024x679.jpg\" alt=\"\" width=\"1024\" height=\"679\" \/><figcaption id=\"caption-attachment-48083\" class=\"wp-caption-text\">20230519_111023<\/figcaption><\/figure>\n","protected":false},"excerpt":{"rendered":"<div class=\"mh-excerpt\"><p>Nejnov\u011bj\u0161\u00ed hybridn\u00ed verzi crossoveru Tonale p\u0159edstavili na sklonku minul\u00e9ho t\u00fddne v hornojir\u010dansk\u00e9 restauraci diNUOVO \u0159editel \u010desk\u00e9ho zastoupen\u00ed Alfy Romeo Tom\u00e1\u0161 Zahel, technik Jan Novotn\u00fd a <a class=\"mh-excerpt-more\" href=\"https:\/\/www.automakersnews.cz\/index.php\/2023\/05\/22\/alfa-romeo-ukazala-hybridni-tonale-v-jircanech\/\" title=\"Alfa Romeo uk\u00e1zala hybridn\u00ed Tonale v Jir\u010danech\">[&#8230;]<\/a><\/p>\n<\/div>","protected":false},"author":1,"featured_media":48082,"comment_status":"open","ping_status":"open","sticky":false,"template":"","format":"standard","meta":{"footnotes":""},"categories":[32,29],"tags":[],"class_list":["post-48080","post","type-post","status-publish","format-standard","has-post-thumbnail","hentry","category-hybridy","category-tiskovky"],"_links":{"self":[{"href":"https:\/\/www.automakersnews.cz\/index.php\/wp-json\/wp\/v2\/posts\/48080","targetHints":{"allow":["GET"]}}],"collection":[{"href":"https:\/\/www.automakersnews.cz\/index.php\/wp-json\/wp\/v2\/posts"}],"about":[{"href":"https:\/\/www.automakersnews.cz\/index.php\/wp-json\/wp\/v2\/types\/post"}],"author":[{"embeddable":true,"href":"https:\/\/www.automakersnews.cz\/index.php\/wp-json\/wp\/v2\/users\/1"}],"replies":[{"embeddable":true,"href":"https:\/\/www.automakersnews.cz\/index.php\/wp-json\/wp\/v2\/comments?post=48080"}],"version-history":[{"count":0,"href":"https:\/\/www.automakersnews.cz\/index.php\/wp-json\/wp\/v2\/posts\/48080\/revisions"}],"wp:featuredmedia":[{"embeddable":true,"href":"https:\/\/www.automakersnews.cz\/index.php\/wp-json\/wp\/v2\/media\/48082"}],"wp:attachment":[{"href":"https:\/\/www.automakersnews.cz\/index.php\/wp-json\/wp\/v2\/media?parent=48080"}],"wp:term":[{"taxonomy":"category","embeddable":true,"href":"https:\/\/www.automakersnews.cz\/index.php\/wp-json\/wp\/v2\/categories?post=48080"},{"taxonomy":"post_tag","embeddable":true,"href":"https:\/\/www.automakersnews.cz\/index.php\/wp-json\/wp\/v2\/tags?post=48080"}],"curies":[{"name":"wp","href":"https:\/\/api.w.org\/{rel}","templated":true}]}}