{"id":48119,"date":"2023-05-22T06:27:11","date_gmt":"2023-05-22T06:27:11","guid":{"rendered":"https:\/\/www.automakersnews.cz\/?p=48119"},"modified":"2023-05-22T08:20:50","modified_gmt":"2023-05-22T08:20:50","slug":"vlada-skrta-odpisy-luxusnich-aut-z-dani","status":"publish","type":"post","link":"https:\/\/www.automakersnews.cz\/index.php\/2023\/05\/22\/vlada-skrta-odpisy-luxusnich-aut-z-dani\/","title":{"rendered":"Vl\u00e1da omez\u00ed odpisy luxusn\u00edch aut z dan\u00ed"},"content":{"rendered":"<div class=\"c_jJ _608bd5f5042d89402533b190\">\n<p class=\"e_bi c_g2 speakable\" data-dot=\"ogm-article-perex\"><strong>Vl\u00e1da chce omezit da\u0148ovou uznatelnost aut na prvn\u00ed dva miliony z ceny. <span class=\"atm-text-decorator\">Podle ministr\u016f toti\u017e podnikatel\u00e9 sice kupuj\u00ed luxusn\u00ed vozy na firmu, ale vyu\u017e\u00edvaj\u00ed je k soukrom\u00fdm \u00fa\u010del\u016fm. Situaci komentoval PR mana\u017eer SDA Petr Hor\u00e1k.<\/span><\/strong><\/p>\n<\/div>\n<p><!--more--><\/p>\n<div class=\"c_jJ _608bd6b73316103f15d31ccc\">\n<div class=\"c_c\" data-e2e=\"ogm-article-layout\">\n<article class=\"c_hy\" role=\"article\" aria-labelledby=\"accessibility-article\">\n<div class=\"c_d3\" data-dot=\"ogm-article-content\">\n<div class=\"g_d4 mol-rich-content--for-article\">\n<div class=\"g_bi speakable\" data-dot=\"mol-paragraph\">\n<p class=\"e_bi\">\u201eNap\u0159\u00edklad v roce 2020 bylo 96 ze 101 nov\u011b registrovan\u00fdch Ferrari v \u010cesku registrov\u00e1no na firmu,\u201c uv\u00e1d\u00ed ve sv\u00e9m prohl\u00e1\u0161en\u00ed vl\u00e1da.<\/p>\n<\/div>\n<div class=\"g_bi speakable\" data-dot=\"mol-paragraph\">\n<p class=\"e_bi\"><span class=\"atm-text-decorator\">Statistiky Svazu dovozc\u016f automobil\u016f p\u0159esn\u00fd po\u010det aut v\u00a0cen\u011b nad dva milion koupen\u00fdch pro firemn\u00ed \u00fa\u010dely neeviduj\u00ed, celkov\u011b ale jednozna\u010dn\u011b p\u0159eva\u017euj\u00ed firemn\u00ed n\u00e1kupy.<\/span><\/p>\n<\/div>\n<div class=\"g_bi speakable\" data-dot=\"mol-paragraph\">\n<p class=\"e_bi\"><span class=\"atm-text-decorator\">\u201ePokud jde o\u00a0pom\u011br celkov\u00fdch registrac\u00ed, pak v\u00a0leto\u0161n\u00edm roce bylo na firmy registrov\u00e1no 55\u00a0735\u00a0voz\u016f, zat\u00edmco na soukrom\u00e9 osoby 19\u00a0035\u00a0voz\u016f,\u201c \u0159\u00edk\u00e1 Petr Hor\u00e1k mluv\u010d\u00ed Svazu dovozc\u016f automobil\u016f. <\/span><\/p>\n<p class=\"e_bi\"><span class=\"atm-text-decorator\">Tak\u00e9 Jan Hurt, gener\u00e1ln\u00ed \u0159editel Porsche \u010cR, ofici\u00e1ln\u00ed import\u00e9r voz\u016f Volkswagen, Audi \u010di Seat, potvrzuje, \u017ee nap\u0159\u00edklad v\u00a0p\u0159\u00edpad\u011b dra\u017e\u0161\u00edch voz\u016f zna\u010dky Audi v\u011bt\u0161ina prodan\u00fdch voz\u016f m\u00ed\u0159\u00ed pr\u00e1v\u011b k\u00a0firemn\u00edm z\u00e1kazn\u00edk\u016fm.<\/span><\/p>\n<\/div>\n<div class=\"g_d5\" data-dot=\"mol-self-promo\">\n<div class=\"g_gs js-ad g_bE\"><strong>N\u00e1vrat k roku 2007<\/strong><\/div>\n<\/div>\n<div class=\"g_bi speakable\" data-dot=\"mol-paragraph\">\n<p class=\"e_bi\"><span class=\"atm-text-decorator\">Ti si dosud\u00a0\u2013 pokud jsou pl\u00e1tci DPH\u00a0\u2013 mohli za\u017e\u00e1dat o\u00a021\u00a0procent z\u00a0cel\u00e9 kupn\u00ed ceny a\u00a0zbytek d\u00e1t do n\u00e1klad\u016f formou odpis\u016f. Nov\u011b by se ale \u010cesko vr\u00e1tilo p\u0159ed rok 2007, kdy platilo omezen\u00ed na odeps\u00e1n\u00ed firemn\u00edho vozidla do v\u00fd\u0161e 1,5\u00a0milionu korun. Ceny voz\u016f ale rostou, jen za posledn\u00ed dva roky vysko\u010dily v\u00a0pr\u016fm\u011bru o\u00a030\u00a0procent. A\u00a0zejm\u00e9na ve vztahu k\u00a0elektromobilit\u011b m\u016f\u017ee b\u00fdt sou\u010dasn\u00e1 hranice probl\u00e9m.<\/span><\/p>\n<\/div>\n<div class=\"g_bi speakable\" data-dot=\"mol-paragraph\">\n<p class=\"e_bi\"><span class=\"atm-text-decorator\">\u201eNa prodeje elektromobil\u016f to m\u016f\u017ee m\u00edt pom\u011brn\u011b velk\u00fd vliv, proto\u017ee jejich ceny jsou zat\u00edm st\u00e1le vy\u0161\u0161\u00ed ne\u017e u voz\u016f s konven\u010dn\u00edmi spalovac\u00edmi motory, a nen\u00ed tak probl\u00e9m s ur\u010ditou v\u00fdbavou hranici dvou milion\u016f p\u0159ekro\u010dit. V tomto ohledu by to mohlo ur\u010ditou \u010d\u00e1st z\u00e1kazn\u00edk\u016f p\u0159em\u00fd\u0161lej\u00edc\u00edch o n\u00e1kupu vozu s elektrick\u00fdm pohonem odradit,\u201c \u0159\u00edk\u00e1 Hor\u00e1k.<\/span><\/p>\n<p class=\"e_bi\"><strong>Obnova vozov\u00e9ho parku bude v\u00e1znout<\/strong><\/p>\n<\/div>\n<div class=\"g_bi speakable\" data-dot=\"mol-paragraph\">\n<p class=\"e_bi\"><span class=\"atm-text-decorator\">Hranice podle n\u011bj ale m\u016f\u017ee b\u00fdt limituj\u00edc\u00ed i jinde. \u201eSamoz\u0159ejm\u011b p\u0159edpokl\u00e1d\u00e1me, \u017ee n\u011bkte\u0159\u00ed z\u00e1kazn\u00edci si koupi dra\u017e\u0161\u00edho automobilu rozmysl\u00ed. Zat\u00edm se v\u0161ak jedn\u00e1 pouze o n\u00e1vrh, kter\u00fd je\u0161t\u011b m\u016f\u017ee doznat n\u011bjak\u00fdch zm\u011bn. A nejsp\u00ed\u0161 i dozn\u00e1, proto\u017ee \u00fapln\u011b dost dob\u0159e nelze pau\u0161\u00e1ln\u011b stanovit hranici dvou milion\u016f korun nap\u0159\u00edklad bez ohledu, k jak\u00e9mu \u00fa\u010delu auto vlastn\u011b slou\u017e\u00ed. Ch\u00e1peme motivaci tohoto n\u00e1vrhu, ale je tam n\u011bkolik dal\u0161\u00edch aspekt\u016f, kter\u00e9 by m\u011bly b\u00fdt projedn\u00e1ny. Jedn\u00edm z nich je nap\u0159\u00edklad i mo\u017en\u00fd dopad na obnovu \u010desk\u00e9ho vozov\u00e9ho parku a sni\u017eov\u00e1n\u00ed emis\u00ed, proto\u017ee se to m\u016f\u017ee v\u00fdrazn\u011b dotknout zmi\u0148ovan\u00fdch elektromobil\u016f,\u201c dod\u00e1v\u00e1 Hor\u00e1k.<\/span><\/p>\n<figure id=\"attachment_5743\" aria-describedby=\"caption-attachment-5743\" style=\"width: 347px\" class=\"wp-caption alignnone\"><img loading=\"lazy\" decoding=\"async\" class=\"size-full wp-image-5743\" src=\"http:\/\/www.automakersnews.cz\/wp-content\/uploads\/2022\/11\/Petr-Horak-Speed.jpeg\" alt=\"\" width=\"347\" height=\"516\" srcset=\"https:\/\/www.automakersnews.cz\/wp-content\/uploads\/2022\/11\/Petr-Horak-Speed.jpeg 347w, https:\/\/www.automakersnews.cz\/wp-content\/uploads\/2022\/11\/Petr-Horak-Speed-202x300.jpeg 202w\" sizes=\"auto, (max-width: 347px) 100vw, 347px\" \/><figcaption id=\"caption-attachment-5743\" class=\"wp-caption-text\">Petr Hor\u00e1k<\/figcaption><\/figure>\n<\/div>\n<\/div>\n<\/div>\n<\/article>\n<\/div>\n<\/div>\n","protected":false},"excerpt":{"rendered":"<div class=\"mh-excerpt\"><p>Vl\u00e1da chce omezit da\u0148ovou uznatelnost aut na prvn\u00ed dva miliony z ceny. Podle ministr\u016f toti\u017e podnikatel\u00e9 sice kupuj\u00ed luxusn\u00ed vozy na firmu, ale vyu\u017e\u00edvaj\u00ed je <a class=\"mh-excerpt-more\" href=\"https:\/\/www.automakersnews.cz\/index.php\/2023\/05\/22\/vlada-skrta-odpisy-luxusnich-aut-z-dani\/\" title=\"Vl\u00e1da omez\u00ed odpisy luxusn\u00edch aut z dan\u00ed\">[&#8230;]<\/a><\/p>\n<\/div>","protected":false},"author":1,"featured_media":16833,"comment_status":"open","ping_status":"open","sticky":false,"template":"","format":"standard","meta":{"footnotes":""},"categories":[21],"tags":[],"class_list":["post-48119","post","type-post","status-publish","format-standard","has-post-thumbnail","hentry","category-legislativa"],"_links":{"self":[{"href":"https:\/\/www.automakersnews.cz\/index.php\/wp-json\/wp\/v2\/posts\/48119","targetHints":{"allow":["GET"]}}],"collection":[{"href":"https:\/\/www.automakersnews.cz\/index.php\/wp-json\/wp\/v2\/posts"}],"about":[{"href":"https:\/\/www.automakersnews.cz\/index.php\/wp-json\/wp\/v2\/types\/post"}],"author":[{"embeddable":true,"href":"https:\/\/www.automakersnews.cz\/index.php\/wp-json\/wp\/v2\/users\/1"}],"replies":[{"embeddable":true,"href":"https:\/\/www.automakersnews.cz\/index.php\/wp-json\/wp\/v2\/comments?post=48119"}],"version-history":[{"count":0,"href":"https:\/\/www.automakersnews.cz\/index.php\/wp-json\/wp\/v2\/posts\/48119\/revisions"}],"wp:featuredmedia":[{"embeddable":true,"href":"https:\/\/www.automakersnews.cz\/index.php\/wp-json\/wp\/v2\/media\/16833"}],"wp:attachment":[{"href":"https:\/\/www.automakersnews.cz\/index.php\/wp-json\/wp\/v2\/media?parent=48119"}],"wp:term":[{"taxonomy":"category","embeddable":true,"href":"https:\/\/www.automakersnews.cz\/index.php\/wp-json\/wp\/v2\/categories?post=48119"},{"taxonomy":"post_tag","embeddable":true,"href":"https:\/\/www.automakersnews.cz\/index.php\/wp-json\/wp\/v2\/tags?post=48119"}],"curies":[{"name":"wp","href":"https:\/\/api.w.org\/{rel}","templated":true}]}}