{"id":48180,"date":"2023-05-22T09:32:48","date_gmt":"2023-05-22T09:32:48","guid":{"rendered":"https:\/\/www.automakersnews.cz\/?p=48180"},"modified":"2023-05-22T09:32:48","modified_gmt":"2023-05-22T09:32:48","slug":"cesky-renault-startuje-karierni-portal","status":"publish","type":"post","link":"https:\/\/www.automakersnews.cz\/index.php\/2023\/05\/22\/cesky-renault-startuje-karierni-portal\/","title":{"rendered":"\u010cesk\u00fd Renault startuje kari\u00e9rn\u00ed port\u00e1l"},"content":{"rendered":"<p class=\"b_aT c_gF speakable\" data-dot=\"ogm-article-perex\"><strong>Renault nab\u00eddl z\u00e1jemc\u016fm o kari\u00e9ru v r\u00e1mci \u010cesk\u00e9 republiky p\u0159ehled voln\u00fdch pozic na vlastn\u00edm port\u00e1lu Rozje\u010f to u n\u00e1s. Z\u00e1jemce na port\u00e1lu objev\u00ed na jedno kliknut\u00ed voln\u00e1 m\u00edsta v dealersk\u00e9 s\u00edti Renault.<\/strong><!--more--><\/p>\n<p class=\"b_aT c_gF speakable\" data-dot=\"ogm-article-perex\">Podle zna\u010dky odpad\u00e1 slo\u017eit\u00e9 proklik\u00e1v\u00e1n\u00ed na webov\u00e9 str\u00e1nky jednotliv\u00fdch dealer\u016f.<\/p>\n<div class=\"c_gY\" data-e2e=\"ogm-article-layout\">\n<article class=\"c_g-\" role=\"article\" aria-labelledby=\"accessibility-article\">\n<div class=\"c_g3\" data-dot=\"ogm-article-content\">\n<div class=\"d_dz mol-rich-content--for-article\">\n<div class=\"d_aT speakable\" data-dot=\"mol-paragraph\">\n<p class=\"b_aT\"><strong><span class=\"atm-text-decorator\"><span class=\"b_I\">P\u0158EHLEDN\u00c1 POPT\u00c1VKA<\/span><\/span><\/strong><\/p>\n<\/div>\n<div class=\"d_aT speakable\" data-dot=\"mol-paragraph\">\n<p class=\"b_aT\"><span class=\"atm-text-decorator\">A\u017e doposud m\u011bl z\u00e1jemce o\u00a0pr\u00e1ci v\u00a0<a class=\"b_al\" href=\"https:\/\/rozjedtounas.renault.cz\/?utm_id=196531&amp;utm_campaign=cz-r-t-event-event-hr_campaign-03-2023-os-oom-na-11872-&amp;utm_medium=display&amp;utm_source=sport&amp;utm_content=advertorial&amp;CAMPAIGN=cz-r-t-event-event-hr_campaign-03-2023-os-oom-na-11872-&amp;ORIGIN=display\" target=\"_blank\" rel=\"sponsored noopener\">dealersk\u00e9 s\u00edti Renault<\/a>\u00a0dv\u011b mo\u017enosti. Bu\u010f na ofici\u00e1ln\u00ed str\u00e1nce za\u0161krtl pozici, o\u00a0kterou m\u00e1 z\u00e1jem, lokaci, kde by cht\u011bl pracovat, nahr\u00e1l sv\u016fj \u017eivotopis a\u00a0\u010dekal, a\u017e se mu n\u011bkdo ozve, nebo si musel naj\u00edt webovou str\u00e1nku dealer\u016f v\u00a0okol\u00ed sv\u00e9ho bydli\u0161t\u011b a\u00a0na ka\u017ed\u00e9 z\u00a0nich hledat, jakou pozici popt\u00e1vaj\u00ed. <\/span><\/p>\n<p class=\"b_aT\"><span class=\"atm-text-decorator\">Nyn\u00ed se v\u0161echna voln\u00e1 m\u00edsta, kter\u00e1 zad\u00e1vaj\u00ed deale\u0159i na sv\u00e9 str\u00e1nky, automaticky zobraz\u00ed i\u00a0na port\u00e1lu\u00a0<a class=\"b_al\" href=\"https:\/\/rozjedtounas.renault.cz\/?utm_id=196531&amp;utm_campaign=cz-r-t-event-event-hr_campaign-03-2023-os-oom-na-11872-&amp;utm_medium=display&amp;utm_source=sport&amp;utm_content=advertorial&amp;CAMPAIGN=cz-r-t-event-event-hr_campaign-03-2023-os-oom-na-11872-&amp;ORIGIN=display\" target=\"_blank\" rel=\"sponsored noopener\">Rozje\u010f to u\u00a0n\u00e1s alias rozjedtounas.renault.cz<\/a>, kter\u00fd je sou\u010d\u00e1st\u00ed ofici\u00e1ln\u00edch str\u00e1nek renault.cz. Pro uchaze\u010de se tak st\u00e1v\u00e1\u00a0<span class=\"b_I\">aktu\u00e1ln\u00ed popt\u00e1vka jednotliv\u00fdch dealerstv\u00ed Renaultu p\u0159ehlednou a\u00a0\u010ditelnou<\/span>.<\/span><\/p>\n<\/div>\n<div class=\"d_aT speakable\" data-dot=\"mol-paragraph\">\n<p class=\"b_aT\"><span class=\"atm-text-decorator\"><span class=\"b_I\"><span class=\"b_J\">\u201eN\u00e1\u0161 sto patn\u00e1ct let dlouh\u00fd, \u00fasp\u011b\u0161n\u00fd p\u0159\u00edb\u011bh si v\u017edy zakl\u00e1dal na modern\u00edch technologi\u00edch. Francouzsk\u00e1 elegance v harmonii s vysokou \u00farovn\u00ed odbornosti. Mezin\u00e1rodn\u00ed v\u00fdzkum a v\u00fdvoj byl v\u017edy slad\u011bn s pot\u0159ebou uspokojovat lok\u00e1ln\u00ed pot\u0159eby. Doma se c\u00edt\u00edme nejen ve vod\u00e1ch elegance, ale i ve sv\u011bt\u011b pr\u016fkopnick\u00e9ho designu. Vyzn\u00e1me se tak\u00e9 ve sportovn\u00edch vozech, kter\u00e9 trhaj\u00ed asfalt. Z\u00e1rove\u0148 se state\u010dn\u011b vyd\u00e1v\u00e1me za dobrodru\u017estv\u00edm po cest\u00e1ch necest\u00e1ch na\u0161imi vozidly ur\u010den\u00fdmi do ter\u00e9nu. Inspirace, zku\u0161enost, charisma, v\u00e1\u0161e\u0148. To je prav\u00fd Renault. V p\u0159\u00edpad\u011b, \u017ee tuto v\u00e1\u0161e\u0148 c\u00edt\u00edte tak\u00e9, budeme r\u00e1di, kdy\u017e se p\u0159ipoj\u00edte do na\u0161eho t\u00fdmu,\u201c\u00a0<\/span>vyb\u00edz\u00ed t\u00fdm Renault.<\/span><\/span><\/p>\n<\/div>\n<div class=\"d_aT speakable\" data-dot=\"mol-paragraph\">\n<p class=\"b_aT\"><a class=\"b_al\" href=\"https:\/\/rozjedtounas.renault.cz\/?utm_id=196531&amp;utm_campaign=cz-r-t-event-event-hr_campaign-03-2023-os-oom-na-11872-&amp;utm_medium=display&amp;utm_source=sport&amp;utm_content=advertorial&amp;CAMPAIGN=cz-r-t-event-event-hr_campaign-03-2023-os-oom-na-11872-&amp;ORIGIN=display\" target=\"_blank\" rel=\"sponsored noopener\">Automobilka Renault<\/a>\u00a0nab\u00edz\u00ed v\u00a0\u010cesk\u00e9 republice\u00a0<a class=\"b_al\" href=\"https:\/\/rozjedtounas.renault.cz\/?utm_id=196531&amp;utm_campaign=cz-r-t-event-event-hr_campaign-03-2023-os-oom-na-11872-&amp;utm_medium=display&amp;utm_source=sport&amp;utm_content=advertorial&amp;CAMPAIGN=cz-r-t-event-event-hr_campaign-03-2023-os-oom-na-11872-&amp;ORIGIN=display\" target=\"_blank\" rel=\"sponsored noopener\">prost\u0159ednictv\u00edm sv\u00fdch dealerstv\u00ed<\/a>\u00a0<span class=\"b_I\">zam\u011bstn\u00e1n\u00ed lidem mnoha profes\u00ed<\/span>. Vyu\u017eit\u00ed zde najdou jak lid\u00e9 s\u00a0obchodn\u00edm nebo marketingov\u00fdm vzd\u011bl\u00e1n\u00edm, tak zru\u010dn\u00ed \u0159emesln\u00edci, kter\u00fdch je na trhu pr\u00e1ce st\u00e1l\u00fd nedostatek. Pro v\u0161echny, kdo zah\u00e1j\u00ed kari\u00e9ru v\u00a0n\u011bkter\u00e9m z\u00a0dealerstv\u00ed Renaultu, nab\u00edz\u00ed automobilka stejn\u00e9\u00a0<span class=\"b_I\">benefity<\/span>. Zainteresovanost na realizovan\u00fdch v\u00fdkonech, mo\u017enost\u00a0<span class=\"b_I\">seberealizace<\/span>\u00a0v\u00a0prost\u0159ed\u00ed zna\u010dkov\u00e9 s\u00edt\u011b Renault,\u00a0<span class=\"b_I\">modern\u011b vybaven\u00e9 pracovi\u0161t\u011b<\/span>\u00a0a\u00a0<span class=\"b_I\">velmi dobr\u00e9 platov\u00e9 ohodnocen\u00ed<\/span>.<\/p>\n<\/div>\n<div class=\"d_aT speakable\" data-dot=\"mol-paragraph\">\n<div class=\"d_aT speakable\" data-dot=\"mol-paragraph\">\n<p class=\"b_aT\"><strong><span class=\"atm-text-decorator\"><span class=\"b_I\">Jak\u00e9 profese lze u Renaultu hledat?<\/span><\/span><\/strong><\/p>\n<\/div>\n<div class=\"d_bI speakable\" data-dot=\"mol-list\">\n<ul class=\"b_bI b_dL\">\n<li class=\"b_bJ\"><span class=\"atm-text-decorator\"><span class=\"b_I\">PRODEJCE NOV\u00ddCH VOZ\u016e<\/span>\u00a0prezentuje nab\u00eddku voz\u016f, dopl\u0148kov\u00fdch produkt\u016f, kam pat\u0159\u00ed p\u0159\u00edslu\u0161enstv\u00ed k\u00a0automobil\u016fm, ale tak\u00e9 financov\u00e1n\u00ed nebo poji\u0161t\u011bn\u00ed, a\u00a0p\u0159edstavuje tak kompletn\u00ed sortiment automobil\u016f, p\u0159\u00edslu\u0161enstv\u00ed a\u00a0slu\u017eeb. Z\u00e1rove\u0148 vyhled\u00e1v\u00e1 nov\u00e9 obchodn\u00ed p\u0159\u00edle\u017eitosti a\u00a0jedn\u00e1 se z\u00e1kazn\u00edky.<\/span><\/li>\n<\/ul>\n<\/div>\n<div class=\"d_bI speakable\" data-dot=\"mol-list\">\n<ul class=\"b_bI b_dL\">\n<li class=\"b_bJ\"><span class=\"atm-text-decorator\"><span class=\"b_I\">OBCHODN\u00cd ASISTENT\/KA<\/span>\u00a0se v\u011bnuje administrativn\u00ed \u010dinnosti, p\u0159ipravuje podklady pro obchodn\u00ed jedn\u00e1n\u00ed, eviduje zak\u00e1zky a\u00a0d\u00e1v\u00e1 dohromady \u0159adu dal\u0161\u00edch podklad\u016f.<\/span><\/li>\n<\/ul>\n<\/div>\n<div class=\"d_bI speakable\" data-dot=\"mol-list\">\n<ul class=\"b_bI b_dL\">\n<li class=\"b_bJ\"><span class=\"atm-text-decorator\"><span class=\"b_I\">MECHANIK<\/span>\u00a0prov\u00e1d\u00ed z\u00e1ru\u010dn\u00ed, poz\u00e1ru\u010dn\u00ed a\u00a0gener\u00e1ln\u00ed opravy motorov\u00fdch vozidel, diagnostikuje poruchy, je zodpov\u011bdn\u00fd za dodr\u017eov\u00e1n\u00ed stanoven\u00fdch technologick\u00fdch a\u00a0procesn\u00edch postup\u016f. Spolupracuje s\u00a0p\u0159ij\u00edmac\u00edmi techniky, vyu\u017e\u00edv\u00e1 dostupn\u00e1 diagnostick\u00e1 za\u0159\u00edzen\u00ed a\u00a0detekuje i\u00a0odstra\u0148uje vznikl\u00e9 z\u00e1vady.<\/span><\/li>\n<\/ul>\n<\/div>\n<div class=\"d_bI speakable\" data-dot=\"mol-list\">\n<ul class=\"b_bI b_dL\">\n<li class=\"b_bJ\"><span class=\"atm-text-decorator\"><span class=\"b_I\">MECHANIK DIAGNOSTIK<\/span>\u00a0diagnostikuje, se\u0159izuje a\u00a0opravuje elektrick\u00e9 a\u00a0elektronick\u00e9 syst\u00e9my v\u00a0automobilu. Prov\u00e1d\u00ed jednodu\u0161\u0161\u00ed i\u00a0slo\u017eit\u011bj\u0161\u00ed opravy elektrick\u00e9ho a\u00a0elektronick\u00e9ho p\u0159\u00edslu\u0161enstv\u00ed, testuje elektrick\u00e9 i\u00a0elektronick\u00e9 agreg\u00e1ty i\u00a0prvky a\u00a0montuje dodate\u010dn\u00e9 elektrick\u00e9 a\u00a0elektronick\u00e9 p\u0159\u00edslu\u0161enstv\u00ed do motorov\u00fdch vozidel.<\/span><\/li>\n<\/ul>\n<\/div>\n<div class=\"d_bI speakable\" data-dot=\"mol-list\">\n<ul class=\"b_bI b_dL\">\n<li class=\"b_bJ\"><span class=\"atm-text-decorator\"><span class=\"b_I\">KAROS\u00c1\u0158<\/span>\u00a0montuje a\u00a0demontuje jednotliv\u00e9 \u010d\u00e1sti motorov\u00e9ho vozidla v\u010detn\u011b karoserie. Opravuje drobn\u00e1 po\u0161kozen\u00ed laku karoserie, montuje p\u0159\u00edslu\u0161enstv\u00ed a\u00a0dopl\u0148ky karoserie \u010di sk\u0159\u00edn\u00ed vozidla.<\/span><\/li>\n<\/ul>\n<\/div>\n<div class=\"d_bI speakable\" data-dot=\"mol-list\">\n<ul class=\"b_bI b_dL\">\n<li class=\"b_bJ\"><span class=\"atm-text-decorator\"><span class=\"b_I\">LAK\u00ddRN\u00cdK<\/span>\u00a0p\u0159ipravuje d\u00edly na lakov\u00e1n\u00ed, vyhled\u00e1v\u00e1 k\u00f3dy barvy (coloristika), p\u0159ipravuje a\u00a0m\u00edch\u00e1 barvy podle k\u00f3du a\u00a0v\u00fdrobce, lep\u00ed a\u00a0maskuje d\u00edly a\u00a0lakuje. Je pln\u011b odpov\u011bdn\u00fd za kvalitu odveden\u00e9 pr\u00e1ce.<\/span><\/li>\n<\/ul>\n<\/div>\n<div class=\"d_bI speakable\" data-dot=\"mol-list\">\n<ul class=\"b_bI b_dL\">\n<li class=\"b_bJ\"><span class=\"atm-text-decorator\"><span class=\"b_I\">SERVISN\u00cd PORADCE<\/span>\u00a0jedn\u00e1 se z\u00e1kazn\u00edky a\u00a0kompletn\u011b o\u00a0n\u011b pe\u010duje. P\u0159ij\u00edm\u00e1 a\u00a0zpracov\u00e1v\u00e1 zak\u00e1zky. Je zodpov\u011bdn\u00fd za v\u010dasn\u00e9 pln\u011bn\u00ed dod\u00e1vek i\u00a0kvalitu zak\u00e1zek. Spolupracuje a\u00a0komunikuje s\u00a0mechaniky a\u00a0d\u00edlensk\u00fdmi mistry.<\/span><\/li>\n<\/ul>\n<p><img loading=\"lazy\" decoding=\"async\" class=\"alignnone size-full wp-image-5959\" src=\"http:\/\/www.automakersnews.cz\/wp-content\/uploads\/2022\/12\/Renault-Twingo-hood-1024x576-1.jpg\" alt=\"\" width=\"1024\" height=\"576\" srcset=\"https:\/\/www.automakersnews.cz\/wp-content\/uploads\/2022\/12\/Renault-Twingo-hood-1024x576-1.jpg 1024w, https:\/\/www.automakersnews.cz\/wp-content\/uploads\/2022\/12\/Renault-Twingo-hood-1024x576-1-300x169.jpg 300w, https:\/\/www.automakersnews.cz\/wp-content\/uploads\/2022\/12\/Renault-Twingo-hood-1024x576-1-768x432.jpg 768w, https:\/\/www.automakersnews.cz\/wp-content\/uploads\/2022\/12\/Renault-Twingo-hood-1024x576-1-678x381.jpg 678w\" sizes=\"auto, (max-width: 1024px) 100vw, 1024px\" \/><\/p>\n<\/div>\n<\/div>\n<\/div>\n<\/div>\n<\/article>\n<\/div>\n","protected":false},"excerpt":{"rendered":"<div class=\"mh-excerpt\"><p>Renault nab\u00eddl z\u00e1jemc\u016fm o kari\u00e9ru v r\u00e1mci \u010cesk\u00e9 republiky p\u0159ehled voln\u00fdch pozic na vlastn\u00edm port\u00e1lu Rozje\u010f to u n\u00e1s. Z\u00e1jemce na port\u00e1lu objev\u00ed na jedno <a class=\"mh-excerpt-more\" href=\"https:\/\/www.automakersnews.cz\/index.php\/2023\/05\/22\/cesky-renault-startuje-karierni-portal\/\" title=\"\u010cesk\u00fd Renault startuje kari\u00e9rn\u00ed port\u00e1l\">[&#8230;]<\/a><\/p>\n<\/div>","protected":false},"author":1,"featured_media":2895,"comment_status":"open","ping_status":"open","sticky":false,"template":"","format":"standard","meta":{"footnotes":""},"categories":[52,3],"tags":[],"class_list":["post-48180","post","type-post","status-publish","format-standard","has-post-thumbnail","hentry","category-kariera","category-personalie"],"_links":{"self":[{"href":"https:\/\/www.automakersnews.cz\/index.php\/wp-json\/wp\/v2\/posts\/48180","targetHints":{"allow":["GET"]}}],"collection":[{"href":"https:\/\/www.automakersnews.cz\/index.php\/wp-json\/wp\/v2\/posts"}],"about":[{"href":"https:\/\/www.automakersnews.cz\/index.php\/wp-json\/wp\/v2\/types\/post"}],"author":[{"embeddable":true,"href":"https:\/\/www.automakersnews.cz\/index.php\/wp-json\/wp\/v2\/users\/1"}],"replies":[{"embeddable":true,"href":"https:\/\/www.automakersnews.cz\/index.php\/wp-json\/wp\/v2\/comments?post=48180"}],"version-history":[{"count":0,"href":"https:\/\/www.automakersnews.cz\/index.php\/wp-json\/wp\/v2\/posts\/48180\/revisions"}],"wp:featuredmedia":[{"embeddable":true,"href":"https:\/\/www.automakersnews.cz\/index.php\/wp-json\/wp\/v2\/media\/2895"}],"wp:attachment":[{"href":"https:\/\/www.automakersnews.cz\/index.php\/wp-json\/wp\/v2\/media?parent=48180"}],"wp:term":[{"taxonomy":"category","embeddable":true,"href":"https:\/\/www.automakersnews.cz\/index.php\/wp-json\/wp\/v2\/categories?post=48180"},{"taxonomy":"post_tag","embeddable":true,"href":"https:\/\/www.automakersnews.cz\/index.php\/wp-json\/wp\/v2\/tags?post=48180"}],"curies":[{"name":"wp","href":"https:\/\/api.w.org\/{rel}","templated":true}]}}