{"id":4820,"date":"2022-11-24T14:07:54","date_gmt":"2022-11-24T14:07:54","guid":{"rendered":"https:\/\/www.automakersnews.cz\/?p=4820"},"modified":"2022-11-24T14:09:25","modified_gmt":"2022-11-24T14:09:25","slug":"pojisteni-vozidel-mezirocne-zdrazilo-o-11","status":"publish","type":"post","link":"https:\/\/www.automakersnews.cz\/index.php\/2022\/11\/24\/pojisteni-vozidel-mezirocne-zdrazilo-o-11\/","title":{"rendered":"Poji\u0161t\u011bn\u00ed vozidel meziro\u010dn\u011b zdra\u017eilo o 11 %"},"content":{"rendered":"<p align=\"JUSTIFY\"><b>A\u017e \u010dty\u0159i tis\u00edce korun si m\u016f\u017eeme p\u0159iplatit p\u0159i ukvapen\u00e9 volb\u011b povinn\u00e9ho ru\u010den\u00ed, zejm\u00e9na pak u vozidel s\u202fmal\u00fdm ro\u010dn\u00edm n\u00e1jezdem do 5 tis\u00edc kilometr\u016f. Na srovn\u00e1n\u00ed bychom v\u0161ak nem\u011bli zapom\u00ednat ani u havarijn\u00edho poji\u0161t\u011bn\u00ed, kter\u00e9 podra\u017eilo p\u0159edev\u0161\u00edm pro nov\u00e9 automobily.<\/b> <!--more--><span id=\"more-215\"><\/span><\/p>\n<h6 align=\"JUSTIFY\"><strong>Trend r\u016fstu cen se nevyh\u00fdb\u00e1 ani poji\u0161t\u011bn\u00ed vozidel, kter\u00e9 \u00fazce souvis\u00ed nedostatkem n\u00e1hradn\u00edch d\u00edl\u016f, lidsk\u00e9 pr\u00e1ce a tak\u00e9 celkov\u00fdm zdra\u017eov\u00e1n\u00edm automobil\u016f. Pr\u016fm\u011brn\u011b si za poji\u0161t\u011bn\u00ed p\u0159iplat\u00edme o 11 procent v\u00edce ne\u017e loni, u star\u0161\u00edch aut pak o necel\u00fdch 7 procent.\u00a0 Ro\u010dn\u00ed n\u00e1jezd kilometr\u016f zohled\u0148uj\u00ed jen n\u011bkter\u00e9 poji\u0161\u0165ovny. U ni\u017e\u0161\u00edho v\u0161ak m\u016f\u017eeme dost u\u0161et\u0159it.\u00a0<\/strong><\/h6>\n<h6><strong>\u201eV\u202fr\u00e1mci konkuren\u010dn\u00edho boje jednotliv\u00fdch poji\u0161\u0165oven p\u0159ich\u00e1z\u00ed ka\u017ed\u00e1 z\u202fnich s\u202fur\u010dit\u00fdmi v\u00fdhodami. Jednou z\u202fnich m\u016f\u017ee b\u00fdt pr\u00e1v\u011b tak\u00e9 p\u0159\u00edzniv\u011bj\u0161\u00ed cena pro \u0159idi\u010de, kte\u0159\u00ed najezd\u00ed men\u0161\u00ed po\u010det kilometr\u016f. Rozd\u00edl mezi nejni\u017e\u0161\u00ed a nejvy\u0161\u0161\u00ed nab\u00eddkou povinn\u00e9ho ru\u010den\u00ed pak b\u00fdv\u00e1 t\u0159eba i kolem \u010dty\u0159 tis\u00edc korun. V\u202ftakov\u00e9m p\u0159\u00edpad\u011b se d\u016fkladn\u00e9 porovn\u00e1n\u00ed u\u017e opravdu vyplat\u00ed, jeliko\u017e to zohledn\u00ed jen p\u00e1r poji\u0161\u0165oven,\u201c p\u0159ibli\u017euje situaci Ond\u0159ej Vacek, produktov\u00fd specialista port\u00e1lu Top-Poji\u0161t\u011bn\u00ed.cz, kter\u00e9 je obchodn\u00ed zna\u010dkou spole\u010dnosti U\u0161et\u0159eno s.r.o. a dod\u00e1v\u00e1: <\/strong><\/h6>\n<h6><strong>\u201eZ praxe vid\u00edme, \u017ee lid\u00e9 za povinn\u00e9 poji\u0161t\u011bn\u00ed pr\u016fm\u011brn\u011b p\u0159ipl\u00e1cej\u00ed o 36 % v\u00edce, samoz\u0159ejm\u011b v z\u00e1vislosti na konkr\u00e9tn\u00ed poji\u0161\u0165ovn\u011b.\u201c\u00a0<\/strong><\/h6>\n<h6 align=\"JUSTIFY\"><strong>Zaj\u00edmavost\u00ed v\u202fr\u00e1mci meziro\u010dn\u00edho srovn\u00e1n\u00ed je stagnuj\u00edc\u00ed r\u016fst cen poji\u0161t\u011bn\u00ed na lok\u00e1ln\u00ed \u0160kodu Octavii. To naopak oproti lo\u0148sk\u00e9mu roku nepatrn\u011b zlevnilo. Rozd\u00edl mezi pr\u016fm\u011brem a cenou poji\u0161t\u011bn\u00ed pr\u00e1v\u011b tohoto vozidla je aktu\u00e1ln\u011b 32 procent. Lze z\u202ftoho tedy vy\u010d\u00edst, \u017ee poji\u0161\u0165ovny mohou zohled\u0148ovat nejen st\u00e1\u0159\u00ed, ale tak\u00e9 p\u016fvod automobilu.<\/strong><\/h6>\n","protected":false},"excerpt":{"rendered":"<div class=\"mh-excerpt\"><p>A\u017e \u010dty\u0159i tis\u00edce korun si m\u016f\u017eeme p\u0159iplatit p\u0159i ukvapen\u00e9 volb\u011b povinn\u00e9ho ru\u010den\u00ed, zejm\u00e9na pak u vozidel s\u202fmal\u00fdm ro\u010dn\u00edm n\u00e1jezdem do 5 tis\u00edc kilometr\u016f. Na srovn\u00e1n\u00ed <a class=\"mh-excerpt-more\" href=\"https:\/\/www.automakersnews.cz\/index.php\/2022\/11\/24\/pojisteni-vozidel-mezirocne-zdrazilo-o-11\/\" title=\"Poji\u0161t\u011bn\u00ed vozidel meziro\u010dn\u011b zdra\u017eilo o 11 %\">[&#8230;]<\/a><\/p>\n<\/div>","protected":false},"author":1,"featured_media":4821,"comment_status":"open","ping_status":"open","sticky":false,"template":"","format":"standard","meta":{"footnotes":""},"categories":[5],"tags":[],"class_list":["post-4820","post","type-post","status-publish","format-standard","has-post-thumbnail","hentry","category-pojisteni"],"_links":{"self":[{"href":"https:\/\/www.automakersnews.cz\/index.php\/wp-json\/wp\/v2\/posts\/4820","targetHints":{"allow":["GET"]}}],"collection":[{"href":"https:\/\/www.automakersnews.cz\/index.php\/wp-json\/wp\/v2\/posts"}],"about":[{"href":"https:\/\/www.automakersnews.cz\/index.php\/wp-json\/wp\/v2\/types\/post"}],"author":[{"embeddable":true,"href":"https:\/\/www.automakersnews.cz\/index.php\/wp-json\/wp\/v2\/users\/1"}],"replies":[{"embeddable":true,"href":"https:\/\/www.automakersnews.cz\/index.php\/wp-json\/wp\/v2\/comments?post=4820"}],"version-history":[{"count":0,"href":"https:\/\/www.automakersnews.cz\/index.php\/wp-json\/wp\/v2\/posts\/4820\/revisions"}],"wp:featuredmedia":[{"embeddable":true,"href":"https:\/\/www.automakersnews.cz\/index.php\/wp-json\/wp\/v2\/media\/4821"}],"wp:attachment":[{"href":"https:\/\/www.automakersnews.cz\/index.php\/wp-json\/wp\/v2\/media?parent=4820"}],"wp:term":[{"taxonomy":"category","embeddable":true,"href":"https:\/\/www.automakersnews.cz\/index.php\/wp-json\/wp\/v2\/categories?post=4820"},{"taxonomy":"post_tag","embeddable":true,"href":"https:\/\/www.automakersnews.cz\/index.php\/wp-json\/wp\/v2\/tags?post=4820"}],"curies":[{"name":"wp","href":"https:\/\/api.w.org\/{rel}","templated":true}]}}