{"id":4860,"date":"2022-11-24T14:42:00","date_gmt":"2022-11-24T14:42:00","guid":{"rendered":"https:\/\/www.automakersnews.cz\/?p=4860"},"modified":"2022-11-24T14:56:30","modified_gmt":"2022-11-24T14:56:30","slug":"porotci-ankety-coty-zvolili-sedm-finalistu","status":"publish","type":"post","link":"https:\/\/www.automakersnews.cz\/index.php\/2022\/11\/24\/porotci-ankety-coty-zvolili-sedm-finalistu\/","title":{"rendered":"Porotci ankety COTY zvolili sedm finalist\u016f"},"content":{"rendered":"<p><strong>Porotci COTY maj\u00ed za sebou \u0159\u00edjnov\u00e9 novin\u00e1\u0159sk\u00e9 testov\u00e1n\u00ed v D\u00e1nsku a nyn\u00ed zvolili sedmi\u010dku automobil\u016f, kter\u00e9 se probojovaly do fin\u00e1le sout\u011b\u017ee o titul Car of the Year 2023. Testy i v\u00fdsledek hlasov\u00e1n\u00ed n\u00e1m popsal \u010dlen poroty Jirka Ducho\u0148.<\/strong><span id=\"more-155542\"><\/span><!--more--><\/p>\n<p>P\u0159edsednictvo jury pr\u00e1v\u011b p\u0159edstavilo sedm finalist\u016f pro nadch\u00e1zej\u00edc\u00ed souboj.<\/p>\n<p>Stalo se tak b\u011bhem tiskov\u00e9 konference, je\u017e t\u00edm v\u00a0p\u0159edstihu odstartovala bruselsk\u00fd autosalon, kter\u00fd se 13. ledna p\u0159\u00ed\u0161t\u00edho roku stane \u00favodn\u00edm dnem mezin\u00e1rodn\u00ed p\u0159ehl\u00eddky toho nejlep\u0161\u00edho ze sf\u00e9r individu\u00e1ln\u00ed mobility. Ji\u017e 22. listopadu zve\u0159ejnilo veden\u00ed jury vol\u00edc\u00ed evropsk\u00fd V\u016fz roku (Car of the Year, COTY) seznam kandid\u00e1t\u016f pro ro\u010dn\u00edk 2023. Jde o ty automobilov\u00e9 novinky, je\u017e splnily v\u0161echny po\u017eadavky pro za\u0159azen\u00ed do ro\u010dn\u00edku 2023. Letos jich je 27 a p\u0159ekvapiv\u011b jen 10 z\u00a0nich p\u0159edstavuje elektromobily. V\u00a0sedmi\u010dlenn\u00e9m fin\u00e1le jsou \u010dty\u0159i elektromobily, loni jich tam bylo \u0161est.<\/p>\n<p>Prvn\u00ed kolo volby, v\u00a0n\u011bm\u017e ka\u017ed\u00fd z\u00a0porotc\u016f 61 porotc\u016f z\u00a023 evropsk\u00fdch zem\u00ed anonymn\u011b ozna\u010dil sedm sv\u00fdch favorit\u016f, bylo uzav\u0159eno 22. listopadu. Z\u00e1sadn\u011b se v\u0161ak zm\u011bnil zp\u016fsob druh\u00e9ho kola volby. Finalisty budeme naposledy zkou\u0161et a srovn\u00e1vat nikoli a\u017e koncem \u00fanora, ale ji\u017e v\u00a0polovin\u011b ledna, a to na belgick\u00e9 trati Circuit de Mettet (d\u0159\u00edve to bylo na okruhu CERAM ve francouzsk\u00e9m Mortefontaine). V\u00edt\u011bz pak m\u00e1 b\u00fdt vyhl\u00e1\u0161en ne a\u017e v\u00a0b\u0159eznu, ale ji\u017e 13. ledna, tak\u017ee se laure\u00e1t bude moci sv\u00fdm renomovan\u00fdm titulem COTY 2023 py\u0161nit prakticky po cel\u00fd rok. Slavnostn\u00ed vyhl\u00e1\u0161en\u00ed prob\u011bhne p\u0159ed gah\u00e1jen\u00edm autosalonu v\u00a0Bruselu, zat\u00edmco v\u00a0posledn\u00edch deseti letech se tak d\u011blo na \u017eenevsk\u00e9m autosalonu.<\/p>\n<p>Odborn\u00e1 anketa vol\u00edc\u00ed V\u016fz roku\u00a0(Car of the Year, COTY) b\u011b\u017e\u00ed bez p\u0159eru\u0161en\u00ed od roku 1963 a je zcela nez\u00e1visl\u00e1. Organizaci tradi\u010dn\u011b zaji\u0161\u0165uj\u00ed tyto \u010dasopisy: Auto (It\u00e1lie), Autocar (Velk\u00e1 Brit\u00e1nie), Autopista (\u0160pan\u011blsko), Autovisie (Holandsko), L\u00b4Automobile (Francie) a Vi Bilagare (\u0160v\u00e9dsko). N\u011bmeck\u00fd Stern p\u0159edloni nahradily Automobil Revue (\u0160v\u00fdcarsko), Autotrends (Belgie) a Firmenauto (N\u011bmecko). Porota v\u00a0sou\u010dasnosti sest\u00e1v\u00e1 z 61 \u010dlen\u016f z\u00a023 zem\u00ed zejm\u00e9na z\u00e1padn\u00ed a st\u0159edn\u00ed Evropy. Letos je mezi nimi \u0161est \u017een. \u010cesk\u00e1 republika m\u00e1 v\u00a0COTY jednoho z\u00e1stupce od roku 1993, v\u017edy \u0161\u00e9fredaktora magaz\u00ednu Automobil. Do roku 2000 j\u00edm byl Milan Joz\u00edf, do roku 2015 Tom\u00e1\u0161 Hyan a\u00a0od roku 2016 za \u010ceskou republiku vol\u00ed Ji\u0159\u00ed Ducho\u0148.<\/p>\n<div class=\"v1elementToProof\"><strong>Veden\u00ed jury vol\u00edc\u00ed evropsk\u00fd V\u016fz roku (Car of the Year, COTY) zve\u0159ejnilo 24. listopadu sedm finalist\u016f pro ro\u010dn\u00edk 2023:<\/strong><\/div>\n<div class=\"v1elementToProof\"><\/div>\n<div class=\"v1elementToProof\">\n<div><span class=\"v1ContentPasted0\">Jeep Avenger<\/span><\/div>\n<div>\n<div class=\"v1ContentPasted0\">Kia Niro<\/div>\n<\/div>\n<div>\n<div class=\"v1ContentPasted0\">Nissan Ariya<\/div>\n<\/div>\n<div>\n<div><span class=\"v1ContentPasted0\" lang=\"EN-US\">Peugeot 408<\/span><\/div>\n<\/div>\n<div>\n<div><span class=\"v1ContentPasted0\" lang=\"EN-US\">Renault Austral<\/span><\/div>\n<\/div>\n<div>\n<div><span class=\"v1ContentPasted0\" lang=\"EN-US\">Subaru Solterra\/Toyota bZ4X<\/span><\/div>\n<\/div>\n<div><span class=\"v1ContentPasted0\" lang=\"EN-US\">Volkswagen ID. Buzz<\/span><\/div>\n<\/div>\n","protected":false},"excerpt":{"rendered":"<div class=\"mh-excerpt\"><p>Porotci COTY maj\u00ed za sebou \u0159\u00edjnov\u00e9 novin\u00e1\u0159sk\u00e9 testov\u00e1n\u00ed v D\u00e1nsku a nyn\u00ed zvolili sedmi\u010dku automobil\u016f, kter\u00e9 se probojovaly do fin\u00e1le sout\u011b\u017ee o titul Car of <a class=\"mh-excerpt-more\" href=\"https:\/\/www.automakersnews.cz\/index.php\/2022\/11\/24\/porotci-ankety-coty-zvolili-sedm-finalistu\/\" title=\"Porotci ankety COTY zvolili sedm finalist\u016f\">[&#8230;]<\/a><\/p>\n<\/div>","protected":false},"author":1,"featured_media":4861,"comment_status":"open","ping_status":"open","sticky":false,"template":"","format":"standard","meta":{"footnotes":""},"categories":[7],"tags":[],"class_list":["post-4860","post","type-post","status-publish","format-standard","has-post-thumbnail","hentry","category-ankety"],"_links":{"self":[{"href":"https:\/\/www.automakersnews.cz\/index.php\/wp-json\/wp\/v2\/posts\/4860","targetHints":{"allow":["GET"]}}],"collection":[{"href":"https:\/\/www.automakersnews.cz\/index.php\/wp-json\/wp\/v2\/posts"}],"about":[{"href":"https:\/\/www.automakersnews.cz\/index.php\/wp-json\/wp\/v2\/types\/post"}],"author":[{"embeddable":true,"href":"https:\/\/www.automakersnews.cz\/index.php\/wp-json\/wp\/v2\/users\/1"}],"replies":[{"embeddable":true,"href":"https:\/\/www.automakersnews.cz\/index.php\/wp-json\/wp\/v2\/comments?post=4860"}],"version-history":[{"count":0,"href":"https:\/\/www.automakersnews.cz\/index.php\/wp-json\/wp\/v2\/posts\/4860\/revisions"}],"wp:featuredmedia":[{"embeddable":true,"href":"https:\/\/www.automakersnews.cz\/index.php\/wp-json\/wp\/v2\/media\/4861"}],"wp:attachment":[{"href":"https:\/\/www.automakersnews.cz\/index.php\/wp-json\/wp\/v2\/media?parent=4860"}],"wp:term":[{"taxonomy":"category","embeddable":true,"href":"https:\/\/www.automakersnews.cz\/index.php\/wp-json\/wp\/v2\/categories?post=4860"},{"taxonomy":"post_tag","embeddable":true,"href":"https:\/\/www.automakersnews.cz\/index.php\/wp-json\/wp\/v2\/tags?post=4860"}],"curies":[{"name":"wp","href":"https:\/\/api.w.org\/{rel}","templated":true}]}}