{"id":48603,"date":"2023-05-24T05:07:50","date_gmt":"2023-05-24T05:07:50","guid":{"rendered":"https:\/\/www.automakersnews.cz\/?p=48603"},"modified":"2023-05-24T05:07:50","modified_gmt":"2023-05-24T05:07:50","slug":"tovarnu-vw-v-kaluze-koupil-rusky-avilon","status":"publish","type":"post","link":"https:\/\/www.automakersnews.cz\/index.php\/2023\/05\/24\/tovarnu-vw-v-kaluze-koupil-rusky-avilon\/","title":{"rendered":"Tov\u00e1rnu VW v Kaluze koupil rusk\u00fd Avilon"},"content":{"rendered":"<p><strong>N\u011bmeck\u00fd\u00a0<span class=\"advancedHighlight SearchKeywordHighlight\" data-classic=\"true\">automobilov\u00fd<\/span>\u00a0koncern\u00a0<span class=\"e1id0 e4id0 advancedHighlight\" data-id=\"1\" data-classic=\"false\">Volkswagen<\/span>\u00a0prodal svou tov\u00e1rnu v rusk\u00e9\u00a0<span class=\"e0id1 advancedHighlight\" data-id=\"2\" data-classic=\"false\">Kaluze<\/span>\u00a0rusk\u00e9mu prodejci automobil\u016f Avilon. Firma to uvedla v tiskov\u00e9 zpr\u00e1v\u011b.<\/strong><!--more--><\/p>\n<p>Spole\u010dnost se tak v d\u016fsledku v\u00e1lky na Ukrajin\u011b definitivn\u011b stahuje z\u00a0<span class=\"e0id0 advancedHighlight\" data-id=\"3\" data-classic=\"false\">Rusk\u00e9<\/span>\u00a0<span class=\"e0id0 advancedHighlight\" data-id=\"3\" data-classic=\"false\">federace<\/span>. Podle zpr\u00e1v m\u00e9di\u00ed daly rusk\u00e9 \u00fa\u0159ady transakci zelenou tento t\u00fdden. Vozy v\u00a0<span class=\"e0id1 advancedHighlight\" data-id=\"2\" data-classic=\"false\">Kaluze<\/span>\u00a0vyr\u00e1b\u011bla i \u010desk\u00e1\u00a0<span class=\"e1id1 e4id0 advancedHighlight\" data-id=\"6\" data-classic=\"false\">\u0160koda<\/span>\u00a0<span class=\"e1id1 e4id0 advancedHighlight\" data-id=\"6\" data-classic=\"false\">Auto<\/span>.<\/p>\n","protected":false},"excerpt":{"rendered":"<div class=\"mh-excerpt\"><p>N\u011bmeck\u00fd\u00a0automobilov\u00fd\u00a0koncern\u00a0Volkswagen\u00a0prodal svou tov\u00e1rnu v rusk\u00e9\u00a0Kaluze\u00a0rusk\u00e9mu prodejci automobil\u016f Avilon. Firma to uvedla v tiskov\u00e9 zpr\u00e1v\u011b.<\/p>\n<\/div>","protected":false},"author":1,"featured_media":537,"comment_status":"open","ping_status":"open","sticky":false,"template":"","format":"standard","meta":{"footnotes":""},"categories":[2],"tags":[],"class_list":["post-48603","post","type-post","status-publish","format-standard","has-post-thumbnail","hentry","category-news"],"_links":{"self":[{"href":"https:\/\/www.automakersnews.cz\/index.php\/wp-json\/wp\/v2\/posts\/48603","targetHints":{"allow":["GET"]}}],"collection":[{"href":"https:\/\/www.automakersnews.cz\/index.php\/wp-json\/wp\/v2\/posts"}],"about":[{"href":"https:\/\/www.automakersnews.cz\/index.php\/wp-json\/wp\/v2\/types\/post"}],"author":[{"embeddable":true,"href":"https:\/\/www.automakersnews.cz\/index.php\/wp-json\/wp\/v2\/users\/1"}],"replies":[{"embeddable":true,"href":"https:\/\/www.automakersnews.cz\/index.php\/wp-json\/wp\/v2\/comments?post=48603"}],"version-history":[{"count":0,"href":"https:\/\/www.automakersnews.cz\/index.php\/wp-json\/wp\/v2\/posts\/48603\/revisions"}],"wp:featuredmedia":[{"embeddable":true,"href":"https:\/\/www.automakersnews.cz\/index.php\/wp-json\/wp\/v2\/media\/537"}],"wp:attachment":[{"href":"https:\/\/www.automakersnews.cz\/index.php\/wp-json\/wp\/v2\/media?parent=48603"}],"wp:term":[{"taxonomy":"category","embeddable":true,"href":"https:\/\/www.automakersnews.cz\/index.php\/wp-json\/wp\/v2\/categories?post=48603"},{"taxonomy":"post_tag","embeddable":true,"href":"https:\/\/www.automakersnews.cz\/index.php\/wp-json\/wp\/v2\/tags?post=48603"}],"curies":[{"name":"wp","href":"https:\/\/api.w.org\/{rel}","templated":true}]}}