{"id":4868,"date":"2022-11-24T15:11:18","date_gmt":"2022-11-24T15:11:18","guid":{"rendered":"https:\/\/www.automakersnews.cz\/?p=4868"},"modified":"2022-11-24T15:22:44","modified_gmt":"2022-11-24T15:22:44","slug":"mg-chysta-kampan-s-electro-worldem","status":"publish","type":"post","link":"https:\/\/www.automakersnews.cz\/index.php\/2022\/11\/24\/mg-chysta-kampan-s-electro-worldem\/","title":{"rendered":"MG chyst\u00e1 kampa\u0148 s Electro Worldem"},"content":{"rendered":"<p><strong>Zna\u010dka MG, kterou na trh od leto\u0161n\u00edch pr\u00e1znich uv\u00e1d\u00ed M Motors, spou\u0161t\u00ed v\u00e1no\u010dn\u00ed cross-promo kampa\u0148 se spole\u010dnost\u00ed Electro World, kter\u00e1 pr\u00e1v\u011b slav\u00ed 20 let na trhu a otev\u00edr\u00e1 zbrusu novou prodejnu v obchodn\u00edm dom\u011b B\u00edl\u00e1 labu\u0165.<\/strong><!--more--><\/p>\n<p>Jedn\u00e1 se o spolupr\u00e1ci ve form\u011b spot\u0159ebitelsk\u00e9 sout\u011b\u017ee s hlavn\u00ed v\u00fdhrou automobilu MG ZS.<\/p>\n<p>Ned\u00edlnou sou\u010d\u00e1st\u00ed t\u00e9to spolupr\u00e1ce m\u00e1 b\u00fdt intenzivn\u00ed TV kampa\u0148, kde hraje zna\u010dka MG i model ZS hlavn\u00ed roli.<\/p>\n<ul>\n<li>kampa\u0148 bude prob\u00edhat 1. \u2013 24. 12.<\/li>\n<li>TV kampa\u0148 (450\u2013500 GRPs, cen\u00edkov\u00e1 cena p\u0159es 10\u00a0000\u00a0000 K\u010d)<\/li>\n<li>medializace sout\u011b\u017ee ve v\u0161ech hlavn\u00edch kan\u00e1lech: TV, online, printu, SOME, OOH, in-store na prodejn\u00e1ch<\/li>\n<li>MG ZS je kl\u00ed\u010dov\u00fd vizu\u00e1ln\u00ed prvek ve v\u0161ech mediatypech<\/li>\n<\/ul>\n<p>&#8222;Pro MG jde o jednu z nejv\u00fdznamn\u011bj\u0161\u00edch aktivit v p\u0159edv\u00e1no\u010dn\u00edm obdob\u00ed a d\u016fkaz toho, \u017ee i velk\u00e9 spole\u010dnosti maj\u00ed z\u00e1jem o spolupr\u00e1ci s nov\u00fdm hr\u00e1\u010dem na automobilov\u00e9m trhu,&#8220; p\u00ed\u0161e mluv\u010d\u00ed zna\u010dky Marek Vodi\u010dka.<\/p>\n","protected":false},"excerpt":{"rendered":"<div class=\"mh-excerpt\"><p>Zna\u010dka MG, kterou na trh od leto\u0161n\u00edch pr\u00e1znich uv\u00e1d\u00ed M Motors, spou\u0161t\u00ed v\u00e1no\u010dn\u00ed cross-promo kampa\u0148 se spole\u010dnost\u00ed Electro World, kter\u00e1 pr\u00e1v\u011b slav\u00ed 20 let na <a class=\"mh-excerpt-more\" href=\"https:\/\/www.automakersnews.cz\/index.php\/2022\/11\/24\/mg-chysta-kampan-s-electro-worldem\/\" title=\"MG chyst\u00e1 kampa\u0148 s Electro Worldem\">[&#8230;]<\/a><\/p>\n<\/div>","protected":false},"author":1,"featured_media":227,"comment_status":"open","ping_status":"open","sticky":false,"template":"","format":"standard","meta":{"footnotes":""},"categories":[30],"tags":[],"class_list":["post-4868","post","type-post","status-publish","format-standard","has-post-thumbnail","hentry","category-marketing"],"_links":{"self":[{"href":"https:\/\/www.automakersnews.cz\/index.php\/wp-json\/wp\/v2\/posts\/4868","targetHints":{"allow":["GET"]}}],"collection":[{"href":"https:\/\/www.automakersnews.cz\/index.php\/wp-json\/wp\/v2\/posts"}],"about":[{"href":"https:\/\/www.automakersnews.cz\/index.php\/wp-json\/wp\/v2\/types\/post"}],"author":[{"embeddable":true,"href":"https:\/\/www.automakersnews.cz\/index.php\/wp-json\/wp\/v2\/users\/1"}],"replies":[{"embeddable":true,"href":"https:\/\/www.automakersnews.cz\/index.php\/wp-json\/wp\/v2\/comments?post=4868"}],"version-history":[{"count":0,"href":"https:\/\/www.automakersnews.cz\/index.php\/wp-json\/wp\/v2\/posts\/4868\/revisions"}],"wp:featuredmedia":[{"embeddable":true,"href":"https:\/\/www.automakersnews.cz\/index.php\/wp-json\/wp\/v2\/media\/227"}],"wp:attachment":[{"href":"https:\/\/www.automakersnews.cz\/index.php\/wp-json\/wp\/v2\/media?parent=4868"}],"wp:term":[{"taxonomy":"category","embeddable":true,"href":"https:\/\/www.automakersnews.cz\/index.php\/wp-json\/wp\/v2\/categories?post=4868"},{"taxonomy":"post_tag","embeddable":true,"href":"https:\/\/www.automakersnews.cz\/index.php\/wp-json\/wp\/v2\/tags?post=4868"}],"curies":[{"name":"wp","href":"https:\/\/api.w.org\/{rel}","templated":true}]}}