{"id":48730,"date":"2023-05-24T15:16:29","date_gmt":"2023-05-24T15:16:29","guid":{"rendered":"https:\/\/www.automakersnews.cz\/?p=48730"},"modified":"2023-05-24T16:01:19","modified_gmt":"2023-05-24T16:01:19","slug":"fashion-arena-zprovoznila-dalsi-dobijecky","status":"publish","type":"post","link":"https:\/\/www.automakersnews.cz\/index.php\/2023\/05\/24\/fashion-arena-zprovoznila-dalsi-dobijecky\/","title":{"rendered":"Fashion Arena zprovoznila dal\u0161\u00ed dob\u00edje\u010dky"},"content":{"rendered":"<p><strong>\u0160t\u011brboholsk\u00e9 outletov\u00e9 centrum Fashion Arena Prague Outlet v\u00a0polovin\u011b kv\u011btna \u00fasp\u011b\u0161n\u011b zprovoznilo 20 nov\u00fdch parkovac\u00edch m\u00edst pro dob\u00edjen\u00ed elektromobil\u016f.<\/strong><!--more--><\/p>\n<p>Tato iniciativa je odpov\u011bd\u00ed na rostouc\u00ed trend e-mobility a z\u00e1rove\u0148 podporou ekologick\u00fdch cestovn\u00edch mo\u017enost\u00ed pro z\u00e1kazn\u00edky outletov\u00e9ho centra. Jedn\u00e1 se ji\u017e o druhou etapu budov\u00e1n\u00ed m\u00edst pro elektromobily.<\/p>\n<p>Dob\u00edjec\u00ed stanice s v\u00fdkonem 22 kW, provozovan\u00e9 spole\u010dnost\u00ed PRE, umo\u017en\u00ed majitel\u016fm elektromobil\u016f pohodln\u00e9 dob\u00edjen\u00ed vozidel p\u0159\u00edmo ve Fashion Arena Prague Outlet, kter\u00e1 m\u00e1 v\u00a0r\u00e1mci pra\u017esk\u00e9 infrastruktury velice strategickou polohu na k\u0159\u00ed\u017een\u00ed \u0160t\u011brboholsk\u00e9 spojky a Pr\u016fmyslov\u00e9 ulice. T\u00edm se centrum st\u00e1v\u00e1 ide\u00e1ln\u00edm m\u00edstem pro z\u00e1kazn\u00edky, kte\u0159\u00ed cht\u011bj\u00ed nakupovat a z\u00e1rove\u0148 podpo\u0159it udr\u017eiteln\u00e9 zp\u016fsoby dopravy.<\/p>\n<p>&#8222;Nov\u011b instalovan\u00fdch dvacet dob\u00edjec\u00edch bod\u016f by m\u011blo l\u00e9pe pokr\u00fdt nar\u016fstaj\u00edc\u00ed popt\u00e1vku. V\u00a0r\u00e1mci tohoto projektu jsme nad r\u00e1mec d\u0159\u00edve instalovan\u00fdch rychlodob\u00edjec\u00edch stanic zvolili stanice s pomalej\u0161\u00edm nab\u00edjen\u00edm a typov\u00fdm ozna\u010den\u00edm AC o v\u00fdkonu 22 kW. Tento typ stanic by m\u011bl v\u00a0sou\u010dasnosti doplnit popt\u00e1vku na\u0161ich z\u00e1kazn\u00edk\u016f, kte\u0159\u00ed si mezit\u00edm mohou v klidu nakoupit.&#8220; uvedl Michal Hnilica, technick\u00fd \u0159editel Fashion Arena Prague Outlet. &#8222;Rostouc\u00ed trend e-mobility je nezvratn\u00fd, a my se c\u00edt\u00edme povinni reagovat na popt\u00e1vku trhu a zajistit na\u0161im n\u00e1v\u0161t\u011bvn\u00edk\u016fm p\u0159\u00edjemn\u00fd a ekologick\u00fd n\u00e1kupn\u00ed z\u00e1\u017eitek.&#8220;<\/p>\n<p>Fashion Ar\u00e9na se dohodla s Pra\u017eskou energetikou (PRE) na instalaci dal\u0161\u00edch dvaceti elektrostanic, kter\u00e9 doplnily dv\u011b st\u00e1n\u00ed na povrchov\u00e9m parkovi\u0161ti a ultrarychlou stanici o v\u00fdkonu a\u017e 150 kW se t\u0159emi typy konektor\u016f (Mennekes, CCS Combo a CHAdeMO). Ve\u0161ker\u00e9 dob\u00edjec\u00ed stanice v are\u00e1lu Fashion Ar\u00e9ny pat\u0159\u00ed do s\u00edt\u011b PREpoint, u nich\u017e lze vyu\u017e\u00edt intuitivn\u00ed aplikaci pro elektromobily Charger.PRE.<\/p>\n<p>Na \u0161etrn\u011bj\u0161\u00ed p\u0159\u00edstup k \u017eivotn\u00edmu prost\u0159ed\u00ed a trend e-mobility klade nejnav\u0161t\u011bvovan\u011bj\u0161\u00ed tuzemsk\u00e9 outletov\u00e9 centrum dlouhodob\u011b velk\u00fd d\u016fraz. V jeho are\u00e1lu nap\u0159\u00edklad funguje ofici\u00e1ln\u00ed parkovac\u00ed z\u00f3na pro ve\u0159ejn\u011b sd\u00edlen\u00e9 elektrick\u00e9 sk\u00fatry, k dispozici je bezplatn\u00e1 kyvadlov\u00e1 autobusov\u00e1 doprava a pro cyklisty jsou p\u0159ipraveny stojany na kola.<\/p>\n","protected":false},"excerpt":{"rendered":"<div class=\"mh-excerpt\"><p>\u0160t\u011brboholsk\u00e9 outletov\u00e9 centrum Fashion Arena Prague Outlet v\u00a0polovin\u011b kv\u011btna \u00fasp\u011b\u0161n\u011b zprovoznilo 20 nov\u00fdch parkovac\u00edch m\u00edst pro dob\u00edjen\u00ed elektromobil\u016f.<\/p>\n<\/div>","protected":false},"author":1,"featured_media":48761,"comment_status":"open","ping_status":"open","sticky":false,"template":"","format":"standard","meta":{"footnotes":""},"categories":[55,22],"tags":[],"class_list":["post-48730","post","type-post","status-publish","format-standard","has-post-thumbnail","hentry","category-alternativni-pohony","category-elektromobily"],"_links":{"self":[{"href":"https:\/\/www.automakersnews.cz\/index.php\/wp-json\/wp\/v2\/posts\/48730","targetHints":{"allow":["GET"]}}],"collection":[{"href":"https:\/\/www.automakersnews.cz\/index.php\/wp-json\/wp\/v2\/posts"}],"about":[{"href":"https:\/\/www.automakersnews.cz\/index.php\/wp-json\/wp\/v2\/types\/post"}],"author":[{"embeddable":true,"href":"https:\/\/www.automakersnews.cz\/index.php\/wp-json\/wp\/v2\/users\/1"}],"replies":[{"embeddable":true,"href":"https:\/\/www.automakersnews.cz\/index.php\/wp-json\/wp\/v2\/comments?post=48730"}],"version-history":[{"count":0,"href":"https:\/\/www.automakersnews.cz\/index.php\/wp-json\/wp\/v2\/posts\/48730\/revisions"}],"wp:featuredmedia":[{"embeddable":true,"href":"https:\/\/www.automakersnews.cz\/index.php\/wp-json\/wp\/v2\/media\/48761"}],"wp:attachment":[{"href":"https:\/\/www.automakersnews.cz\/index.php\/wp-json\/wp\/v2\/media?parent=48730"}],"wp:term":[{"taxonomy":"category","embeddable":true,"href":"https:\/\/www.automakersnews.cz\/index.php\/wp-json\/wp\/v2\/categories?post=48730"},{"taxonomy":"post_tag","embeddable":true,"href":"https:\/\/www.automakersnews.cz\/index.php\/wp-json\/wp\/v2\/tags?post=48730"}],"curies":[{"name":"wp","href":"https:\/\/api.w.org\/{rel}","templated":true}]}}