{"id":48875,"date":"2023-05-25T06:40:40","date_gmt":"2023-05-25T06:40:40","guid":{"rendered":"https:\/\/www.automakersnews.cz\/?p=48875"},"modified":"2023-05-25T08:25:51","modified_gmt":"2023-05-25T08:25:51","slug":"bmw-i5-melo-predpremieru-v-kunsthalle","status":"publish","type":"post","link":"https:\/\/www.automakersnews.cz\/index.php\/2023\/05\/25\/bmw-i5-melo-predpremieru-v-kunsthalle\/","title":{"rendered":"BMW i5 m\u011blo p\u0159edpremi\u00e9ru v Kunsthalle"},"content":{"rendered":"<p class=\"xmprfx_MsoNormal\"><strong>Galerie Kunsthalle na pra\u017esk\u00e9m Kl\u00e1rov\u011b hostila \u010deskou p\u0159edpremi\u00e9ru nov\u00e9ho BMW\u00a0 i5. Akce s n\u00e1zvem Closed Room prob\u011bhla je\u0161t\u011b p\u0159ed ofici\u00e1ln\u00edm zve\u0159ejn\u011bn\u00edm fotografi\u00ed modelu v konspirativn\u00ed atmosf\u00e9\u0159e, nesm\u011blo se fotit, organiz\u00e1to\u0159i novin\u00e1\u0159\u016fm zalepili objektivy fotoapar\u00e1t\u016f na mobilu.<\/strong><!--more--><\/p>\n<p class=\"xmprfx_MsoNormal\">&#8222;\u017dhavou novinku, kter\u00e1 op\u011bt posune hranice ve sv\u00e9 kategorii, m\u016f\u017eete shl\u00e9dnout na \u017eivo jako prvn\u00ed ve v\u00fdchodn\u00ed Evrop\u011b v p\u0159edpremi\u00e9\u0159e je\u0161t\u011b p\u0159ed ofici\u00e1ln\u00edm startem komunikace a zve\u0159ejn\u011bn\u00edm prvn\u00edch fotek. Museli jsme ale p\u0159ijmout opat\u0159en\u00ed, aby se fotografie nedostaly do m\u00e9di\u00ed je\u0161t\u011b p\u0159ed ofici\u00e1ln\u00edm launchem designu 24. kv\u011btna,&#8220; omlouval se \u00fa\u010dastn\u00edk\u016fm akce mluv\u010d\u00ed zna\u010dky David Haidinger.<\/p>\n<p>BMW \u0159ady 5 je na trhu od roku 1972, leto\u0161n\u00ed osm\u00e1 generace BMW \u0159ady 5 Sedan m\u00e1 b\u00fdt symbolem vysp\u011bl\u00fdch technologi\u00ed v kombinaci se sportovn\u011b elegantn\u00edm designem.\u00a0 V\u016fz se chlub\u00ed vysokou m\u00edrou elektrifikace, nejnov\u011bj\u0161\u00ed generac\u00ed displej\u016f a ovl\u00e1dac\u00edho syst\u00e9mu BMW iDrive s nov\u00fdmi digit\u00e1ln\u00edmi slu\u017ebami a v\u011bt\u0161\u00ed udr\u017eitelnost\u00ed v cel\u00e9m \u017eivotn\u00edm cyklu.<\/p>\n<p>Uveden\u00ed nov\u00e9ho BMW \u0159ady 5 Sedan na trh odstartuje v \u0159\u00edjnu 2023, p\u0159i\u010dem\u017e nov\u00e1 generace modelu bude celosv\u011btov\u011b nab\u00edzena tak\u00e9 s \u010dist\u011b elektrick\u00fdm pohonem.<\/p>\n<p>Pod kapotou budou plug-in hybridn\u00ed syst\u00e9my i z\u00e1\u017eehov\u00e9 a vzn\u011btov\u00e9 motory vybaven\u00e9 48voltovou mild hybridn\u00ed technologi\u00ed.<\/p>\n<p><img loading=\"lazy\" decoding=\"async\" class=\"alignnone size-full wp-image-48878\" src=\"http:\/\/www.automakersnews.cz\/wp-content\/uploads\/2023\/05\/BMW-i5.jpg\" alt=\"\" width=\"474\" height=\"319\" srcset=\"https:\/\/www.automakersnews.cz\/wp-content\/uploads\/2023\/05\/BMW-i5.jpg 474w, https:\/\/www.automakersnews.cz\/wp-content\/uploads\/2023\/05\/BMW-i5-300x202.jpg 300w\" sizes=\"auto, (max-width: 474px) 100vw, 474px\" \/><\/p>\n<p>Nov\u00e1 generace BMW \u0159ady 5 Touring, jej\u00ed\u017e uveden\u00ed na trh bude n\u00e1sledovat na ja\u0159e 2024, bude rovn\u011b\u017e k dispozici s \u010dist\u011b elektrick\u00fdm pohonem, stejn\u011b jako s plug-in hybridn\u00edm syst\u00e9mem i v\u00fdhradn\u011b se spalovac\u00edmi motory.<\/p>\n","protected":false},"excerpt":{"rendered":"<div class=\"mh-excerpt\"><p>Galerie Kunsthalle na pra\u017esk\u00e9m Kl\u00e1rov\u011b hostila \u010deskou p\u0159edpremi\u00e9ru nov\u00e9ho BMW\u00a0 i5. Akce s n\u00e1zvem Closed Room prob\u011bhla je\u0161t\u011b p\u0159ed ofici\u00e1ln\u00edm zve\u0159ejn\u011bn\u00edm fotografi\u00ed modelu v konspirativn\u00ed <a class=\"mh-excerpt-more\" href=\"https:\/\/www.automakersnews.cz\/index.php\/2023\/05\/25\/bmw-i5-melo-predpremieru-v-kunsthalle\/\" title=\"BMW i5 m\u011blo p\u0159edpremi\u00e9ru v Kunsthalle\">[&#8230;]<\/a><\/p>\n<\/div>","protected":false},"author":1,"featured_media":48907,"comment_status":"open","ping_status":"open","sticky":false,"template":"","format":"standard","meta":{"footnotes":""},"categories":[19,31],"tags":[],"class_list":["post-48875","post","type-post","status-publish","format-standard","has-post-thumbnail","hentry","category-design","category-premiery"],"_links":{"self":[{"href":"https:\/\/www.automakersnews.cz\/index.php\/wp-json\/wp\/v2\/posts\/48875","targetHints":{"allow":["GET"]}}],"collection":[{"href":"https:\/\/www.automakersnews.cz\/index.php\/wp-json\/wp\/v2\/posts"}],"about":[{"href":"https:\/\/www.automakersnews.cz\/index.php\/wp-json\/wp\/v2\/types\/post"}],"author":[{"embeddable":true,"href":"https:\/\/www.automakersnews.cz\/index.php\/wp-json\/wp\/v2\/users\/1"}],"replies":[{"embeddable":true,"href":"https:\/\/www.automakersnews.cz\/index.php\/wp-json\/wp\/v2\/comments?post=48875"}],"version-history":[{"count":0,"href":"https:\/\/www.automakersnews.cz\/index.php\/wp-json\/wp\/v2\/posts\/48875\/revisions"}],"wp:featuredmedia":[{"embeddable":true,"href":"https:\/\/www.automakersnews.cz\/index.php\/wp-json\/wp\/v2\/media\/48907"}],"wp:attachment":[{"href":"https:\/\/www.automakersnews.cz\/index.php\/wp-json\/wp\/v2\/media?parent=48875"}],"wp:term":[{"taxonomy":"category","embeddable":true,"href":"https:\/\/www.automakersnews.cz\/index.php\/wp-json\/wp\/v2\/categories?post=48875"},{"taxonomy":"post_tag","embeddable":true,"href":"https:\/\/www.automakersnews.cz\/index.php\/wp-json\/wp\/v2\/tags?post=48875"}],"curies":[{"name":"wp","href":"https:\/\/api.w.org\/{rel}","templated":true}]}}