{"id":48909,"date":"2023-05-25T07:23:46","date_gmt":"2023-05-25T07:23:46","guid":{"rendered":"https:\/\/www.automakersnews.cz\/?p=48909"},"modified":"2023-05-25T08:22:48","modified_gmt":"2023-05-25T08:22:48","slug":"autopalace-partnerem-pelhrimovskeho-elektrofestu","status":"publish","type":"post","link":"https:\/\/www.automakersnews.cz\/index.php\/2023\/05\/25\/autopalace-partnerem-pelhrimovskeho-elektrofestu\/","title":{"rendered":"AutoPalace partnerem ElektroFestu"},"content":{"rendered":"<p><strong>Pod z\u00e1\u0161titou Pelh\u0159imova, m\u011bsta rekord\u016f, se kon\u00e1 10. \u010dervna Festival \u010dist\u00e9 mobility \u201eElektroFest\u201c. Komer\u010dn\u00edm partnerem akce je skupina Auto Palace. Organiz\u00e1to\u0159i sezn\u00e1mili s akc\u00ed novin\u00e1\u0159e 24. kv\u011btna na pra\u017esk\u00e9m elektrick\u00e9m parn\u00edku Marie d Bohemia.<\/strong><!--more--><\/p>\n<p>&#8222;Tak jako p\u0159ed v\u00edce ne\u017e 80. lety se sjeli na n\u00e1m\u011bst\u00ed v Pelh\u0159imov\u011b milovn\u00edci spalovac\u00edch vozidel, tak i my dnes navazujeme na je\u0161t\u011b del\u0161\u00ed historii elektrovozidel. Hlavn\u00edm posl\u00e1n\u00edm ElektroFestu je uk\u00e1zat nej\u0161ir\u0161\u00ed ve\u0159ejnosti, v\u010detn\u011b zastupitel\u016f obc\u00ed, firem a dal\u0161\u00edm organizac\u00edm, aktu\u00e1ln\u00ed nab\u00eddku elektrovozidel, nab\u00eddnout praktick\u00e9 informace p\u0159\u00edmo od zku\u0161en\u00fdch elektromobilist\u016f, nav\u00e1zat kontakty se z\u00e1stupci v\u00fdrobc\u016f elektromobil\u016f. To v\u0161e spoj\u00edme se z\u00e1bavou, setk\u00e1v\u00e1n\u00edm a oko\u0159en\u00edme odbornou konferenc\u00ed,&#8220; uvedl prezident Elektrofestu Jan K\u0159i\u017eka.<\/p>\n<figure id=\"attachment_48913\" aria-describedby=\"caption-attachment-48913\" style=\"width: 1024px\" class=\"wp-caption alignnone\"><img loading=\"lazy\" decoding=\"async\" class=\"size-large wp-image-48913\" src=\"http:\/\/www.automakersnews.cz\/wp-content\/uploads\/2023\/05\/Elektrtofest-TK-Vojtek-Krizka-1024x768.jpg\" alt=\"\" width=\"1024\" height=\"768\" srcset=\"https:\/\/www.automakersnews.cz\/wp-content\/uploads\/2023\/05\/Elektrtofest-TK-Vojtek-Krizka-1024x768.jpg 1024w, https:\/\/www.automakersnews.cz\/wp-content\/uploads\/2023\/05\/Elektrtofest-TK-Vojtek-Krizka-300x225.jpg 300w, https:\/\/www.automakersnews.cz\/wp-content\/uploads\/2023\/05\/Elektrtofest-TK-Vojtek-Krizka-768x576.jpg 768w, https:\/\/www.automakersnews.cz\/wp-content\/uploads\/2023\/05\/Elektrtofest-TK-Vojtek-Krizka-1536x1152.jpg 1536w, https:\/\/www.automakersnews.cz\/wp-content\/uploads\/2023\/05\/Elektrtofest-TK-Vojtek-Krizka-678x509.jpg 678w, https:\/\/www.automakersnews.cz\/wp-content\/uploads\/2023\/05\/Elektrtofest-TK-Vojtek-Krizka-326x245.jpg 326w, https:\/\/www.automakersnews.cz\/wp-content\/uploads\/2023\/05\/Elektrtofest-TK-Vojtek-Krizka-80x60.jpg 80w, https:\/\/www.automakersnews.cz\/wp-content\/uploads\/2023\/05\/Elektrtofest-TK-Vojtek-Krizka.jpg 2040w\" sizes=\"auto, (max-width: 1024px) 100vw, 1024px\" \/><figcaption id=\"caption-attachment-48913\" class=\"wp-caption-text\">Tiskovku na parn\u00edku moderoval Roman Vojtek, s programem ElektroFestu sezn\u00e1mil novin\u00e1\u0159e Honza K\u0159i\u017eka<\/figcaption><\/figure>\n<p>V lo\u0148sk\u00e9m ro\u010dn\u00edku na historick\u00e9m n\u00e1m\u011bst\u00ed partne\u0159i akce vystavovali sv\u00e9 automobily a produkty, doprov\u00e1zen\u00e9 programem pro v\u0161echny n\u00e1v\u0161t\u011bvn\u00edky. D\u00edky <strong>velk\u00e9 p\u0159ehl\u00eddce elektromobil\u016f<\/strong>\u00a0v\u0161ech r\u016fzn\u00fdch zna\u010dek mohli n\u00e1v\u0161t\u011bvn\u00edci detailn\u011b prozkoumat, \u017ee nab\u00eddka elektroaut u\u017e nen\u00ed omezen\u00e1 jen na &#8222;malobaterk\u00e1\u010de&#8220;.<\/p>\n<p>&#8222;Lo\u0148sk\u00fd rekord 127 elektroaut na t\u00e9m\u017ee m\u00edst\u011b se sice o fous nepovedlo p\u0159ekonat, ale i tak bylo na co koukat. Sv\u00e9 elektrick\u00e9 vozy p\u0159edstavily i Policie \u010cR nebo M\u011bstsk\u00e1 policie v T\u00e1bo\u0159e,&#8220; uvedl na leto\u0161n\u00ed vltavsk\u00e9 plavb\u011b K\u0159i\u017eka.<\/p>\n<p><img loading=\"lazy\" decoding=\"async\" class=\"alignnone size-large wp-image-48914\" src=\"http:\/\/www.automakersnews.cz\/wp-content\/uploads\/2023\/05\/Elektrofest-parnik-Hradcany-1024x768.jpg\" alt=\"\" width=\"1024\" height=\"768\" \/><\/p>\n<p>Hlavn\u00ed program ElektroFestu je p\u0159ipraven <strong>na sobotu 10. \u010dervna 2023 12-18 hod do lokality u KD M\u00e1j<\/strong>. V sobotu m\u016f\u017eete t\u00e9\u017e nav\u0161t\u00edvit akci Pelh\u0159imov &#8211; m\u011bsto rekord\u016f a koncert M\u0148\u00e1ga a \u017e\u010forp.<\/p>\n","protected":false},"excerpt":{"rendered":"<div class=\"mh-excerpt\"><p>Pod z\u00e1\u0161titou Pelh\u0159imova, m\u011bsta rekord\u016f, se kon\u00e1 10. \u010dervna Festival \u010dist\u00e9 mobility \u201eElektroFest\u201c. Komer\u010dn\u00edm partnerem akce je skupina Auto Palace. Organiz\u00e1to\u0159i sezn\u00e1mili s akc\u00ed novin\u00e1\u0159e <a class=\"mh-excerpt-more\" href=\"https:\/\/www.automakersnews.cz\/index.php\/2023\/05\/25\/autopalace-partnerem-pelhrimovskeho-elektrofestu\/\" title=\"AutoPalace partnerem ElektroFestu\">[&#8230;]<\/a><\/p>\n<\/div>","protected":false},"author":1,"featured_media":48912,"comment_status":"open","ping_status":"open","sticky":false,"template":"","format":"standard","meta":{"footnotes":""},"categories":[22,2,28],"tags":[],"class_list":["post-48909","post","type-post","status-publish","format-standard","has-post-thumbnail","hentry","category-elektromobily","category-news","category-vystavy"],"_links":{"self":[{"href":"https:\/\/www.automakersnews.cz\/index.php\/wp-json\/wp\/v2\/posts\/48909","targetHints":{"allow":["GET"]}}],"collection":[{"href":"https:\/\/www.automakersnews.cz\/index.php\/wp-json\/wp\/v2\/posts"}],"about":[{"href":"https:\/\/www.automakersnews.cz\/index.php\/wp-json\/wp\/v2\/types\/post"}],"author":[{"embeddable":true,"href":"https:\/\/www.automakersnews.cz\/index.php\/wp-json\/wp\/v2\/users\/1"}],"replies":[{"embeddable":true,"href":"https:\/\/www.automakersnews.cz\/index.php\/wp-json\/wp\/v2\/comments?post=48909"}],"version-history":[{"count":0,"href":"https:\/\/www.automakersnews.cz\/index.php\/wp-json\/wp\/v2\/posts\/48909\/revisions"}],"wp:featuredmedia":[{"embeddable":true,"href":"https:\/\/www.automakersnews.cz\/index.php\/wp-json\/wp\/v2\/media\/48912"}],"wp:attachment":[{"href":"https:\/\/www.automakersnews.cz\/index.php\/wp-json\/wp\/v2\/media?parent=48909"}],"wp:term":[{"taxonomy":"category","embeddable":true,"href":"https:\/\/www.automakersnews.cz\/index.php\/wp-json\/wp\/v2\/categories?post=48909"},{"taxonomy":"post_tag","embeddable":true,"href":"https:\/\/www.automakersnews.cz\/index.php\/wp-json\/wp\/v2\/tags?post=48909"}],"curies":[{"name":"wp","href":"https:\/\/api.w.org\/{rel}","templated":true}]}}