{"id":48916,"date":"2023-05-25T07:44:25","date_gmt":"2023-05-25T07:44:25","guid":{"rendered":"https:\/\/www.automakersnews.cz\/?p=48916"},"modified":"2023-05-25T07:47:10","modified_gmt":"2023-05-25T07:47:10","slug":"tatra-ukazala-radu-force-v-brne","status":"publish","type":"post","link":"https:\/\/www.automakersnews.cz\/index.php\/2023\/05\/25\/tatra-ukazala-radu-force-v-brne\/","title":{"rendered":"Tatra uk\u00e1zala \u0159adu Force na Pyrosu v Brn\u011b"},"content":{"rendered":"<p class=\"xmprfx_MsoNormal\"><b>Na brn\u011bnsk\u00e9m v\u00fdstavi\u0161ti se 24. kv\u011btna v r\u00e1mci veletrhu PYROS 2023 uskute\u010dnilo slavnostn\u00ed odhalen\u00ed nov\u00e9 generace automobil\u016f modelov\u00e9 \u0159ady Tatra Force.<\/b><!--more--><\/p>\n<p class=\"xmprfx_MsoNormal\">Automobilka Tatra Trucks ve sv\u011btov\u00e9 premi\u00e9\u0159e p\u0159edstavila nov\u00e9 vozy v hasi\u010dsk\u00e9m proveden\u00ed, nab\u00edzet je ale samoz\u0159ejm\u011b bude i ve variant\u00e1ch pro dal\u0161\u00ed segmenty. Nov\u00e1 generace roz\u0161\u00ed\u0159\u00ed nab\u00eddku verz\u00ed ve srovn\u00e1n\u00ed se st\u00e1vaj\u00edc\u00ed generac\u00ed \u0159ady Force, \u010d\u00edm\u017e z\u00e1rove\u0148 ve v\u00fdrobn\u00edm portfoliu Tatry nahrad\u00ed modelovou \u0159adu Terra.<\/p>\n<p class=\"xmprfx_MsoNormal\">Ji\u017e t\u0159et\u00ed generace modelov\u00e9 \u0159ady Tatra Force vedle z\u00e1sadn\u00edho vylep\u0161en\u00ed koncepce s n\u00edzko polo\u017eenou kabinou a motorem nad p\u0159edn\u00ed n\u00e1pravou p\u0159in\u00e1\u0161\u00ed roz\u0161\u00ed\u0159en\u00ed portfolia o varianty s motorem um\u00edst\u011bn\u00fdm vp\u0159edu.<\/p>\n<p class=\"xmprfx_MsoNormal\">\u201eTatra Force je na\u0161e kl\u00ed\u010dov\u00e1 typov\u00e1 \u0159ada a m\u00e1 velk\u00fd rozvojov\u00fd potenci\u00e1l. To dokazuj\u00ed dnes p\u0159edstaven\u00e9 nov\u00e9 vozy, kter\u00e9 maj\u00ed d\u016fkladn\u011b vylep\u0161en\u00e9 kabiny, podvozek a \u0161irokou nab\u00eddku modern\u00edch motor\u016f, je\u017e v\u00fdhledov\u011b dopln\u00ed i pohony alternativn\u00ed,\u201c \u0159ekl dnes p\u0159i sv\u011btov\u00e9 premi\u00e9\u0159e nov\u00fdch voz\u016f gener\u00e1ln\u00ed \u0159editel Tatry Luk\u00e1\u0161 Andr\u00fdsek.<\/p>\n<p class=\"xmprfx_MsoNormal\">Slavnostn\u00ed akt se uskute\u010dnil na spole\u010dn\u00e9m st\u00e1nku spole\u010dnost\u00ed Tatra Trucks a THT Poli\u010dka za \u00fa\u010dasti gener\u00e1ln\u00edho \u0159editele HZS \u010cR genmjr. Vladim\u00edra Vl\u010dka, prezidenta AOBP Ji\u0159\u00edho Hynka, \u0159editele THT Poli\u010dka Stanislava \u010cerven\u00e9ho, z\u00e1stupc\u016f spole\u010dnosti Tatra Trucks v \u010dele s gener\u00e1ln\u00edm \u0159editelem Luk\u00e1\u0161em Andr\u00fdskem\u00a0a akcion\u00e1\u0159\u016f Tatry reprezentuj\u00edc\u00ed holdingy Czechoslovak Group a Promet Group.<\/p>\n<p class=\"xmprfx_MsoNormal\">M\u00e9di\u00edm a n\u00e1v\u0161t\u011bvn\u00edk\u016fm veletrhu PYROS 2023 se p\u0159edstavily nov\u00e9 vozy v proveden\u00ed cisternov\u00e1 automobilov\u00e1 st\u0159\u00edka\u010dka na podvozku 4&#215;4 s \u010dty\u0159dve\u0159ovou kabinou a hasi\u010dskou n\u00e1stavbou od THT Poli\u010dka a d\u00e1le \u00a0jako podvozek 6&#215;6 s kr\u00e1tkou dvoudve\u0159ovou kabinou p\u0159ipraven\u00fd pro mont\u00e1\u017e hasi\u010dsk\u00e9 cisterny.<\/p>\n<p class=\"xmprfx_MsoNormal\">Automobily nov\u00e9 generace modelov\u00e9 \u0159ady Tatra Force bude automobilka nab\u00edzet v tradi\u010dn\u00edch i nov\u00fdch segmentech, tedy pro hasi\u010dsk\u00e9 a z\u00e1chran\u00e1\u0159sk\u00e9 slo\u017eky, arm\u00e1dy a bezpe\u010dnostn\u00ed organizace, ale nap\u0159\u00edklad i pro t\u011b\u017eebn\u00ed \u010di stavebn\u00ed pr\u016fmysl, pro v\u00fdrobce speci\u00e1ln\u00edch n\u00e1staveb a v dal\u0161\u00edch odv\u011btv\u00edch.<\/p>\n<p class=\"xmprfx_MsoNormal\"><b>Nov\u00e9 kabiny v kr\u00e1tk\u00e9 i prodlou\u017een\u00e9 verzi<\/b><\/p>\n<p class=\"xmprfx_MsoNormal\">Nov\u00e9 kabiny s p\u0159epracovan\u00fdm skeletem a modern\u00edmi konstruk\u010dn\u00edmi prvky p\u0159in\u00e1\u0161ej\u00ed zv\u00fd\u0161enou bezpe\u010dnost a novou \u00farove\u0148 komfortu pro \u0159idi\u010de i celou os\u00e1dku, v\u010detn\u011b lep\u0161\u00edho v\u00fdhledu.<\/p>\n<p class=\"xmprfx_MsoNormal\">\u201eKr\u00e1tk\u00e9 i prodlou\u017een\u00e9 kabiny se vyzna\u010duj\u00ed malou celkovou v\u00fd\u0161kou, kter\u00e1 umo\u017e\u0148uje pr\u016fjezd v n\u00edzk\u00fdch profilech a sni\u017euje riziko po\u0161kozen\u00ed automobil\u016f. Nechyb\u00ed integrovan\u00e1 ochrana os\u00e1dky p\u0159i p\u0159evr\u00e1cen\u00ed vozidla, u dvoudve\u0159ov\u00fdch variant je k dispozici i ochrana proti padaj\u00edc\u00edm p\u0159edm\u011bt\u016fm. Nov\u00fd design kabiny jsme volili tak\u00e9 s ohledem na pohodln\u011bj\u0161\u00ed a snaz\u0161\u00ed n\u00e1stup na m\u00edsto \u0159idi\u010de i spolujezdce a maxim\u00e1ln\u011b bezpe\u010dn\u00fd n\u00e1stup do zadn\u00ed \u010d\u00e1sti prodlou\u017een\u00e9 kabiny,\u201c p\u0159ibl\u00ed\u017eil Radom\u00edr Smolka, \u0159editel v\u00fdzkumu a v\u00fdvoje automobilky Tatra Trucks, kter\u00fd m\u011bl v\u00fdvoj nov\u00e9ho vozu na starosti.<\/p>\n<p class=\"xmprfx_MsoNormal\">U dvoudve\u0159ov\u00e9 kabiny je mo\u017en\u00e9 zvolit konfiguraci sedadel pro dvou, t\u0159\u00ed a \u010dty\u0159\u010dlennou pos\u00e1dku v\u010detn\u011b \u0159idi\u010de. \u010cty\u0159dve\u0159ov\u00e1 kabina m\u00e1 plnohodnotn\u00fd prostor pro zadn\u00ed \u0159adu sedadel a nab\u00edz\u00ed z\u00e1kladn\u00ed konfiguraci pro \u0161esti\u010dlennou os\u00e1dku v\u010detn\u011b \u0159idi\u010de, nebo roz\u0161\u00ed\u0159enou pro osmi\u010dlennou os\u00e1dku se sedadly ve t\u0159ech \u0159ad\u00e1ch.<\/p>\n<p class=\"xmprfx_MsoNormal\">\u201eV kabin\u011b vybaven\u00e9 nov\u00fdmi obkladov\u00fdmi materi\u00e1ly jsme instalovali modern\u00ed p\u0159\u00edstrojovou desku kombinuj\u00edc\u00ed klasick\u00e9 sp\u00edna\u010de a ovl\u00e1d\u00e1n\u00ed p\u0159es displej, \u0159idi\u010d m\u00e1 k dispozici tak\u00e9 multifunk\u010dn\u00ed volant. Novinkou je mo\u017enost mont\u00e1\u017ee vzduchem odpru\u017een\u00fdch seda\u010dek pro \u0159idi\u010de a spolujezdce, os\u00e1dka m\u00e1 tak\u00e9 k dispozici novou topn\u011b-klimatiza\u010dn\u00ed jednotku, kterou dopl\u0148uje vylep\u0161en\u00e1 izolace kabiny,\u201c vysv\u011btlil Radom\u00edr Smolka.<\/p>\n<p class=\"xmprfx_MsoNormal\"><b>Modernizovan\u00e9 osmi i dvan\u00e1ctiv\u00e1lcov\u00e9 motory Tatra<\/b><\/p>\n<p class=\"xmprfx_MsoNormal\">Nov\u00e1 generace voz\u016f Tatra Force stoj\u00ed na tatrov\u00e1ck\u00e9m podvozku s centr\u00e1ln\u00ed nosnou rourou a v\u00fdkyvn\u00fdmi nez\u00e1visle zav\u011b\u0161en\u00fdmi polon\u00e1pravami. V t\u00e9to oblasti navazuje na v\u00fdjime\u010dn\u00e9 j\u00edzdn\u00ed vlastnosti p\u0159edchoz\u00edch dvou generac\u00ed v ter\u00e9nu i na silnic\u00edch. Jde p\u0159edev\u0161\u00edm o nadpr\u016fm\u011brn\u00e9 hodnoty n\u00e1jezdov\u00fdch \u00fahl\u016f, velmi dobrou pr\u016fchodnost t\u011b\u017ek\u00fdm ter\u00e9nem a j\u00edzdn\u00ed stabilitu. Z\u00e1kladn\u00ed proveden\u00ed v nab\u00eddce budou reprezentovat podvozky 4&#215;4, 6&#215;6 a 8&#215;8 s kotou\u010dov\u00fdmi brzdami na v\u0161ech kolech. Stejn\u011b jako u p\u0159edchoz\u00edch generac\u00ed jsou ale pro z\u00e1kazn\u00edky k dispozici i v\u00edcen\u00e1pravov\u00e9 verze s r\u016fzn\u00fdm po\u010dtem hnan\u00fdch a \u0159iditeln\u00fdch n\u00e1prav. Nov\u00e9 vozy v hasi\u010dsk\u00e9m proveden\u00ed standardn\u011b disponuj\u00ed i ochranou elektrick\u00fdch a vzduchov\u00fdch svazk\u016f um\u00edst\u011bn\u00fdch na podvozku pomoc\u00ed \u017e\u00e1ruvzdorn\u00fdch materi\u00e1l\u016f.<\/p>\n<p><img loading=\"lazy\" decoding=\"async\" class=\"alignnone size-large wp-image-48920\" src=\"http:\/\/www.automakersnews.cz\/wp-content\/uploads\/2023\/05\/Tatra-Force-odhaleni-4-1024x787.jpg\" alt=\"\" width=\"1024\" height=\"787\" \/><\/p>\n<p class=\"xmprfx_MsoNormal\"><a target=\"_blank\" rel=\"noopener noreferrer\" name=\"m_2559295276715267404_m_-6043895136157384854__heading=h.dzh8eqgxrfbz\"><\/a>\u201eAutomobily nov\u00e9 generace budou v z\u00e1kladn\u00ed verzi osazeny modernizovan\u00fdm elektronicky \u0159\u00edzen\u00fdm vzduchem p\u0159\u00edmo chlazen\u00fdm osmiv\u00e1lcov\u00fdm motorem Tatra o v\u00fdkonu a\u017e 340 kW. Vybran\u00e9 varianty mohou b\u00fdt vybaveny i novou generac\u00ed vzduchem chlazen\u00e9ho dvan\u00e1ctiv\u00e1lcov\u00e9ho motoru Tatra o v\u00fdkonu a\u017e 440 kW,\u201c dodal Radom\u00edr Smolka.<\/p>\n<p class=\"xmprfx_MsoNormal\">Sou\u010d\u00e1st\u00ed standardn\u00ed nab\u00eddky budou i kapalinou chlazen\u00e9 motory Cummins, v\u010detn\u011b verz\u00ed Euro VI pro vybran\u00e9 trhy. K dispozici jsou deseti nebo \u010dtrn\u00e1ctistup\u0148ov\u00e9 p\u0159evodovky Tatra s vylep\u0161en\u00fdm elektronick\u00fdm \u0159azen\u00edm a d\u00e1le dvan\u00e1ctistup\u0148ov\u00e1 automatizovan\u00e1 p\u0159evodovka ZF TraXon nebo \u0161estistup\u0148ov\u00e1 automatick\u00e1 p\u0159evodovka Allison.<\/p>\n<p class=\"xmprfx_MsoNormal\"><a target=\"_blank\" rel=\"noopener noreferrer\" name=\"m_2559295276715267404_m_-6043895136157384854__heading=h.30j0zll\"><\/a>Prvn\u00ed generaci modelov\u00e9 \u0159ady Tatra Force za\u010dala kop\u0159ivnick\u00e1 automobilka dod\u00e1vat v roce 2007. V roce 2016 p\u0159i\u0161la na trh druh\u00e1 generace, kter\u00e1 p\u0159inesla modernizaci standardn\u00edch dvou i \u010dty\u0159dve\u0159ov\u00fdch kabin, z\u00e1sadn\u00ed novinkou bylo roz\u0161\u00ed\u0159en\u00ed nab\u00eddky o verze n\u00e1prav s\u00a0kotou\u010dov\u00fdmi brzdami a nov\u00e9 \u0159\u00edzen\u00ed p\u0159evzat\u00e9 z\u00a0\u0159ady Tatra Phoenix.<\/p>\n<p class=\"xmprfx_MsoNormal\">Tatra Trucks tak\u00e9 za\u010dala v t\u00e9 dob\u011b ve spolupr\u00e1ci s podnikem Tatra Defence Vehicle nab\u00edzet pro modelovou \u0159adu Force panc\u00e9\u0159ovan\u00e9 kabiny, rovn\u011b\u017e ve dvou i \u010dty\u0159dve\u0159ov\u00e9m proveden\u00ed. Tato mo\u017enost bude zachov\u00e1na i u nejnov\u011bj\u0161\u00ed t\u0159et\u00ed generace.<\/p>\n","protected":false},"excerpt":{"rendered":"<div class=\"mh-excerpt\"><p>Na brn\u011bnsk\u00e9m v\u00fdstavi\u0161ti se 24. kv\u011btna v r\u00e1mci veletrhu PYROS 2023 uskute\u010dnilo slavnostn\u00ed odhalen\u00ed nov\u00e9 generace automobil\u016f modelov\u00e9 \u0159ady Tatra Force.<\/p>\n<\/div>","protected":false},"author":1,"featured_media":48917,"comment_status":"open","ping_status":"open","sticky":false,"template":"","format":"standard","meta":{"footnotes":""},"categories":[28],"tags":[],"class_list":["post-48916","post","type-post","status-publish","format-standard","has-post-thumbnail","hentry","category-vystavy"],"_links":{"self":[{"href":"https:\/\/www.automakersnews.cz\/index.php\/wp-json\/wp\/v2\/posts\/48916","targetHints":{"allow":["GET"]}}],"collection":[{"href":"https:\/\/www.automakersnews.cz\/index.php\/wp-json\/wp\/v2\/posts"}],"about":[{"href":"https:\/\/www.automakersnews.cz\/index.php\/wp-json\/wp\/v2\/types\/post"}],"author":[{"embeddable":true,"href":"https:\/\/www.automakersnews.cz\/index.php\/wp-json\/wp\/v2\/users\/1"}],"replies":[{"embeddable":true,"href":"https:\/\/www.automakersnews.cz\/index.php\/wp-json\/wp\/v2\/comments?post=48916"}],"version-history":[{"count":0,"href":"https:\/\/www.automakersnews.cz\/index.php\/wp-json\/wp\/v2\/posts\/48916\/revisions"}],"wp:featuredmedia":[{"embeddable":true,"href":"https:\/\/www.automakersnews.cz\/index.php\/wp-json\/wp\/v2\/media\/48917"}],"wp:attachment":[{"href":"https:\/\/www.automakersnews.cz\/index.php\/wp-json\/wp\/v2\/media?parent=48916"}],"wp:term":[{"taxonomy":"category","embeddable":true,"href":"https:\/\/www.automakersnews.cz\/index.php\/wp-json\/wp\/v2\/categories?post=48916"},{"taxonomy":"post_tag","embeddable":true,"href":"https:\/\/www.automakersnews.cz\/index.php\/wp-json\/wp\/v2\/tags?post=48916"}],"curies":[{"name":"wp","href":"https:\/\/api.w.org\/{rel}","templated":true}]}}