{"id":49234,"date":"2023-05-26T05:37:15","date_gmt":"2023-05-26T05:37:15","guid":{"rendered":"https:\/\/www.automakersnews.cz\/?p=49234"},"modified":"2023-05-26T05:37:15","modified_gmt":"2023-05-26T05:37:15","slug":"vydavatel-petr-ehrlich-oslavil-60-let","status":"publish","type":"post","link":"https:\/\/www.automakersnews.cz\/index.php\/2023\/05\/26\/vydavatel-petr-ehrlich-oslavil-60-let\/","title":{"rendered":"Vydavatel Petr Ehrlich oslavil 60 let"},"content":{"rendered":"<p class=\"v1MsoNormal\"><strong>Kulat\u00fdch \u0161edes\u00e1tin se 25. kv\u011btna do\u017eil medi\u00e1ln\u00ed podnikatel, vydavatel \u010dasopisu EVO a PR mana\u017eer Petr Ehrlich, zn\u00e1m\u00fd v motoristick\u00e9 bran\u017ei jako majitel spole\u010dnosti Ehrlich63<\/strong>.<\/p>\n<p class=\"v1MsoNormal\">Ehrlich se v\u011bnuje krom\u011b vyd\u00e1v\u00e1n\u00ed motoristick\u00fdch \u010dasopis\u016f a magaz\u00edn\u016f z oblasti jachtingu, bydlen\u00ed \u010di kulin\u00e1\u0159stv\u00ed, tak\u00e9 dal\u0161\u00ed vydavatelsk\u00e9 \u010dinnosti, reklamn\u00edm a PR aktivit\u00e1m, po\u0159\u00e1d\u00e1n\u00edm v\u00fdstav a n\u011bjak\u00fd \u010das i \u00fasp\u011b\u0161n\u00e9mu po\u0159\u00e1d\u00e1n\u00edm anket Automobil roku a Motocykl roku.<\/p>\n<p class=\"v1MsoNormal\">Petr sv\u00e9 podnikatelsk\u00e9 aktivity v posledn\u00ed dob\u011b omezil a p\u0159estal se i vyskytovat i mezi motoristick\u00fdmi novin\u00e1\u0159i.<\/p>\n<p class=\"v1MsoNormal\">Nezaru\u010den\u00e9 informace mluv\u00ed o jeho zdravotn\u00edch, ale i dal\u0161\u00edch pot\u00ed\u017e\u00edch a z\u00a0dostupn\u00fdch ofici\u00e1ln\u00edch pramen\u016f vypl\u00fdv\u00e1, \u017ee jeho spole\u010dnost, zalo\u017een\u00e1 v\u00a0dubnu 1993, tedy p\u0159ed t\u0159iceti lety, p\u0159eru\u0161ila k 25. lednu 2023 \u201eprovozov\u00e1n\u00ed \u017eivnosti\u201c.<\/p>\n<p class=\"v1MsoNormal\">V\u00a0ka\u017ed\u00e9m p\u0159\u00edpad\u011b p\u0159ejeme \u010derstv\u00e9mu \u0161edes\u00e1tn\u00edkovi Petrovi do jeho dal\u0161\u00edho \u017eivota hlavn\u011b hodn\u011b zdrav\u00ed a pokud se pot\u00fdk\u00e1 s\u00a0jak\u00fdmikoli probl\u00e9my, tak \u00fasp\u011b\u0161n\u00fd restart do dal\u0161\u00edho aktivn\u00edho \u017eivota.<\/p>\n<p><strong>Zdroj: Karel Ber\u00e1nek<\/strong><\/p>\n","protected":false},"excerpt":{"rendered":"<div class=\"mh-excerpt\"><p>Kulat\u00fdch \u0161edes\u00e1tin se 25. kv\u011btna do\u017eil medi\u00e1ln\u00ed podnikatel, vydavatel \u010dasopisu EVO a PR mana\u017eer Petr Ehrlich, zn\u00e1m\u00fd v motoristick\u00e9 bran\u017ei jako majitel spole\u010dnosti Ehrlich63. Ehrlich <a class=\"mh-excerpt-more\" href=\"https:\/\/www.automakersnews.cz\/index.php\/2023\/05\/26\/vydavatel-petr-ehrlich-oslavil-60-let\/\" title=\"Vydavatel Petr Ehrlich oslavil 60 let\">[&#8230;]<\/a><\/p>\n<\/div>","protected":false},"author":1,"featured_media":49235,"comment_status":"open","ping_status":"open","sticky":false,"template":"","format":"standard","meta":{"footnotes":""},"categories":[3,23],"tags":[],"class_list":["post-49234","post","type-post","status-publish","format-standard","has-post-thumbnail","hentry","category-personalie","category-vyroci"],"_links":{"self":[{"href":"https:\/\/www.automakersnews.cz\/index.php\/wp-json\/wp\/v2\/posts\/49234","targetHints":{"allow":["GET"]}}],"collection":[{"href":"https:\/\/www.automakersnews.cz\/index.php\/wp-json\/wp\/v2\/posts"}],"about":[{"href":"https:\/\/www.automakersnews.cz\/index.php\/wp-json\/wp\/v2\/types\/post"}],"author":[{"embeddable":true,"href":"https:\/\/www.automakersnews.cz\/index.php\/wp-json\/wp\/v2\/users\/1"}],"replies":[{"embeddable":true,"href":"https:\/\/www.automakersnews.cz\/index.php\/wp-json\/wp\/v2\/comments?post=49234"}],"version-history":[{"count":0,"href":"https:\/\/www.automakersnews.cz\/index.php\/wp-json\/wp\/v2\/posts\/49234\/revisions"}],"wp:featuredmedia":[{"embeddable":true,"href":"https:\/\/www.automakersnews.cz\/index.php\/wp-json\/wp\/v2\/media\/49235"}],"wp:attachment":[{"href":"https:\/\/www.automakersnews.cz\/index.php\/wp-json\/wp\/v2\/media?parent=49234"}],"wp:term":[{"taxonomy":"category","embeddable":true,"href":"https:\/\/www.automakersnews.cz\/index.php\/wp-json\/wp\/v2\/categories?post=49234"},{"taxonomy":"post_tag","embeddable":true,"href":"https:\/\/www.automakersnews.cz\/index.php\/wp-json\/wp\/v2\/tags?post=49234"}],"curies":[{"name":"wp","href":"https:\/\/api.w.org\/{rel}","templated":true}]}}