{"id":49238,"date":"2023-05-26T06:07:54","date_gmt":"2023-05-26T06:07:54","guid":{"rendered":"https:\/\/www.automakersnews.cz\/?p=49238"},"modified":"2023-05-26T06:10:19","modified_gmt":"2023-05-26T06:10:19","slug":"slavnost-legendy-slibuje-radu-premier","status":"publish","type":"post","link":"https:\/\/www.automakersnews.cz\/index.php\/2023\/05\/26\/slavnost-legendy-slibuje-radu-premier\/","title":{"rendered":"Slavnost Legendy slibuje \u0159adu premi\u00e9r"},"content":{"rendered":"<p><strong>Hole\u0161ovick\u00e9 v\u00fdstavi\u0161t\u011b host\u00ed 27. \u2013 28. kv\u011btna motoristickou slavnost Legendy. V\u00fdstava slibuje \u0159adu n\u00e1rodn\u00edch premi\u00e9r, k vid\u011bn\u00ed budou i diskuse s osobnostmi automotive oboru.<\/strong><span id=\"more-152101\"><\/span><!--more--><\/p>\n<p>\u201cKa\u017ed\u00fd m\u00e1 svou Legendu! Proto jsem slavnost kdysi nazval \u201cLEGENDY\u201d. Pro mlad\u00e9ho n\u00e1v\u0161t\u011bvn\u00edka je legend\u00e1rn\u00ed automobil Bugatti Veyron, pro star\u0161\u00edho n\u00e1v\u0161t\u011bvn\u00edka jsou to vozy z d\u011btstv\u00ed. Na Legend\u00e1ch si ka\u017ed\u00fd najde svou legendu,&#8220; popisuje smysl akce jej\u00ed organiz\u00e1tor Lubor Kos.<\/p>\n<p>Co bude k vid\u011bn\u00ed letos? \u0160kodovka pr\u00e1v\u011b p\u0159ich\u00e1z\u00ed s luxusn\u00ed variantou Enyaq Laurin &amp; Klement, kterou poprv\u00e9 p\u0159edstav\u00ed dom\u00e1c\u00edmu publiku pr\u00e1v\u011b v Hole\u0161ovic\u00edch. Z\u00e1jemci se tam mohou sezn\u00e1mit i s dal\u0161\u00edmi vozy zna\u010dky \u0160koda, a to nejen ze s\u00e9riov\u00e9 produkce.<\/p>\n<p>Ford loni poprv\u00e9 uk\u00e1zal nov\u00e9 verze Focusu a Raptoru, letos poprv\u00e9 p\u0159edstav\u00ed na st\u00e1nku sv\u00e9ho pra\u017esk\u00e9ho dealera Auto Motol Beni sedmou generaci Mustangu.<\/p>\n<p><span class=\"v1ContentPasted0\">Hyundai Motor Czech na slavnosti Legendy\u00a0v\u016fbec\u00a0poprv\u00e9\u00a0v\u00a0\u010cR p\u0159edstav\u00ed\u00a0novou generaci\u00a0modelu KONA. Automobilka ve sv\u00e9 expozici vystav\u00ed\u00a0dva hybridn\u00ed vozy\u00a0\u2013 jeden ve standardn\u00ed v\u00fdbav\u011b, druh\u00fd ve\u00a0sportovn\u00edm v\u00fdbavov\u00e9m stupni\u00a0N Line. <\/span><\/p>\n<p><img loading=\"lazy\" decoding=\"async\" class=\"alignnone size-large wp-image-49271\" src=\"http:\/\/www.automakersnews.cz\/wp-content\/uploads\/2023\/05\/Kona_N_10_DSC6397-1024x683.jpg\" alt=\"\" width=\"1024\" height=\"683\" \/><\/p>\n<p><span class=\"v1ContentPasted0\">Dal\u0161\u00edm tah\u00e1kem bude\u00a0 futuristick\u00fd koncept N Vision 74\u00a0kombinuj\u00edc\u00ed bateriov\u00fd a vod\u00edkov\u00fd pohon. \u00a0<\/span><\/p>\n<p class=\"v1MsoNormal\">Toyota v Hole\u0161ovic\u00edch zah\u00e1j\u00ed projekt Gazoo Racing Czech.Tom\u00e1\u0161 Ou\u0159edn\u00ed\u010dek na akci odhal\u00ed tov\u00e1rn\u00ed dakarsk\u00fd speci\u00e1l Toyota Hilux T1+, se kter\u00fdm v\u00a0z\u00e1vodn\u00edm t\u00fdmu TGR Czech vyraz\u00ed ji\u017e na nadch\u00e1zej\u00edc\u00ed Rallye Dakar 2024, FIA Mistrovstv\u00ed sv\u011bta a prozrad\u00ed bli\u017e\u0161\u00ed detaily z\u00a0cel\u00e9ho projektu.<\/p>\n<p>&nbsp;<\/p>\n<p>&nbsp;<\/p>\n","protected":false},"excerpt":{"rendered":"<div class=\"mh-excerpt\"><p>Hole\u0161ovick\u00e9 v\u00fdstavi\u0161t\u011b host\u00ed 27. \u2013 28. kv\u011btna motoristickou slavnost Legendy. V\u00fdstava slibuje \u0159adu n\u00e1rodn\u00edch premi\u00e9r, k vid\u011bn\u00ed budou i diskuse s osobnostmi automotive oboru.<\/p>\n<\/div>","protected":false},"author":1,"featured_media":49269,"comment_status":"open","ping_status":"open","sticky":false,"template":"","format":"standard","meta":{"footnotes":""},"categories":[2,28],"tags":[],"class_list":["post-49238","post","type-post","status-publish","format-standard","has-post-thumbnail","hentry","category-news","category-vystavy"],"_links":{"self":[{"href":"https:\/\/www.automakersnews.cz\/index.php\/wp-json\/wp\/v2\/posts\/49238","targetHints":{"allow":["GET"]}}],"collection":[{"href":"https:\/\/www.automakersnews.cz\/index.php\/wp-json\/wp\/v2\/posts"}],"about":[{"href":"https:\/\/www.automakersnews.cz\/index.php\/wp-json\/wp\/v2\/types\/post"}],"author":[{"embeddable":true,"href":"https:\/\/www.automakersnews.cz\/index.php\/wp-json\/wp\/v2\/users\/1"}],"replies":[{"embeddable":true,"href":"https:\/\/www.automakersnews.cz\/index.php\/wp-json\/wp\/v2\/comments?post=49238"}],"version-history":[{"count":0,"href":"https:\/\/www.automakersnews.cz\/index.php\/wp-json\/wp\/v2\/posts\/49238\/revisions"}],"wp:featuredmedia":[{"embeddable":true,"href":"https:\/\/www.automakersnews.cz\/index.php\/wp-json\/wp\/v2\/media\/49269"}],"wp:attachment":[{"href":"https:\/\/www.automakersnews.cz\/index.php\/wp-json\/wp\/v2\/media?parent=49238"}],"wp:term":[{"taxonomy":"category","embeddable":true,"href":"https:\/\/www.automakersnews.cz\/index.php\/wp-json\/wp\/v2\/categories?post=49238"},{"taxonomy":"post_tag","embeddable":true,"href":"https:\/\/www.automakersnews.cz\/index.php\/wp-json\/wp\/v2\/tags?post=49238"}],"curies":[{"name":"wp","href":"https:\/\/api.w.org\/{rel}","templated":true}]}}