{"id":501,"date":"2022-09-18T20:01:42","date_gmt":"2022-09-18T20:01:42","guid":{"rendered":"http:\/\/www.automakersnews.cz\/?p=501"},"modified":"2022-09-18T20:44:28","modified_gmt":"2022-09-18T20:44:28","slug":"acea-prodeje-aut-v-eu-predstaly-klesat","status":"publish","type":"post","link":"https:\/\/www.automakersnews.cz\/index.php\/2022\/09\/18\/acea-prodeje-aut-v-eu-predstaly-klesat\/","title":{"rendered":"ACEA: Prodeje aut v EU p\u0159estaly klesat"},"content":{"rendered":"<div class=\"d_iN _608bd5f5042d89402533b190\">\n<p class=\"e_ac\"><strong><span class=\"atm-text-decorator\">Prodej nov\u00fdch osobn\u00edch aut v Evropsk\u00e9 unii se v srpnu meziro\u010dn\u011b zv\u00fd\u0161il o 4,4 procenta na 650 305 voz\u016f. Uvedlo to v p\u00e1tek Evropsk\u00e9 sdru\u017een\u00ed v\u00fdrobc\u016f automobil\u016f (ACEA), kter\u00e9 sleduje v\u00fdvoj registrac\u00ed.<\/span><\/strong><\/p>\n<\/div>\n<p><!--more--><\/p>\n<div class=\"d_iN _608bd6b73316103f15d31ccc\">\n<div class=\"d_e\" data-e2e=\"ogm-article-layout\">\n<article class=\"d_gT\" role=\"article\" aria-labelledby=\"accessibility-article\">\n<div class=\"d_bi\" data-dot=\"ogm-article-content\">\n<div class=\"g_bj mol-rich-content--for-article\">\n<div class=\"g_ac\" data-dot=\"mol-paragraph\">\n<p class=\"e_ac\"><span class=\"atm-text-decorator\">Skon\u010dilo tak v\u00edce ne\u017e rok trvaj\u00edc\u00ed obdob\u00ed, kdy se prodej ka\u017ed\u00fd m\u011bs\u00edc sni\u017eoval. Po\u010det prodan\u00fdch aut nicm\u00e9n\u011b po\u0159\u00e1d z\u016fst\u00e1v\u00e1 hluboko pod hodnotami p\u0159ed pandemi\u00ed covidu-19.<\/span><\/p>\n<\/div>\n<div class=\"g_ac\" data-dot=\"mol-paragraph\">\n<p class=\"e_ac\"><span class=\"atm-text-decorator\">Od ledna do srpna je prodej st\u00e1le v\u00a0z\u00e1porn\u00fdch hodnot\u00e1ch. Celkem se za osm m\u011bs\u00edc\u016f leto\u0161n\u00edho roku prodalo v\u00edce ne\u017e 5,99\u00a0milionu osobn\u00edch aut, co\u017e je proti stejn\u00e9mu obdob\u00ed loni propad o\u00a011,9\u00a0procenta.<\/span><\/p>\n<\/div>\n<\/div>\n<\/div>\n<\/article>\n<\/div>\n<\/div>\n","protected":false},"excerpt":{"rendered":"<div class=\"mh-excerpt\"><p>Prodej nov\u00fdch osobn\u00edch aut v Evropsk\u00e9 unii se v srpnu meziro\u010dn\u011b zv\u00fd\u0161il o 4,4 procenta na 650 305 voz\u016f. Uvedlo to v p\u00e1tek Evropsk\u00e9 sdru\u017een\u00ed <a class=\"mh-excerpt-more\" href=\"https:\/\/www.automakersnews.cz\/index.php\/2022\/09\/18\/acea-prodeje-aut-v-eu-predstaly-klesat\/\" title=\"ACEA: Prodeje aut v EU p\u0159estaly klesat\">[&#8230;]<\/a><\/p>\n<\/div>","protected":false},"author":1,"featured_media":396,"comment_status":"open","ping_status":"open","sticky":false,"template":"","format":"standard","meta":{"footnotes":""},"categories":[8],"tags":[],"class_list":["post-501","post","type-post","status-publish","format-standard","has-post-thumbnail","hentry","category-statistika"],"_links":{"self":[{"href":"https:\/\/www.automakersnews.cz\/index.php\/wp-json\/wp\/v2\/posts\/501","targetHints":{"allow":["GET"]}}],"collection":[{"href":"https:\/\/www.automakersnews.cz\/index.php\/wp-json\/wp\/v2\/posts"}],"about":[{"href":"https:\/\/www.automakersnews.cz\/index.php\/wp-json\/wp\/v2\/types\/post"}],"author":[{"embeddable":true,"href":"https:\/\/www.automakersnews.cz\/index.php\/wp-json\/wp\/v2\/users\/1"}],"replies":[{"embeddable":true,"href":"https:\/\/www.automakersnews.cz\/index.php\/wp-json\/wp\/v2\/comments?post=501"}],"version-history":[{"count":0,"href":"https:\/\/www.automakersnews.cz\/index.php\/wp-json\/wp\/v2\/posts\/501\/revisions"}],"wp:featuredmedia":[{"embeddable":true,"href":"https:\/\/www.automakersnews.cz\/index.php\/wp-json\/wp\/v2\/media\/396"}],"wp:attachment":[{"href":"https:\/\/www.automakersnews.cz\/index.php\/wp-json\/wp\/v2\/media?parent=501"}],"wp:term":[{"taxonomy":"category","embeddable":true,"href":"https:\/\/www.automakersnews.cz\/index.php\/wp-json\/wp\/v2\/categories?post=501"},{"taxonomy":"post_tag","embeddable":true,"href":"https:\/\/www.automakersnews.cz\/index.php\/wp-json\/wp\/v2\/tags?post=501"}],"curies":[{"name":"wp","href":"https:\/\/api.w.org\/{rel}","templated":true}]}}