{"id":5018,"date":"2022-11-25T10:11:31","date_gmt":"2022-11-25T10:11:31","guid":{"rendered":"https:\/\/www.automakersnews.cz\/?p=5018"},"modified":"2022-11-25T10:15:08","modified_gmt":"2022-11-25T10:15:08","slug":"peugeot-308-ziskal-oceneni-v-cr","status":"publish","type":"post","link":"https:\/\/www.automakersnews.cz\/index.php\/2022\/11\/25\/peugeot-308-ziskal-oceneni-v-cr\/","title":{"rendered":"Flotila: Peugeot 308 Referentsk\u00fdm autem roku"},"content":{"rendered":"<p align=\"JUSTIFY\"><strong><span lang=\"cs-CZ\">Peugeot uvedl model\u00a0 308 na prvn\u00ed evropsk\u00e9 trhy koncem roku 2021, v \u010cesku byl zah\u00e1jen prodej v lednu 2022. B\u011bhem sv\u00e9ho prvn\u00edho prodejn\u00edho roku z\u00edskal mode ji\u017e \u0159adu ocen\u011bn\u00ed, nyn\u00ed bodoval i v \u010desk\u00e9 anket\u011b Flotila roku.<\/span><\/strong><!--more--><\/p>\n<h5>Peugeot 308 z\u00edskal ocen\u011bn\u00ed v \u010desk\u00e9 anket\u011b Flotila roku 2022, a to v kategorii Referentsk\u00e9 auto, o dal\u0161\u00ed titul, tentokr\u00e1t mezin\u00e1rodn\u00ed, bude bojovat v anket\u011b Autobest 2023, kde je nyn\u00ed mezi 6 finalisty.<\/h5>\n<p><img loading=\"lazy\" decoding=\"async\" class=\"alignnone size-medium wp-image-5052\" src=\"http:\/\/www.automakersnews.cz\/wp-content\/uploads\/2022\/11\/Logo_Autobest_Euro_Finalist_2023-e1669371296204-300x300.jpg\" alt=\"\" width=\"300\" height=\"300\" srcset=\"https:\/\/www.automakersnews.cz\/wp-content\/uploads\/2022\/11\/Logo_Autobest_Euro_Finalist_2023-e1669371296204-300x300.jpg 300w, https:\/\/www.automakersnews.cz\/wp-content\/uploads\/2022\/11\/Logo_Autobest_Euro_Finalist_2023-e1669371296204-150x150.jpg 150w, https:\/\/www.automakersnews.cz\/wp-content\/uploads\/2022\/11\/Logo_Autobest_Euro_Finalist_2023-e1669371296204.jpg 500w\" sizes=\"auto, (max-width: 300px) 100vw, 300px\" \/><\/p>\n<p align=\"JUSTIFY\"><span style=\"font-size: xx-small;\"><span lang=\"cs-CZ\">\u00a0<\/span><\/span><\/p>\n<pre><\/pre>\n<h1 align=\"JUSTIFY\"><span style=\"font-size: xx-small;\"><span lang=\"cs-CZ\">\u00a0<\/span><\/span><\/h1>\n","protected":false},"excerpt":{"rendered":"<div class=\"mh-excerpt\"><p>Peugeot uvedl model\u00a0 308 na prvn\u00ed evropsk\u00e9 trhy koncem roku 2021, v \u010cesku byl zah\u00e1jen prodej v lednu 2022. B\u011bhem sv\u00e9ho prvn\u00edho prodejn\u00edho roku z\u00edskal <a class=\"mh-excerpt-more\" href=\"https:\/\/www.automakersnews.cz\/index.php\/2022\/11\/25\/peugeot-308-ziskal-oceneni-v-cr\/\" title=\"Flotila: Peugeot 308 Referentsk\u00fdm autem roku\">[&#8230;]<\/a><\/p>\n<\/div>","protected":false},"author":1,"featured_media":5047,"comment_status":"open","ping_status":"open","sticky":false,"template":"","format":"standard","meta":{"footnotes":""},"categories":[7],"tags":[],"class_list":["post-5018","post","type-post","status-publish","format-standard","has-post-thumbnail","hentry","category-ankety"],"_links":{"self":[{"href":"https:\/\/www.automakersnews.cz\/index.php\/wp-json\/wp\/v2\/posts\/5018","targetHints":{"allow":["GET"]}}],"collection":[{"href":"https:\/\/www.automakersnews.cz\/index.php\/wp-json\/wp\/v2\/posts"}],"about":[{"href":"https:\/\/www.automakersnews.cz\/index.php\/wp-json\/wp\/v2\/types\/post"}],"author":[{"embeddable":true,"href":"https:\/\/www.automakersnews.cz\/index.php\/wp-json\/wp\/v2\/users\/1"}],"replies":[{"embeddable":true,"href":"https:\/\/www.automakersnews.cz\/index.php\/wp-json\/wp\/v2\/comments?post=5018"}],"version-history":[{"count":0,"href":"https:\/\/www.automakersnews.cz\/index.php\/wp-json\/wp\/v2\/posts\/5018\/revisions"}],"wp:featuredmedia":[{"embeddable":true,"href":"https:\/\/www.automakersnews.cz\/index.php\/wp-json\/wp\/v2\/media\/5047"}],"wp:attachment":[{"href":"https:\/\/www.automakersnews.cz\/index.php\/wp-json\/wp\/v2\/media?parent=5018"}],"wp:term":[{"taxonomy":"category","embeddable":true,"href":"https:\/\/www.automakersnews.cz\/index.php\/wp-json\/wp\/v2\/categories?post=5018"},{"taxonomy":"post_tag","embeddable":true,"href":"https:\/\/www.automakersnews.cz\/index.php\/wp-json\/wp\/v2\/tags?post=5018"}],"curies":[{"name":"wp","href":"https:\/\/api.w.org\/{rel}","templated":true}]}}