{"id":50302,"date":"2023-05-29T07:24:02","date_gmt":"2023-05-29T07:24:02","guid":{"rendered":"https:\/\/www.automakersnews.cz\/?p=50302"},"modified":"2023-05-29T07:25:12","modified_gmt":"2023-05-29T07:25:12","slug":"donner-predal-konu-starostovi-sestajovic","status":"publish","type":"post","link":"https:\/\/www.automakersnews.cz\/index.php\/2023\/05\/29\/donner-predal-konu-starostovi-sestajovic\/","title":{"rendered":"Donner p\u0159edal Konu starostovi \u0160estajovic"},"content":{"rendered":"<p class=\"v1MsoNormal\"><strong>Pod z\u00e1\u0161titou\u00a0Ministerstva \u017eivotn\u00edho prost\u0159ed\u00ed letos prob\u00edh\u00e1 v projektu AE-MOBILITY akce zam\u011b\u0159en\u00e1 na elektromobilitu pro ve\u0159ejnou spr\u00e1vu. Jedn\u00edm z dokon\u010den\u00fdch projekt\u016f je dod\u00e1n\u00ed <b>Hyundaie Kona Electric<\/b>\u00a0pro\u00a0<b>obecn\u00ed policii \u0160estajovice<\/b>, kter\u00fd si p\u0159evzal starosta obce <b>Roman Hrdlic<\/b> od zakladatele projektu <b>Radka Donnera<\/b>.\u00a0<\/strong><!--more--><\/p>\n<p class=\"v1MsoNormal\">Obec \u0160estajovice ji\u017e v minulosti zah\u00e1jila odpov\u011bdn\u00fd p\u0159\u00edstup postupn\u00e9mu p\u0159echodu na lok\u00e1ln\u011b bezemisn\u00ed mobilitu a po\u0159\u00edzen\u00ed elektromobilu pro obecn\u00ed policii je tak logick\u00fdm pokra\u010dov\u00e1n\u00edm snahy o sni\u017eov\u00e1n\u00ed n\u00e1klad\u016f a tolik diskutovan\u00e9 uhl\u00edkov\u00e9 stopy.<\/p>\n<p class=\"v1MsoNormal\">\u201ePo pe\u010dliv\u00e9m zv\u00e1\u017een\u00ed na\u0161ich po\u017eadavk\u016f jsme se rozhodli pro po\u0159\u00edzen\u00ed elektromobilu pro pot\u0159eby na\u0161\u00ed obecn\u00ed policie. N\u00e1roky na u\u017e\u00edv\u00e1n\u00ed vozu p\u0159esn\u011b odpov\u00eddaj\u00ed charakteru vozu na elektrick\u00fd pohon a Hyundai Kona Electric splnila na\u0161e o\u010dek\u00e1v\u00e1n\u00ed i v\u00a0pom\u011bru cena\/u\u017eitn\u00e1 hodnota. Aktu\u00e1ln\u011b pracujeme na projektu vlastn\u00ed fotovoltaick\u00e9 elektr\u00e1rny, kter\u00e1 bude mimo jin\u00e9 slou\u017eit k\u00a0nab\u00edjen\u00ed obecn\u00edch elektrick\u00fdch voz\u016f, co\u017e n\u00e1m pom\u016f\u017ee v\u00fdznamn\u00fdm zp\u016fsobem sn\u00ed\u017eit n\u00e1klady na provoz. Ji\u017e d\u0159\u00edve jsme po\u0159\u00eddili u\u017eitkov\u00fd elektromobil pro pot\u0159eby komun\u00e1ln\u00edch slu\u017eeb a nyn\u00ed tak roz\u0161i\u0159ujeme vozov\u00fd park o dal\u0161\u00ed lok\u00e1ln\u011b bezemisn\u00ed v\u016fz. D\u011bkujeme AE-MOBILITY za rychl\u00e9 dod\u00e1n\u00ed vozu a p\u0159\u00edkladnou spolupr\u00e1ci&#8220;, \u0159ekl\u00a0<b>starosta obce \u0160estajovice Roman Hrdlic<\/b>.<\/p>\n<p class=\"v1MsoNormal\">\u201eJe n\u00e1m velkou ct\u00ed usp\u011bt s\u00a0na\u0161\u00edm projektem pod z\u00e1\u0161titou M\u017dP a b\u00fdt sou\u010d\u00e1st\u00ed inovativn\u00edch \u0159e\u0161en\u00ed, kter\u00e9 aktu\u00e1ln\u011b prob\u00edhaj\u00ed v\u00a0\u0160estajovic\u00edch. C\u00edlem na\u0161eho projektu je b\u00fdt u postupn\u00e9ho, nikoliv p\u0159ekotn\u00e9ho, zav\u00e1d\u011bn\u00ed elektromobility do obecn\u00edch vozov\u00fdch park\u016f a p\u0159\u00edklad \u0160estajovic je pro n\u00e1s uk\u00e1zkou odpov\u011bdn\u00e9ho p\u0159\u00edstupu. Na\u0161e pr\u00e1ce p\u0159i osv\u011bt\u011b v\u00a0oblasti elektromobility do \u00fa\u0159ad\u016f a st\u00e1tn\u00ed spr\u00e1vy prob\u00edh\u00e1 po cel\u00fd rok 2023 a n\u00e1s nesm\u00edrn\u011b t\u011b\u0161\u00ed, \u017ee m\u016f\u017eeme vid\u011bt p\u0159\u00edklady, kdy komplexn\u00ed \u0159e\u0161en\u00ed elektromobility p\u0159in\u00e1\u0161\u00ed \u00faspory a u\u017eivatelsky p\u0159\u00edv\u011btiv\u00e9 zm\u011bny do ka\u017edodenn\u00edho \u017eivota obc\u00ed. Panu starostovi d\u011bkuji za d\u016fv\u011bru a t\u011b\u0161\u00edm se na dal\u0161\u00ed p\u0159\u00edpadnou spolupr\u00e1ci&#8220;, doplnil\u00a0<b>Radek Donner za AE-MOBILITY.<\/b><\/p>\n<figure id=\"attachment_1650\" aria-describedby=\"caption-attachment-1650\" style=\"width: 1024px\" class=\"wp-caption alignnone\"><img loading=\"lazy\" decoding=\"async\" class=\"size-large wp-image-1650\" src=\"http:\/\/www.automakersnews.cz\/wp-content\/uploads\/2022\/11\/Elso-Donner-1024x768.jpg\" alt=\"\" width=\"1024\" height=\"768\" \/><figcaption id=\"caption-attachment-1650\" class=\"wp-caption-text\">Radek Donner<\/figcaption><\/figure>\n<p class=\"v1MsoNormal\"><b>Obec \u0160estajovice<\/b>, okres Praha-v\u00fdchod, se nal\u00e9z\u00e1 ve St\u0159edn\u00edch \u010cech\u00e1ch na sam\u00e9 v\u00fdchodn\u00ed hranici Prahy. Soused\u00ed s pra\u017esk\u00fdmi m\u011bstsk\u00fdmi \u010d\u00e1stmi Horn\u00ed Po\u010dernice a Kl\u00e1novice, d\u00e1le se st\u0159edo\u010desk\u00fdmi obcemi Jirny, Nov\u00e9 Jirny a Zelene\u010d. Obec m\u00e1 4.121 obyvatel.<\/p>\n<p class=\"v1MsoNormal\">V dne\u0161n\u00edch dnech je obec \u0160estajovice pln\u011b vybavena ve\u0159ejn\u00fdmi s\u00edt\u011bmi v\u010detn\u011b \u010cOV. Nal\u00e9z\u00e1 se zde mate\u0159sk\u00e1 \u0161kola, z\u00e1kladn\u00ed \u0161kola, po\u0161ta, n\u011bkolik restaura\u010dn\u00edch za\u0159\u00edzen\u00ed, \u0159ada podnikatelsk\u00fdch subjekt\u016f. V obci najdete p\u011bt d\u011btsk\u00fdch h\u0159i\u0161\u0165, park pro cvi\u010den\u00ed v p\u0159\u00edrod\u011b. Pro sport jsou d\u00e1le k dispozici velk\u00e1 sportovn\u00ed hala, nafukovac\u00ed sportovn\u00ed hala, sportovn\u00ed are\u00e1l a in-line stezka.<\/p>\n<p><strong>AE Mobility<\/strong><\/p>\n<p class=\"v1MsoNormal\"><b>Projekt AE-MOBILITY<\/b>\u00a0byl zalo\u017een teprve v\u00a0roce 2022 jako sou\u010d\u00e1st tradi\u010dn\u00edho dealerstv\u00ed zna\u010dky \u0160koda\u00a0<b>AUTO ELSO<\/b>\u00a0v\u00a0pra\u017esk\u00fdch \u010cakovic\u00edch.<\/p>\n<p class=\"v1MsoNormal\">Projekt\u00a0<b>AE-MOBILITY<\/b>\u00a0se specializuje na komplexn\u00ed \u0159e\u0161en\u00ed elektromobility od poradenstv\u00ed v\u00a0p\u0159echodu vozov\u00fdch park\u016f na lok\u00e1ln\u011b bezemisn\u00ed vozy, projektovou a dodavatelskou \u010dinnost v\u00a0oblasti ve\u0159ejn\u00fdch, firemn\u00edch a dom\u00e1c\u00edch nab\u00edje\u010dek, fotovoltaick\u00fdch elektr\u00e1ren, p\u0159es multibrandov\u00fd prodej osobn\u00edch a u\u017eitkov\u00fdch elektromobil\u016f, stroj\u016f a komun\u00e1ln\u00ed techniky, a\u017e po vy\u0159\u00edzen\u00ed dotac\u00ed.<\/p>\n<p><img loading=\"lazy\" decoding=\"async\" class=\"alignnone size-large wp-image-40098\" src=\"http:\/\/www.automakersnews.cz\/wp-content\/uploads\/2023\/04\/Elso-Donner-Albert-2-1024x576.jpg\" alt=\"\" width=\"1024\" height=\"576\" \/><\/p>\n<p class=\"v1MsoNormal\">Projekt\u00a0<b>AE-MOBILITY\u00a0<\/b>sdru\u017euje nejv\u00fdznamn\u011bj\u0161\u00ed spole\u010dnosti ve sv\u00fdch oborech na trhu nejen v\u00a0\u010cesk\u00e9 republice.<\/p>\n","protected":false},"excerpt":{"rendered":"<div class=\"mh-excerpt\"><p>Pod z\u00e1\u0161titou\u00a0Ministerstva \u017eivotn\u00edho prost\u0159ed\u00ed letos prob\u00edh\u00e1 v projektu AE-MOBILITY akce zam\u011b\u0159en\u00e1 na elektromobilitu pro ve\u0159ejnou spr\u00e1vu. Jedn\u00edm z dokon\u010den\u00fdch projekt\u016f je dod\u00e1n\u00ed Hyundaie Kona Electric\u00a0pro\u00a0obecn\u00ed <a class=\"mh-excerpt-more\" href=\"https:\/\/www.automakersnews.cz\/index.php\/2023\/05\/29\/donner-predal-konu-starostovi-sestajovic\/\" title=\"Donner p\u0159edal Konu starostovi \u0160estajovic\">[&#8230;]<\/a><\/p>\n<\/div>","protected":false},"author":1,"featured_media":50303,"comment_status":"open","ping_status":"open","sticky":false,"template":"","format":"standard","meta":{"footnotes":""},"categories":[55],"tags":[],"class_list":["post-50302","post","type-post","status-publish","format-standard","has-post-thumbnail","hentry","category-alternativni-pohony"],"_links":{"self":[{"href":"https:\/\/www.automakersnews.cz\/index.php\/wp-json\/wp\/v2\/posts\/50302","targetHints":{"allow":["GET"]}}],"collection":[{"href":"https:\/\/www.automakersnews.cz\/index.php\/wp-json\/wp\/v2\/posts"}],"about":[{"href":"https:\/\/www.automakersnews.cz\/index.php\/wp-json\/wp\/v2\/types\/post"}],"author":[{"embeddable":true,"href":"https:\/\/www.automakersnews.cz\/index.php\/wp-json\/wp\/v2\/users\/1"}],"replies":[{"embeddable":true,"href":"https:\/\/www.automakersnews.cz\/index.php\/wp-json\/wp\/v2\/comments?post=50302"}],"version-history":[{"count":0,"href":"https:\/\/www.automakersnews.cz\/index.php\/wp-json\/wp\/v2\/posts\/50302\/revisions"}],"wp:featuredmedia":[{"embeddable":true,"href":"https:\/\/www.automakersnews.cz\/index.php\/wp-json\/wp\/v2\/media\/50303"}],"wp:attachment":[{"href":"https:\/\/www.automakersnews.cz\/index.php\/wp-json\/wp\/v2\/media?parent=50302"}],"wp:term":[{"taxonomy":"category","embeddable":true,"href":"https:\/\/www.automakersnews.cz\/index.php\/wp-json\/wp\/v2\/categories?post=50302"},{"taxonomy":"post_tag","embeddable":true,"href":"https:\/\/www.automakersnews.cz\/index.php\/wp-json\/wp\/v2\/tags?post=50302"}],"curies":[{"name":"wp","href":"https:\/\/api.w.org\/{rel}","templated":true}]}}