{"id":504,"date":"2022-09-18T20:10:53","date_gmt":"2022-09-18T20:10:53","guid":{"rendered":"http:\/\/www.automakersnews.cz\/?p=504"},"modified":"2022-09-18T20:10:53","modified_gmt":"2022-09-18T20:10:53","slug":"spotreba-pohonnych-hmot-v-cr-stoupla","status":"publish","type":"post","link":"https:\/\/www.automakersnews.cz\/index.php\/2022\/09\/18\/spotreba-pohonnych-hmot-v-cr-stoupla\/","title":{"rendered":"Spot\u0159eba pohonn\u00fdch hmot v \u010cR stoupla"},"content":{"rendered":"<p><strong>Spot\u0159eba pohonn\u00fdch hmot v \u010cesku stoupla v prvn\u00edm pololet\u00ed meziro\u010dn\u011b o dev\u011bt procent na 3,99 miliardy litr\u016f. U benzinu spot\u0159eba vzrostla v\u00fdrazn\u011bji, a to o 17 procent na miliardu litr\u016f. U nafty vzrostla spot\u0159eba o sedm procent na 2,97 miliardy litr\u016f.<\/strong> <!--more--><\/p>\n<p>Uvedl to V\u00e1clav Loula z \u010cesk\u00e9 asociace petrolej\u00e1\u0159sk\u00e9ho pr\u016fmyslu a obchodu (\u010cAPPO).<\/p>\n<div class=\"e_a6\" data-dot=\"mol-paragraph\">\n<p class=\"c_a6\"><span class=\"c_bS\">Chov\u00e1n\u00ed z\u00e1kazn\u00edk\u016f a\u00a0n\u00e1kupn\u00ed zvyklosti ovlivnily podle Louly obavy z\u00a0nedostatku pohonn\u00fdch hmot, ale tak\u00e9 r\u016fst cen vlivem v\u00e1le\u010dn\u00e9ho konfliktu na Ukrajin\u011b. Loula upozornil, \u017ee meziro\u010dn\u00ed srovn\u00e1n\u00ed ovliv\u0148uje lo\u0148sk\u00e9 prvn\u00ed \u010dtvrtlet\u00ed, kdy platila opat\u0159en\u00ed proti koronaviru a\u00a0\u010d\u00e1ste\u010dn\u011b byla omezena mobilita.<\/span><\/p>\n<\/div>\n<div class=\"e_a6\" data-dot=\"mol-paragraph\">\n<p class=\"c_a6\"><span class=\"c_bS\">Hlavn\u00edm d\u016fvodem n\u00e1r\u016fstu spot\u0159eby benzinu byla podle Louly vy\u0161\u0161\u00ed mobilita ve srovn\u00e1n\u00ed s\u00a0prvn\u00edm \u010dtvrtlet\u00edm roku 2021. \u201eN\u00e1r\u016fsty spot\u0159eby automobilov\u00fdch benzin\u016f v\u00a0obdob\u00ed leden a\u017e duben 2022\u00a0dosahovaly 21\u00a0a\u017e 51\u00a0procent. Je nutn\u00e9 tak\u00e9 zd\u016fraznit dal\u0161\u00ed rozhoduj\u00edc\u00ed vliv, kter\u00fdm byl v\u00e1le\u010dn\u00fd konflikt, a\u00a0s t\u00edm souvisej\u00edc\u00ed\u00a0obava ve\u0159ejnosti z\u00a0nedostatku v\u0161ech druh\u016f pohonn\u00fdch hmot. Tato obava se projevila n\u00e1kupem do z\u00e1soby u\u00a0spot\u0159ebitel\u016f,\u201c \u0159ekl Loula.<\/span><\/p>\n<\/div>\n<div class=\"e_a6\" data-dot=\"mol-paragraph\">\n<p class=\"c_a6\"><span class=\"c_bS\">V kv\u011btnu a\u00a0\u010dervnu se n\u00e1r\u016fst zastavil a\u00a0p\u0159e\u0161el u\u00a0benzinu do m\u00edrn\u00e9ho poklesu o\u00a0jedno procento proti roku 2021. \u201eByla to o\u010dek\u00e1van\u00e1 reakce na r\u016fst cen energi\u00ed pro dom\u00e1cnosti, n\u00e1r\u016fst cen potravin, dal\u0161\u00edch slu\u017eeb a\u00a0samoz\u0159ejm\u011b i\u00a0cen pohonn\u00fdch hmot a\u00a0ve sv\u00e9m d\u016fsledku omezov\u00e1n\u00ed dom\u00e1c\u00ed spot\u0159eby,\u201c uvedl Loula.<\/span><\/p>\n<\/div>\n<p>&nbsp;<\/p>\n","protected":false},"excerpt":{"rendered":"<div class=\"mh-excerpt\"><p>Spot\u0159eba pohonn\u00fdch hmot v \u010cesku stoupla v prvn\u00edm pololet\u00ed meziro\u010dn\u011b o dev\u011bt procent na 3,99 miliardy litr\u016f. U benzinu spot\u0159eba vzrostla v\u00fdrazn\u011bji, a to o <a class=\"mh-excerpt-more\" href=\"https:\/\/www.automakersnews.cz\/index.php\/2022\/09\/18\/spotreba-pohonnych-hmot-v-cr-stoupla\/\" title=\"Spot\u0159eba pohonn\u00fdch hmot v \u010cR stoupla\">[&#8230;]<\/a><\/p>\n<\/div>","protected":false},"author":1,"featured_media":241,"comment_status":"open","ping_status":"open","sticky":false,"template":"","format":"standard","meta":{"footnotes":""},"categories":[8],"tags":[],"class_list":["post-504","post","type-post","status-publish","format-standard","has-post-thumbnail","hentry","category-statistika"],"_links":{"self":[{"href":"https:\/\/www.automakersnews.cz\/index.php\/wp-json\/wp\/v2\/posts\/504","targetHints":{"allow":["GET"]}}],"collection":[{"href":"https:\/\/www.automakersnews.cz\/index.php\/wp-json\/wp\/v2\/posts"}],"about":[{"href":"https:\/\/www.automakersnews.cz\/index.php\/wp-json\/wp\/v2\/types\/post"}],"author":[{"embeddable":true,"href":"https:\/\/www.automakersnews.cz\/index.php\/wp-json\/wp\/v2\/users\/1"}],"replies":[{"embeddable":true,"href":"https:\/\/www.automakersnews.cz\/index.php\/wp-json\/wp\/v2\/comments?post=504"}],"version-history":[{"count":0,"href":"https:\/\/www.automakersnews.cz\/index.php\/wp-json\/wp\/v2\/posts\/504\/revisions"}],"wp:featuredmedia":[{"embeddable":true,"href":"https:\/\/www.automakersnews.cz\/index.php\/wp-json\/wp\/v2\/media\/241"}],"wp:attachment":[{"href":"https:\/\/www.automakersnews.cz\/index.php\/wp-json\/wp\/v2\/media?parent=504"}],"wp:term":[{"taxonomy":"category","embeddable":true,"href":"https:\/\/www.automakersnews.cz\/index.php\/wp-json\/wp\/v2\/categories?post=504"},{"taxonomy":"post_tag","embeddable":true,"href":"https:\/\/www.automakersnews.cz\/index.php\/wp-json\/wp\/v2\/tags?post=504"}],"curies":[{"name":"wp","href":"https:\/\/api.w.org\/{rel}","templated":true}]}}