{"id":508,"date":"2022-09-18T20:22:58","date_gmt":"2022-09-18T20:22:58","guid":{"rendered":"http:\/\/www.automakersnews.cz\/?p=508"},"modified":"2022-09-18T20:23:03","modified_gmt":"2022-09-18T20:23:03","slug":"kolinska-toyota-mela-den-otevrenych-dveri","status":"publish","type":"post","link":"https:\/\/www.automakersnews.cz\/index.php\/2022\/09\/18\/kolinska-toyota-mela-den-otevrenych-dveri\/","title":{"rendered":"Kol\u00ednsk\u00e1 Toyota m\u011bla Den otev\u0159en\u00fdch dve\u0159\u00ed"},"content":{"rendered":"<p><strong>Z\u00e1vod Toyoty v pr\u016fmyslov\u00e9 z\u00f3n\u011b Kol\u00edn-Ov\u010d\u00e1ry po\u0159\u00e1dal v ned\u011bli 18. z\u00e1\u0159\u00ed den otev\u0159en\u00fdch dve\u0159\u00ed. Doprovodn\u00fd program nab\u00eddl v\u00fdstavu prav\u00fdch japonsk\u00fdch me\u010d\u016f, kimon i ikeban.<\/strong><!--more--><\/p>\n<p>Z\u00e1jemci si mohli nav\u00edc vyzkou\u0161et techniku skl\u00e1d\u00e1n\u00ed origami nebo kaligrafii. Jde o automobilku, tak\u017ee k vid\u011bn\u00ed byly tak\u00e9 nejnov\u011bj\u0161\u00ed modely Toyota v\u010detn\u011b vod\u00edkov\u00e9ho modelu Mirai \u010di pln\u011b elektrick\u00e9 Toyoty BZ4X.<\/p>\n<p>V r\u00e1mci prohl\u00eddky si mohli vyzkou\u0161et i br\u00fdle, kter\u00e9 je pomoc\u00ed technologie virtu\u00e1ln\u00ed reality p\u0159enesly doprost\u0159ed z\u00e1vodu p\u0159i pln\u00e9 rychlosti linky.<\/p>\n","protected":false},"excerpt":{"rendered":"<div class=\"mh-excerpt\"><p>Z\u00e1vod Toyoty v pr\u016fmyslov\u00e9 z\u00f3n\u011b Kol\u00edn-Ov\u010d\u00e1ry po\u0159\u00e1dal v ned\u011bli 18. z\u00e1\u0159\u00ed den otev\u0159en\u00fdch dve\u0159\u00ed. Doprovodn\u00fd program nab\u00eddl v\u00fdstavu prav\u00fdch japonsk\u00fdch me\u010d\u016f, kimon i ikeban.<\/p>\n<\/div>","protected":false},"author":1,"featured_media":509,"comment_status":"open","ping_status":"open","sticky":false,"template":"","format":"standard","meta":{"footnotes":""},"categories":[10],"tags":[],"class_list":["post-508","post","type-post","status-publish","format-standard","has-post-thumbnail","hentry","category-eventy"],"_links":{"self":[{"href":"https:\/\/www.automakersnews.cz\/index.php\/wp-json\/wp\/v2\/posts\/508","targetHints":{"allow":["GET"]}}],"collection":[{"href":"https:\/\/www.automakersnews.cz\/index.php\/wp-json\/wp\/v2\/posts"}],"about":[{"href":"https:\/\/www.automakersnews.cz\/index.php\/wp-json\/wp\/v2\/types\/post"}],"author":[{"embeddable":true,"href":"https:\/\/www.automakersnews.cz\/index.php\/wp-json\/wp\/v2\/users\/1"}],"replies":[{"embeddable":true,"href":"https:\/\/www.automakersnews.cz\/index.php\/wp-json\/wp\/v2\/comments?post=508"}],"version-history":[{"count":0,"href":"https:\/\/www.automakersnews.cz\/index.php\/wp-json\/wp\/v2\/posts\/508\/revisions"}],"wp:featuredmedia":[{"embeddable":true,"href":"https:\/\/www.automakersnews.cz\/index.php\/wp-json\/wp\/v2\/media\/509"}],"wp:attachment":[{"href":"https:\/\/www.automakersnews.cz\/index.php\/wp-json\/wp\/v2\/media?parent=508"}],"wp:term":[{"taxonomy":"category","embeddable":true,"href":"https:\/\/www.automakersnews.cz\/index.php\/wp-json\/wp\/v2\/categories?post=508"},{"taxonomy":"post_tag","embeddable":true,"href":"https:\/\/www.automakersnews.cz\/index.php\/wp-json\/wp\/v2\/tags?post=508"}],"curies":[{"name":"wp","href":"https:\/\/api.w.org\/{rel}","templated":true}]}}