{"id":51,"date":"2021-12-31T09:15:11","date_gmt":"2021-12-31T09:15:11","guid":{"rendered":"http:\/\/www.automakersnews.cz\/?p=51"},"modified":"2021-12-31T09:15:11","modified_gmt":"2021-12-31T09:15:11","slug":"motonovinarska-sezona-2021-prinesla-radu-premier","status":"publish","type":"post","link":"https:\/\/www.automakersnews.cz\/index.php\/2021\/12\/31\/motonovinarska-sezona-2021-prinesla-radu-premier\/","title":{"rendered":"Motonovin\u00e1\u0159sk\u00e1 sez\u00f3na 2021 p\u0159inesla \u0159adu premi\u00e9r"},"content":{"rendered":"<p><strong>\u010casopis Automakers p\u0159inesl ohl\u00e9dnut\u00ed za sezonou \u010desk\u00fdch motoristick\u00fdch \u017eurnalist\u016f. Jak\u00e1 byla? Vzhledem k epidemiologick\u00fdm opat\u0159en\u00edm, vl\u00e1dnouc\u00edm a\u017e do kv\u011btna, \u0161lo z hlediska akc\u00ed a tiskov\u00fdch konferenc\u00ed vlastn\u011b o \u201ep\u016flsez\u00f3nu\u201c. Na rozd\u00edl od roku 2020 u\u017e ale nad on-line tiskovkami p\u0159ev\u00e1\u017eily \u017eiv\u00e9 premi\u00e9ry.<\/strong><span id=\"more-147177\"><\/span><!--more--><\/p>\n<p>\u201eZhruba do poloviny kv\u011btna je\u0161t\u011b novin\u00e1\u0159i sledovali doma online eventy, \u017eiv\u00e9 tiskovky ani zahrani\u010dn\u00ed cesty se prakticky nekonaly. Od konce kv\u011btna jsme ale u\u017e mohli op\u011bt chodit na statick\u00e9 i dynamick\u00e9 prezentace aut a dokonce cestovat do zahrani\u010d\u00ed. V Automakers se tak mohly op\u011bt objevovat report\u00e1\u017ee z cest na\u0161e spolupracovn\u00edka, porotce COTY Jirky Duchodn\u011b a dal\u0161\u00edch autor\u016f. Nap\u0159\u00edklad Pepa \u017d\u00eddek shl\u00e9dl prezentaci Range Roveru v Brit\u00e1nii, testoval tak\u00e9 Fordy v Ma\u010farsku,\u201c zhodnotil sezonu z hlediska event\u016f \u0161\u00e9fredaktor Automakers Erich Handl.<\/p>\n<p>\u0160koda Auto pozvala novin\u00e1\u0159e do polsk\u00fdch Sopot na premi\u00e9ru nov\u00e9 Fabie, Hyundai jim zase umo\u017enil vyzkou\u0161et sportovn\u00ed vozy na Slovakiaringu.<\/p>\n<p>\u201e\u017divo ale bylo od l\u00e9ta i na dom\u00e1c\u00ed front\u011b, konala se \u0159ada premi\u00e9r automobilov\u00fdch novinek a tak\u00e9 dv\u011b velk\u00e9 v\u00fdstavy v Praze. Novin\u00e1\u0159sk\u00e9 kluby tak\u00e9 uspo\u0159\u00e1daly testovac\u00ed j\u00edzdy s elektromobily v \u010certousech, kde jsme p\u0159edali ceny v\u00edt\u011bz\u016fm ankety PR roku. Kluby mohly tak\u00e9 na podzim op\u011bt pozvat z\u00e1jemce na setk\u00e1n\u00ed se \u0161\u00e9fem dopravn\u00ed policie v Praze. Spolupracovn\u00edk na\u0161eho \u010dasopisu Miroslav H\u00e1jek nav\u0161t\u00edvil veter\u00e1nskou akci Pra\u017esk\u00e1 noblesa,\u201c pochvaluje si Handl.<\/p>\n<p><strong>Minusy roku<\/strong><\/p>\n<p>Bohu\u017eel leto\u0161n\u00ed sezona p\u0159inesla tak\u00e9 n\u011bkter\u00e1 zklam\u00e1n\u00ed. Op\u011bt byla odlo\u017eena anketa Auto roku, tentokr\u00e1t a\u017e na jaro 2022. N\u011bkter\u00e9 automobilky pokra\u010dovaly v trendu roku 2020 a pro \u010desk\u00e9 novin\u00e1\u0159e neuspo\u0159\u00e1daly ani jednu premi\u00e9ru \u010di tiskovou konferenci. Chud\u00fd byl tak\u00e9 v\u00fd\u010det kdysi tradi\u010dn\u00edch v\u00e1no\u010dn\u00edch setk\u00e1n\u00ed \u2013 konaly se jen t\u0159i prosincov\u00e9 akce.<\/p>\n","protected":false},"excerpt":{"rendered":"<div class=\"mh-excerpt\"><p>\u010casopis Automakers p\u0159inesl ohl\u00e9dnut\u00ed za sezonou \u010desk\u00fdch motoristick\u00fdch \u017eurnalist\u016f. Jak\u00e1 byla? Vzhledem k epidemiologick\u00fdm opat\u0159en\u00edm, vl\u00e1dnouc\u00edm a\u017e do kv\u011btna, \u0161lo z hlediska akc\u00ed a tiskov\u00fdch <a class=\"mh-excerpt-more\" href=\"https:\/\/www.automakersnews.cz\/index.php\/2021\/12\/31\/motonovinarska-sezona-2021-prinesla-radu-premier\/\" title=\"Motonovin\u00e1\u0159sk\u00e1 sez\u00f3na 2021 p\u0159inesla \u0159adu premi\u00e9r\">[&#8230;]<\/a><\/p>\n<\/div>","protected":false},"author":1,"featured_media":52,"comment_status":"open","ping_status":"open","sticky":false,"template":"","format":"standard","meta":{"footnotes":""},"categories":[6],"tags":[],"class_list":["post-51","post","type-post","status-publish","format-standard","has-post-thumbnail","hentry","category-analyza"],"_links":{"self":[{"href":"https:\/\/www.automakersnews.cz\/index.php\/wp-json\/wp\/v2\/posts\/51","targetHints":{"allow":["GET"]}}],"collection":[{"href":"https:\/\/www.automakersnews.cz\/index.php\/wp-json\/wp\/v2\/posts"}],"about":[{"href":"https:\/\/www.automakersnews.cz\/index.php\/wp-json\/wp\/v2\/types\/post"}],"author":[{"embeddable":true,"href":"https:\/\/www.automakersnews.cz\/index.php\/wp-json\/wp\/v2\/users\/1"}],"replies":[{"embeddable":true,"href":"https:\/\/www.automakersnews.cz\/index.php\/wp-json\/wp\/v2\/comments?post=51"}],"version-history":[{"count":0,"href":"https:\/\/www.automakersnews.cz\/index.php\/wp-json\/wp\/v2\/posts\/51\/revisions"}],"wp:featuredmedia":[{"embeddable":true,"href":"https:\/\/www.automakersnews.cz\/index.php\/wp-json\/wp\/v2\/media\/52"}],"wp:attachment":[{"href":"https:\/\/www.automakersnews.cz\/index.php\/wp-json\/wp\/v2\/media?parent=51"}],"wp:term":[{"taxonomy":"category","embeddable":true,"href":"https:\/\/www.automakersnews.cz\/index.php\/wp-json\/wp\/v2\/categories?post=51"},{"taxonomy":"post_tag","embeddable":true,"href":"https:\/\/www.automakersnews.cz\/index.php\/wp-json\/wp\/v2\/tags?post=51"}],"curies":[{"name":"wp","href":"https:\/\/api.w.org\/{rel}","templated":true}]}}