{"id":516,"date":"2022-09-27T07:54:20","date_gmt":"2022-09-27T07:54:20","guid":{"rendered":"http:\/\/www.automakersnews.cz\/?p=516"},"modified":"2022-09-27T08:00:26","modified_gmt":"2022-09-27T08:00:26","slug":"cinske-nio-otevira-tovarnu-v-madarsku","status":"publish","type":"post","link":"https:\/\/www.automakersnews.cz\/index.php\/2022\/09\/27\/cinske-nio-otevira-tovarnu-v-madarsku\/","title":{"rendered":"\u010c\u00ednsk\u00e9 Nio otev\u00edr\u00e1 tov\u00e1rnu v Ma\u010farsku"},"content":{"rendered":"<div class=\"e_a6\" data-dot=\"mol-paragraph\">\n<p class=\"c_a6\"><strong><span class=\"c_bS\">\u010c\u00ednsk\u00fd dodavatel stanic pro v\u00fdm\u011bnu bateri\u00ed do elektrick\u00fdch vozidel Nio otev\u00edr\u00e1 v Ma\u010farsku nov\u00fd v\u00fdrobn\u00ed z\u00e1vod. <\/span><\/strong><strong><span class=\"c_bS\">Bude produkovat stanice slou\u017e\u00edc\u00ed k v\u00fdm\u011bn\u011b bateri\u00ed v elektromobilech.<br \/>\n<\/span><\/strong><\/p>\n<\/div>\n<p><!--more--><\/p>\n<div class=\"e_a6\" data-dot=\"mol-paragraph\">\n<p class=\"c_a6\"><span class=\"c_bS\">Princip v\u00fdm\u011bny vybit\u00e9 baterie za nabitou, co\u017e by zabralo m\u00e9n\u011b \u010dasu oproti nab\u00edjen\u00ed, nen\u00ed nov\u00fd, automobilky ho ale dnes v\u00a0podstat\u011b nepou\u017e\u00edvaj\u00ed. M\u00edsto toho se u\u00a0silnic rozm\u00e1haj\u00ed nab\u00edjec\u00ed stanice.<\/span><\/p>\n<div class=\"e_a6\" data-dot=\"mol-paragraph\">\n<p class=\"c_a6\"><span class=\"c_bS\">Prezident a\u00a0spoluzakladatel automobilky Nio \u010cchin Li-chung podle agentury Reuters ozn\u00e1mil, \u017ee automobilka chce do roku 2025\u00a0postavit tis\u00edcovku stanic na v\u00fdm\u011bnu bateri\u00ed mimo \u010c\u00ednu, z\u00a0nich\u017e m\u00e1 b\u00fdt v\u011bt\u0161ina v\u00a0Evrop\u011b. <\/span><\/p>\n<\/div>\n<div class=\"e_a6\" data-dot=\"mol-paragraph\">\n<p class=\"c_a6\"><span class=\"c_bS\">Firma v\u011b\u0159\u00ed, \u017ee odd\u011blen\u00edm vlastnictv\u00ed automobilu od vlastnictv\u00ed baterie m\u016f\u017ee sn\u00ed\u017eit vstupn\u00ed n\u00e1klady na po\u0159\u00edzen\u00ed elektromobilu. V Norsku, kde je v prodeji elektrick\u00e9 SUV ES8, u\u017e dv\u011b stanice na v\u00fdm\u011bnu bateri\u00ed funguj\u00ed.<\/span><\/p>\n<\/div>\n<div class=\"e_a6\" data-dot=\"mol-paragraph\">\n<p class=\"c_a6\"><span class=\"c_bS\">Nio tam prodalo zat\u00edm asi osm stovek aut, kter\u00e1 za\u010d\u00ednaj\u00ed na zhruba 1,3\u00a0milionu korun. Baterii je mo\u017en\u00e9 k\u00a0vozu p\u0159ikoupit za cca 220\u00a0tis\u00edc korun, t\u00e9m\u011b\u0159 v\u0161ichni z\u00e1kazn\u00edci v\u0161ak zvolili pron\u00e1jem baterie za m\u011bs\u00ed\u010dn\u00ed poplatek ve v\u00fd\u0161i zhruba 3400\u00a0korun. <\/span><\/p>\n<div class=\"e_a6\" data-dot=\"mol-paragraph\">\n<p class=\"c_a6\"><span class=\"c_bS\">V\u00fdm\u011bna baterie se prov\u00e1d\u00ed v\u00a0doku, do n\u011bj\u017e v\u016fz autonomn\u011b zaparkuje. N\u00e1sledn\u011b ho ramena ustav\u00ed do p\u0159esn\u00e9 pozice, zved\u00e1k drobn\u011b zvedne a\u00a0samo\u010dinn\u00e1 mechanika od\u0161roubuje starou baterii a\u00a0nahrad\u00ed ji novou. <\/span><\/p>\n<\/div>\n<div class=\"e_a6\" data-dot=\"mol-paragraph\">\n<p class=\"c_a6\"><span class=\"c_bS\">Proces zabere m\u00e9n\u011b ne\u017e 10\u00a0minut, tedy srovnateln\u011b s\u00a0tankov\u00e1n\u00edm benzinu. Nev\u00fdhodou samoz\u0159ejm\u011b je, \u017ee dok nem\u016f\u017ee vyu\u017e\u00edt auto jin\u00e9 automobilky, leda\u017ee by st\u00e1lo na technice zna\u010dky Nio.<\/span><\/p>\n<\/div>\n<\/div>\n<\/div>\n<p>&nbsp;<\/p>\n","protected":false},"excerpt":{"rendered":"<div class=\"mh-excerpt\"><p>\u010c\u00ednsk\u00fd dodavatel stanic pro v\u00fdm\u011bnu bateri\u00ed do elektrick\u00fdch vozidel Nio otev\u00edr\u00e1 v Ma\u010farsku nov\u00fd v\u00fdrobn\u00ed z\u00e1vod. Bude produkovat stanice slou\u017e\u00edc\u00ed k v\u00fdm\u011bn\u011b bateri\u00ed v elektromobilech.<\/p>\n<\/div>","protected":false},"author":1,"featured_media":517,"comment_status":"open","ping_status":"open","sticky":false,"template":"","format":"standard","meta":{"footnotes":""},"categories":[22,9],"tags":[],"class_list":["post-516","post","type-post","status-publish","format-standard","has-post-thumbnail","hentry","category-elektromobily","category-investice"],"_links":{"self":[{"href":"https:\/\/www.automakersnews.cz\/index.php\/wp-json\/wp\/v2\/posts\/516","targetHints":{"allow":["GET"]}}],"collection":[{"href":"https:\/\/www.automakersnews.cz\/index.php\/wp-json\/wp\/v2\/posts"}],"about":[{"href":"https:\/\/www.automakersnews.cz\/index.php\/wp-json\/wp\/v2\/types\/post"}],"author":[{"embeddable":true,"href":"https:\/\/www.automakersnews.cz\/index.php\/wp-json\/wp\/v2\/users\/1"}],"replies":[{"embeddable":true,"href":"https:\/\/www.automakersnews.cz\/index.php\/wp-json\/wp\/v2\/comments?post=516"}],"version-history":[{"count":0,"href":"https:\/\/www.automakersnews.cz\/index.php\/wp-json\/wp\/v2\/posts\/516\/revisions"}],"wp:featuredmedia":[{"embeddable":true,"href":"https:\/\/www.automakersnews.cz\/index.php\/wp-json\/wp\/v2\/media\/517"}],"wp:attachment":[{"href":"https:\/\/www.automakersnews.cz\/index.php\/wp-json\/wp\/v2\/media?parent=516"}],"wp:term":[{"taxonomy":"category","embeddable":true,"href":"https:\/\/www.automakersnews.cz\/index.php\/wp-json\/wp\/v2\/categories?post=516"},{"taxonomy":"post_tag","embeddable":true,"href":"https:\/\/www.automakersnews.cz\/index.php\/wp-json\/wp\/v2\/tags?post=516"}],"curies":[{"name":"wp","href":"https:\/\/api.w.org\/{rel}","templated":true}]}}