{"id":51974,"date":"2023-06-03T07:50:12","date_gmt":"2023-06-03T07:50:12","guid":{"rendered":"https:\/\/www.automakersnews.cz\/?p=51974"},"modified":"2023-06-03T07:56:59","modified_gmt":"2023-06-03T07:56:59","slug":"dedecek-automobil-uz-po-devatenacte","status":"publish","type":"post","link":"https:\/\/www.automakersnews.cz\/index.php\/2023\/06\/03\/dedecek-automobil-uz-po-devatenacte\/","title":{"rendered":"D\u011bde\u010dek automobil m\u011bl fin\u00e1le v Sen\u00e1tu"},"content":{"rendered":"<p class=\"v1MsoNormal\"><strong>V prostor\u00e1ch hlavn\u00edho s\u00e1lu malostransk\u00e9ho s\u00eddla Sen\u00e1tu \u010cesk\u00e9 republiky ve Vald\u0161tejnsk\u00e9m pal\u00e1ci prob\u011bhl v pond\u011bl\u00ed 29. kv\u011btna z\u00e1v\u011bre\u010dn\u00fd ceremoni\u00e1l vyhl\u00e1\u0161en\u00ed v\u00fdsledk\u016f slou\u010den\u00e9ho 18. a 19. ro\u010dn\u00edku ankety \u201cD\u011bde\u010dek automobil\u201d.<\/strong><!--more--><\/p>\n<p class=\"v1MsoNormal\">Za \u00fa\u010dasti ministra dopravy Martina Kupky,\u00a0m\u00edstop\u0159edsedy Sen\u00e1tu P\u010cR Ji\u0159\u00edho Oberfalzera, jako hostitele, poslance Stanislava Berkovce, jako moder\u00e1tora a \u0159ady dal\u0161\u00ed v\u00fdznamn\u00fdch host\u00ed byl vyhl\u00e1\u0161en v\u00edt\u011bzem hlavn\u00ed kategorie a titul 19.<\/p>\n<figure id=\"attachment_51982\" aria-describedby=\"caption-attachment-51982\" style=\"width: 1024px\" class=\"wp-caption alignnone\"><img loading=\"lazy\" decoding=\"async\" class=\"size-large wp-image-51982\" src=\"http:\/\/www.automakersnews.cz\/wp-content\/uploads\/2023\/06\/Dedecek-veteran-1024x768.jpg\" alt=\"\" width=\"1024\" height=\"768\" \/><figcaption id=\"caption-attachment-51982\" class=\"wp-caption-text\">Leto\u0161n\u00ed v\u00edt\u011bz ankety Walter 6 Super r. v. 1930<\/figcaption><\/figure>\n<p class=\"v1MsoNormal\">D\u011bde\u010dek automobil z\u00edskal \u2013 historick\u00fd v\u016fz\u00a0<b>Walter 6 Super r. v. 1930<\/b>, Petra Volfa z Ji\u010d\u00edna.<b>\u00a0<\/b>Sou\u010dasn\u011b byl vyhl\u00e1\u0161en i v\u00edt\u011bz p\u0159edch\u00e1zej\u00edc\u00edho 18. ro\u010dn\u00edku ankety, kter\u00fdm se stal v\u016fz\u00a0<b>Benz Parsifal<\/b>\u00a0Ladislava Samoh\u00fdla ze Zl\u00edna.<\/p>\n<p class=\"v1MsoNormal\">V kategorii veter\u00e1nsk\u00e1 akce roku nejv\u00edce zaujala porotu 19. ro\u010dn\u00edku ankety \u00fasp\u011b\u0161n\u00e1, ji\u017e v\u00edce ne\u017e dv\u011b desetilet\u00ed po\u0159\u00e1dan\u00e1 sout\u011b\u017e \u201eTrofeo Nik\u00e9\u201c a za 18. ro\u010dn\u00edk pak opakovan\u011b \u00fasp\u011b\u0161n\u00e1 \u00fa\u010dast Autojawaklubu v\u00a0sout\u011b\u017ei 1000 mil \u010ceskoslovensk\u00fdch.<\/p>\n<p class=\"v1MsoNormal\">Osobnost\u00ed roku v\u00a0r\u00e1mci ankety D\u011bde\u010dek automobil se jako devaten\u00e1ct\u00fdm stal Petr Ho\u0161\u0165\u00e1lek,<b>\u00a0<\/b>zakladatel Jiho\u010desk\u00e9ho motocyklov\u00e9ho muzea v\u00a0\u010cesk\u00fdch Bud\u011bjovic\u00edch a osmn\u00e1ct\u00fdm Jakub \u0160tauch z L\u00ed\u0161nice<b>\u00a0<\/b>za sv\u00e9 renova\u010dn\u00ed dovednosti, dokumentaci oborov\u00fdch \u00fadaj\u016f.<\/p>\n<p class=\"v1MsoNormal\">Mezi nad\u0161enci motoristick\u00e9 historie je anketa D\u011bde\u010dek automobil velmi popul\u00e1rn\u00ed a v\u0161ichni se u\u017e t\u011b\u0161\u00ed na jej\u00ed p\u0159\u00ed\u0161t\u00ed, jubilejn\u00ed 20. ro\u010dn\u00edk, na kter\u00e9m u\u017e organiz\u00e1to\u0159i piln\u011b pracuj\u00ed a nez\u00e1visl\u00e1 porota op\u011bt vyb\u00edr\u00e1 mezi dal\u0161\u00edm veter\u00e1nsk\u00fdmi poklady, stejn\u011b jako akcemi a osobnostmi.<\/p>\n<p class=\"v1MsoNormal\"><strong>Zdroj: Karel Ber\u00e1nek, Sen\u00e1t\u00a0<\/strong><\/p>\n<figure id=\"attachment_51978\" aria-describedby=\"caption-attachment-51978\" style=\"width: 691px\" class=\"wp-caption alignnone\"><img loading=\"lazy\" decoding=\"async\" class=\"size-large wp-image-51978\" src=\"http:\/\/www.automakersnews.cz\/wp-content\/uploads\/2023\/06\/dedecek-Hostalek-691x1024.jpg\" alt=\"\" width=\"691\" height=\"1024\" \/><figcaption id=\"caption-attachment-51978\" class=\"wp-caption-text\">Legenda automobil\u016f Praga Emil P\u0159\u00edhoda p\u0159edal ocen\u011bn\u00ed leto\u0161n\u00edmu laure\u00e1tovi mezi osobnostmi Petru Ho\u0161\u0165\u00e1lkovi<\/figcaption><\/figure>\n","protected":false},"excerpt":{"rendered":"<div class=\"mh-excerpt\"><p>V prostor\u00e1ch hlavn\u00edho s\u00e1lu malostransk\u00e9ho s\u00eddla Sen\u00e1tu \u010cesk\u00e9 republiky ve Vald\u0161tejnsk\u00e9m pal\u00e1ci prob\u011bhl v pond\u011bl\u00ed 29. kv\u011btna z\u00e1v\u011bre\u010dn\u00fd ceremoni\u00e1l vyhl\u00e1\u0161en\u00ed v\u00fdsledk\u016f slou\u010den\u00e9ho 18. a 19. <a class=\"mh-excerpt-more\" href=\"https:\/\/www.automakersnews.cz\/index.php\/2023\/06\/03\/dedecek-automobil-uz-po-devatenacte\/\" title=\"D\u011bde\u010dek automobil m\u011bl fin\u00e1le v Sen\u00e1tu\">[&#8230;]<\/a><\/p>\n<\/div>","protected":false},"author":1,"featured_media":51980,"comment_status":"open","ping_status":"open","sticky":false,"template":"","format":"standard","meta":{"footnotes":""},"categories":[10,53],"tags":[],"class_list":["post-51974","post","type-post","status-publish","format-standard","has-post-thumbnail","hentry","category-eventy","category-veterani"],"_links":{"self":[{"href":"https:\/\/www.automakersnews.cz\/index.php\/wp-json\/wp\/v2\/posts\/51974","targetHints":{"allow":["GET"]}}],"collection":[{"href":"https:\/\/www.automakersnews.cz\/index.php\/wp-json\/wp\/v2\/posts"}],"about":[{"href":"https:\/\/www.automakersnews.cz\/index.php\/wp-json\/wp\/v2\/types\/post"}],"author":[{"embeddable":true,"href":"https:\/\/www.automakersnews.cz\/index.php\/wp-json\/wp\/v2\/users\/1"}],"replies":[{"embeddable":true,"href":"https:\/\/www.automakersnews.cz\/index.php\/wp-json\/wp\/v2\/comments?post=51974"}],"version-history":[{"count":0,"href":"https:\/\/www.automakersnews.cz\/index.php\/wp-json\/wp\/v2\/posts\/51974\/revisions"}],"wp:featuredmedia":[{"embeddable":true,"href":"https:\/\/www.automakersnews.cz\/index.php\/wp-json\/wp\/v2\/media\/51980"}],"wp:attachment":[{"href":"https:\/\/www.automakersnews.cz\/index.php\/wp-json\/wp\/v2\/media?parent=51974"}],"wp:term":[{"taxonomy":"category","embeddable":true,"href":"https:\/\/www.automakersnews.cz\/index.php\/wp-json\/wp\/v2\/categories?post=51974"},{"taxonomy":"post_tag","embeddable":true,"href":"https:\/\/www.automakersnews.cz\/index.php\/wp-json\/wp\/v2\/tags?post=51974"}],"curies":[{"name":"wp","href":"https:\/\/api.w.org\/{rel}","templated":true}]}}