{"id":52404,"date":"2023-06-05T11:02:03","date_gmt":"2023-06-05T11:02:03","guid":{"rendered":"https:\/\/www.automakersnews.cz\/?p=52404"},"modified":"2023-06-05T11:02:03","modified_gmt":"2023-06-05T11:02:03","slug":"svetovy-den-zivotniho-prostredi","status":"publish","type":"post","link":"https:\/\/www.automakersnews.cz\/index.php\/2023\/06\/05\/svetovy-den-zivotniho-prostredi\/","title":{"rendered":"Sv\u011btov\u00fd den \u017eivotn\u00edho prost\u0159ed\u00ed"},"content":{"rendered":"<p><strong>Na dne\u0161n\u00ed den p\u0159ipad\u00e1 oslava v\u00fdro\u010d\u00ed Sv\u011btov\u00e9ho dne \u017eivotn\u00edho prost\u0159ed\u00ed. Snahou OSN, kter\u00e1 tuto ud\u00e1lost ka\u017edoro\u010dn\u011b p\u0159ipom\u00edn\u00e1, je zv\u00fd\u0161en\u00ed pov\u011bdom\u00ed o ekologick\u00fdch ot\u00e1zk\u00e1ch a up\u0159en\u00ed pozornosti na z\u00e1sadn\u00ed ekologick\u00e9 v\u00fdzvy, kter\u00fdm v sou\u010dasnosti jako spole\u010dnost \u010del\u00edme.<\/strong><!--more--><\/p>\n<p>Udr\u017eitelnost se v posledn\u00edch letech stala tak\u00e9 ned\u00edlnou sou\u010d\u00e1st\u00ed dlouhodob\u00e9 strategie \u00fasp\u011b\u0161n\u00fdch firem. Jednou z nich je nadn\u00e1rodn\u00ed technologick\u00e1 skupina Wilo, kter\u00e1 se aktivn\u011b zab\u00fdv\u00e1 glob\u00e1ln\u00edmi trendy jako je zm\u011bna klimatu, urbanizace \u010di nedostatek vody i energi\u00ed.<\/p>\n<p>V souvislosti s vodn\u00edm hospod\u00e1\u0159stv\u00edm se nap\u0159\u00edklad zapojila do v\u00fdznamn\u00e9ho projektu Toshka v Egypt\u011b, pro kter\u00fd dodala v\u00edce ne\u017e 300 \u010derpadel s d\u011blenou spir\u00e1ln\u00ed sk\u0159\u00edn\u00ed pro udr\u017eiteln\u00e9 z\u00e1sobov\u00e1n\u00ed regionu vodou.<\/p>\n<p>V souvislosti s energetick\u00fdmi \u00fasporami realizuje dlouhodobou kampa\u0148 \u201eJoin the ecolution&#8220;, jej\u00ed\u017e prost\u0159ednictv\u00edm seznamuje ve\u0159ejnost s v\u00fdraznou \u00fasporou energi\u00ed i CO2 pomoc\u00ed v\u00fdm\u011bny zastaral\u00fdch neefektivn\u00edch \u010derpadel.<\/p>\n<p><strong>Zdroj: WILO<\/strong><\/p>\n","protected":false},"excerpt":{"rendered":"<div class=\"mh-excerpt\"><p>Na dne\u0161n\u00ed den p\u0159ipad\u00e1 oslava v\u00fdro\u010d\u00ed Sv\u011btov\u00e9ho dne \u017eivotn\u00edho prost\u0159ed\u00ed. Snahou OSN, kter\u00e1 tuto ud\u00e1lost ka\u017edoro\u010dn\u011b p\u0159ipom\u00edn\u00e1, je zv\u00fd\u0161en\u00ed pov\u011bdom\u00ed o ekologick\u00fdch ot\u00e1zk\u00e1ch a up\u0159en\u00ed <a class=\"mh-excerpt-more\" href=\"https:\/\/www.automakersnews.cz\/index.php\/2023\/06\/05\/svetovy-den-zivotniho-prostredi\/\" title=\"Sv\u011btov\u00fd den \u017eivotn\u00edho prost\u0159ed\u00ed\">[&#8230;]<\/a><\/p>\n<\/div>","protected":false},"author":1,"featured_media":52405,"comment_status":"open","ping_status":"open","sticky":false,"template":"","format":"standard","meta":{"footnotes":""},"categories":[38],"tags":[],"class_list":["post-52404","post","type-post","status-publish","format-standard","has-post-thumbnail","hentry","category-ekologie"],"_links":{"self":[{"href":"https:\/\/www.automakersnews.cz\/index.php\/wp-json\/wp\/v2\/posts\/52404","targetHints":{"allow":["GET"]}}],"collection":[{"href":"https:\/\/www.automakersnews.cz\/index.php\/wp-json\/wp\/v2\/posts"}],"about":[{"href":"https:\/\/www.automakersnews.cz\/index.php\/wp-json\/wp\/v2\/types\/post"}],"author":[{"embeddable":true,"href":"https:\/\/www.automakersnews.cz\/index.php\/wp-json\/wp\/v2\/users\/1"}],"replies":[{"embeddable":true,"href":"https:\/\/www.automakersnews.cz\/index.php\/wp-json\/wp\/v2\/comments?post=52404"}],"version-history":[{"count":0,"href":"https:\/\/www.automakersnews.cz\/index.php\/wp-json\/wp\/v2\/posts\/52404\/revisions"}],"wp:featuredmedia":[{"embeddable":true,"href":"https:\/\/www.automakersnews.cz\/index.php\/wp-json\/wp\/v2\/media\/52405"}],"wp:attachment":[{"href":"https:\/\/www.automakersnews.cz\/index.php\/wp-json\/wp\/v2\/media?parent=52404"}],"wp:term":[{"taxonomy":"category","embeddable":true,"href":"https:\/\/www.automakersnews.cz\/index.php\/wp-json\/wp\/v2\/categories?post=52404"},{"taxonomy":"post_tag","embeddable":true,"href":"https:\/\/www.automakersnews.cz\/index.php\/wp-json\/wp\/v2\/tags?post=52404"}],"curies":[{"name":"wp","href":"https:\/\/api.w.org\/{rel}","templated":true}]}}