{"id":52413,"date":"2023-06-05T11:24:39","date_gmt":"2023-06-05T11:24:39","guid":{"rendered":"https:\/\/www.automakersnews.cz\/?p=52413"},"modified":"2023-06-05T11:40:17","modified_gmt":"2023-06-05T11:40:17","slug":"cb-auto-stavi-nabijeci-hub-v-plane","status":"publish","type":"post","link":"https:\/\/www.automakersnews.cz\/index.php\/2023\/06\/05\/cb-auto-stavi-nabijeci-hub-v-plane\/","title":{"rendered":"CB Auto stav\u00ed nab\u00edjec\u00ed hub v Plan\u00e9"},"content":{"rendered":"<p><strong>Jiho\u010desk\u00e9 CB Auto polo\u017eilo 5. \u010dervna z\u00e1kladn\u00ed k\u00e1men nab\u00edjec\u00edho hubu u Plan\u00e9. Slavnosti se z\u00fa\u010dastnili i \u0161pi\u010dky \u0160kody Auto, m\u011bsta Plan\u00e1 nebo \u010cesk\u00fdch Bud\u011bjovic.<\/strong><!--more--><\/p>\n<p><strong>&#8222;<\/strong>Hub po\u010d\u00edt\u00e1 s dostavbou d\u00e1lnice D3, jej\u00edm elektromobilist\u016fm nab\u00eddne celkem 14 charger\u016f, v\u010detn\u011b osmi hypercharger\u016f o v\u00fdkonu 350 kilowatthodin. Cesta z Prahy do rakousk\u00e9ho Lince s elektromobilem by nem\u011bla b\u00fdt \u017e\u00e1dn\u00fd probl\u00e9m,&#8220; \u0159ekl v\u00fdkonn\u00fd \u0159editel CB Auto Franti\u0161ek Fi\u0161er.<\/p>\n<p>Na z\u00e1kladn\u00ed k\u00e1men stavby pak poklepal spole\u010dn\u011b se \u0161\u00e9fem importu \u0160kody Ji\u0159\u00edm Mal\u00e1\u010dkem a m\u00edstn\u00edmi autoritami.<\/p>\n<p><img loading=\"lazy\" decoding=\"async\" class=\"alignnone size-large wp-image-52416\" src=\"http:\/\/www.automakersnews.cz\/wp-content\/uploads\/2023\/06\/CB-hub-Plana-poklep-1024x768.jpg\" alt=\"\" width=\"1024\" height=\"768\" \/><\/p>\n<p>P\u0159i \u010dek\u00e1n\u00ed na dobit\u00ed obslou\u017e\u00ed motoristy bageterie Boulevard, kter\u00e1 p\u0159edvedla sv\u00e9 um\u011bn\u00ed i host\u016fm openingu stavby.<\/p>\n<p><strong>Zdroj: Erich Handl, Plan\u00e1\u00a0<\/strong><\/p>\n","protected":false},"excerpt":{"rendered":"<div class=\"mh-excerpt\"><p>Jiho\u010desk\u00e9 CB Auto polo\u017eilo 5. \u010dervna z\u00e1kladn\u00ed k\u00e1men nab\u00edjec\u00edho hubu u Plan\u00e9. Slavnosti se z\u00fa\u010dastnili i \u0161pi\u010dky \u0160kody Auto, m\u011bsta Plan\u00e1 nebo \u010cesk\u00fdch Bud\u011bjovic.<\/p>\n<\/div>","protected":false},"author":1,"featured_media":52415,"comment_status":"open","ping_status":"open","sticky":false,"template":"","format":"standard","meta":{"footnotes":""},"categories":[55,22],"tags":[],"class_list":["post-52413","post","type-post","status-publish","format-standard","has-post-thumbnail","hentry","category-alternativni-pohony","category-elektromobily"],"_links":{"self":[{"href":"https:\/\/www.automakersnews.cz\/index.php\/wp-json\/wp\/v2\/posts\/52413","targetHints":{"allow":["GET"]}}],"collection":[{"href":"https:\/\/www.automakersnews.cz\/index.php\/wp-json\/wp\/v2\/posts"}],"about":[{"href":"https:\/\/www.automakersnews.cz\/index.php\/wp-json\/wp\/v2\/types\/post"}],"author":[{"embeddable":true,"href":"https:\/\/www.automakersnews.cz\/index.php\/wp-json\/wp\/v2\/users\/1"}],"replies":[{"embeddable":true,"href":"https:\/\/www.automakersnews.cz\/index.php\/wp-json\/wp\/v2\/comments?post=52413"}],"version-history":[{"count":0,"href":"https:\/\/www.automakersnews.cz\/index.php\/wp-json\/wp\/v2\/posts\/52413\/revisions"}],"wp:featuredmedia":[{"embeddable":true,"href":"https:\/\/www.automakersnews.cz\/index.php\/wp-json\/wp\/v2\/media\/52415"}],"wp:attachment":[{"href":"https:\/\/www.automakersnews.cz\/index.php\/wp-json\/wp\/v2\/media?parent=52413"}],"wp:term":[{"taxonomy":"category","embeddable":true,"href":"https:\/\/www.automakersnews.cz\/index.php\/wp-json\/wp\/v2\/categories?post=52413"},{"taxonomy":"post_tag","embeddable":true,"href":"https:\/\/www.automakersnews.cz\/index.php\/wp-json\/wp\/v2\/tags?post=52413"}],"curies":[{"name":"wp","href":"https:\/\/api.w.org\/{rel}","templated":true}]}}