{"id":52449,"date":"2023-06-05T08:46:38","date_gmt":"2023-06-05T08:46:38","guid":{"rendered":"https:\/\/www.automakersnews.cz\/?p=52449"},"modified":"2023-06-06T09:52:37","modified_gmt":"2023-06-06T09:52:37","slug":"sda-registrace-vozidel-v-cervnu-rostly","status":"publish","type":"post","link":"https:\/\/www.automakersnews.cz\/index.php\/2023\/06\/05\/sda-registrace-vozidel-v-cervnu-rostly\/","title":{"rendered":"SDA: registrace vozidel v kv\u011btnu rostly"},"content":{"rendered":"<p class=\"xmprfx_MsoNormal\" align=\"justify\"><b>V leto\u0161n\u00edm roce se meziro\u010dn\u011b zv\u00fd\u0161ily registrace ve v\u0161ech kategori\u00edch vozidel s v\u00fdjimkou autobus\u016f, a to jak v kv\u011btnu, tak za prvn\u00edch p\u011bt m\u011bs\u00edc\u016f.<\/b><!--more--><\/p>\n<p class=\"xmprfx_MsoNormal\" align=\"justify\">U nov\u00fdch osobn\u00edch automobil\u016f do\u0161lo v kv\u011btnu k n\u00e1r\u016fstu o 12,31%, za 1-5\/2023 o 18,57%. V kv\u011btnu poklesl pod\u00edl benz\u00ednu na 64,47%, pod\u00edl nafty se naopak zv\u00fd\u0161il na 27,75%.<\/p>\n<p class=\"xmprfx_MsoNormal\" align=\"justify\">U alternativn\u00edch pohon\u016f v\u00fdrazn\u011b vzrostl po\u010det \u010dist\u011b bateriov\u00fdch automobil\u016f &#8211;\u00a0\u00a0v kv\u011btnu o 102%, za 1-5\/2023 o 79%. Plug-in hybridy vzrostly celkem o 61,56% a m\u00edrn\u011b se zv\u00fd\u0161il i po\u010det voz\u016f na LPG (za 1-5\/2023 1 496 ks).<\/p>\n<div>Nejvy\u0161\u0161\u00ed meziro\u010dn\u00ed n\u00e1r\u016fst zaznamen\u00e1vaj\u00ed v leto\u0161n\u00edm roce kategorie lehk\u00fdch u\u017eitkov\u00fdch (+20,6%) a n\u00e1kladn\u00edch (+19,2%) voz\u016f.<\/div>\n<div><img loading=\"lazy\" decoding=\"async\" class=\"alignnone size-full wp-image-13522\" src=\"http:\/\/www.automakersnews.cz\/wp-content\/uploads\/2023\/01\/Mercedes-Benz-nakladni-kamion-small.jpg\" alt=\"\" width=\"627\" height=\"418\" srcset=\"https:\/\/www.automakersnews.cz\/wp-content\/uploads\/2023\/01\/Mercedes-Benz-nakladni-kamion-small.jpg 627w, https:\/\/www.automakersnews.cz\/wp-content\/uploads\/2023\/01\/Mercedes-Benz-nakladni-kamion-small-300x200.jpg 300w\" sizes=\"auto, (max-width: 627px) 100vw, 627px\" \/><\/div>\n<div><\/div>\n","protected":false},"excerpt":{"rendered":"<div class=\"mh-excerpt\"><p>V leto\u0161n\u00edm roce se meziro\u010dn\u011b zv\u00fd\u0161ily registrace ve v\u0161ech kategori\u00edch vozidel s v\u00fdjimkou autobus\u016f, a to jak v kv\u011btnu, tak za prvn\u00edch p\u011bt m\u011bs\u00edc\u016f.<\/p>\n<\/div>","protected":false},"author":1,"featured_media":36792,"comment_status":"open","ping_status":"open","sticky":false,"template":"","format":"standard","meta":{"footnotes":""},"categories":[8],"tags":[],"class_list":["post-52449","post","type-post","status-publish","format-standard","has-post-thumbnail","hentry","category-statistika"],"_links":{"self":[{"href":"https:\/\/www.automakersnews.cz\/index.php\/wp-json\/wp\/v2\/posts\/52449","targetHints":{"allow":["GET"]}}],"collection":[{"href":"https:\/\/www.automakersnews.cz\/index.php\/wp-json\/wp\/v2\/posts"}],"about":[{"href":"https:\/\/www.automakersnews.cz\/index.php\/wp-json\/wp\/v2\/types\/post"}],"author":[{"embeddable":true,"href":"https:\/\/www.automakersnews.cz\/index.php\/wp-json\/wp\/v2\/users\/1"}],"replies":[{"embeddable":true,"href":"https:\/\/www.automakersnews.cz\/index.php\/wp-json\/wp\/v2\/comments?post=52449"}],"version-history":[{"count":0,"href":"https:\/\/www.automakersnews.cz\/index.php\/wp-json\/wp\/v2\/posts\/52449\/revisions"}],"wp:featuredmedia":[{"embeddable":true,"href":"https:\/\/www.automakersnews.cz\/index.php\/wp-json\/wp\/v2\/media\/36792"}],"wp:attachment":[{"href":"https:\/\/www.automakersnews.cz\/index.php\/wp-json\/wp\/v2\/media?parent=52449"}],"wp:term":[{"taxonomy":"category","embeddable":true,"href":"https:\/\/www.automakersnews.cz\/index.php\/wp-json\/wp\/v2\/categories?post=52449"},{"taxonomy":"post_tag","embeddable":true,"href":"https:\/\/www.automakersnews.cz\/index.php\/wp-json\/wp\/v2\/tags?post=52449"}],"curies":[{"name":"wp","href":"https:\/\/api.w.org\/{rel}","templated":true}]}}