{"id":52750,"date":"2023-06-07T07:55:01","date_gmt":"2023-06-07T07:55:01","guid":{"rendered":"https:\/\/www.automakersnews.cz\/?p=52750"},"modified":"2023-06-07T07:55:19","modified_gmt":"2023-06-07T07:55:19","slug":"skoda-doda-enyaqy-cpi-property-group","status":"publish","type":"post","link":"https:\/\/www.automakersnews.cz\/index.php\/2023\/06\/07\/skoda-doda-enyaqy-cpi-property-group\/","title":{"rendered":"\u0160koda dodala Enyaqy CPI Property Group"},"content":{"rendered":"<p><strong>\u0160koda Auto p\u0159edala prvn\u00ed \u010d\u00e1st elektrick\u00fdch voz\u016f \u0160koda Enyaq 80 spole\u010dnosti CPI Property Group. P\u0159echod skupiny na pln\u011b elektrifikovanou flotilu m\u00e1 usnadnit podporovan\u00e9 \u0159e\u0161en\u00ed Chargee.<\/strong><!--more--><\/p>\n<p>\u201eJe n\u00e1m ct\u00ed spojit se s p\u0159edn\u00edm evropsk\u00fdm vlastn\u00edkem nemovitost\u00ed a pomoci CPI Property Group s obnovou a modernizac\u00ed jej\u00edho vozov\u00e9ho parku. Elektrifikace firemn\u00edch flotil je jedn\u00edm z d\u016fle\u017eit\u00fdch krok\u016f k dosa\u017een\u00ed udr\u017eiteln\u00e9 mobility, zejm\u00e9na na \u010desk\u00e9m trhu, kde prodeji elektromobil\u016f dominuj\u00ed firemn\u00ed auta,\u201c \u0159\u00edk\u00e1 Ji\u0159\u00ed Mal\u00e1\u010dek, vedouc\u00ed \u010desk\u00e9ho zastoupen\u00ed \u0160koda Auto.<\/p>\n<p>Prvn\u00edch 6 voz\u016f \u0160koda Enyaq 80 iV z celkov\u00e9ho po\u010dtu 82 kus\u016f p\u0159evzali z\u00e1stupci spole\u010dnosti CPI Property Group na konci kv\u011btna. B\u011bhem leto\u0161n\u00edho roku p\u0159evezme CPIPG v\u00edce ne\u017e polovinu objednan\u00fdch voz\u016f.<\/p>\n<p>\u201eS elektromobilitou i jej\u00ed podporou to mysl\u00edme opravdu v\u00e1\u017en\u011b. Ji\u017e dnes vyu\u017e\u00edv\u00e1me t\u00e9m\u011b\u0159 stovku hybridn\u00edch voz\u016f a dvacet \u010dist\u00fdch elektromobil\u016f. Stanovili jsme si c\u00edl jimi pln\u011b vybavit na\u0161i firemn\u00ed flotilu do konce roku 2024. Stejn\u011b tak ale bereme v\u00e1\u017en\u011b i na\u0161e ostatn\u00ed z\u00e1vazky v oblasti udr\u017eitelnosti. Budeme nad\u00e1le v\u00fdrazn\u011b investovat do rozvoje ekologicky \u0161etrn\u00fdch technologi\u00ed, do v\u00fdstavby fotovoltaick\u00fdch elektr\u00e1ren a chytr\u00fdch \u0159e\u0161en\u00ed propojuj\u00edc\u00edch sv\u011bt elektromobility,\u201c \u0159\u00edk\u00e1 Zden\u011bk Havelka, v\u00fdkonn\u00fd \u0159editel CPI Property Group.<\/p>\n<p>Nov\u00e9 vozy Enyaq jsou vybaveny 80kWh bateri\u00ed a tepeln\u00fdm \u010derpadlem. CPI Property Group se t\u00edmto krokem \u0159ad\u00ed mezi nejv\u011bt\u0161\u00ed fleetov\u00e9 z\u00e1kazn\u00edky \u0160koda Auto s elektrifikovanou flotilou.<\/p>\n<p><img loading=\"lazy\" decoding=\"async\" class=\"alignnone size-large wp-image-1524\" src=\"http:\/\/www.automakersnews.cz\/wp-content\/uploads\/2022\/11\/Vyroba-aut-skoda-enyaq-1024x768.jpg\" alt=\"\" width=\"1024\" height=\"768\" \/><\/p>\n<p>Krom\u011b nov\u00fdch elektromobil\u016f \u0160koda Auto rovn\u011b\u017e zprost\u0159edkuje CPI Property Group podporovan\u00e9 nab\u00edjec\u00ed \u0159e\u0161en\u00ed Chargee\u00a0 ur\u010den\u00e9 pro firemn\u00ed z\u00e1kazn\u00edky.<\/p>\n","protected":false},"excerpt":{"rendered":"<div class=\"mh-excerpt\"><p>\u0160koda Auto p\u0159edala prvn\u00ed \u010d\u00e1st elektrick\u00fdch voz\u016f \u0160koda Enyaq 80 spole\u010dnosti CPI Property Group. P\u0159echod skupiny na pln\u011b elektrifikovanou flotilu m\u00e1 usnadnit podporovan\u00e9 \u0159e\u0161en\u00ed Chargee.<\/p>\n<\/div>","protected":false},"author":1,"featured_media":53054,"comment_status":"open","ping_status":"open","sticky":false,"template":"","format":"standard","meta":{"footnotes":""},"categories":[25,2],"tags":[],"class_list":["post-52750","post","type-post","status-publish","format-standard","has-post-thumbnail","hentry","category-fleety","category-news"],"_links":{"self":[{"href":"https:\/\/www.automakersnews.cz\/index.php\/wp-json\/wp\/v2\/posts\/52750","targetHints":{"allow":["GET"]}}],"collection":[{"href":"https:\/\/www.automakersnews.cz\/index.php\/wp-json\/wp\/v2\/posts"}],"about":[{"href":"https:\/\/www.automakersnews.cz\/index.php\/wp-json\/wp\/v2\/types\/post"}],"author":[{"embeddable":true,"href":"https:\/\/www.automakersnews.cz\/index.php\/wp-json\/wp\/v2\/users\/1"}],"replies":[{"embeddable":true,"href":"https:\/\/www.automakersnews.cz\/index.php\/wp-json\/wp\/v2\/comments?post=52750"}],"version-history":[{"count":0,"href":"https:\/\/www.automakersnews.cz\/index.php\/wp-json\/wp\/v2\/posts\/52750\/revisions"}],"wp:featuredmedia":[{"embeddable":true,"href":"https:\/\/www.automakersnews.cz\/index.php\/wp-json\/wp\/v2\/media\/53054"}],"wp:attachment":[{"href":"https:\/\/www.automakersnews.cz\/index.php\/wp-json\/wp\/v2\/media?parent=52750"}],"wp:term":[{"taxonomy":"category","embeddable":true,"href":"https:\/\/www.automakersnews.cz\/index.php\/wp-json\/wp\/v2\/categories?post=52750"},{"taxonomy":"post_tag","embeddable":true,"href":"https:\/\/www.automakersnews.cz\/index.php\/wp-json\/wp\/v2\/tags?post=52750"}],"curies":[{"name":"wp","href":"https:\/\/api.w.org\/{rel}","templated":true}]}}