{"id":53013,"date":"2023-06-07T07:22:03","date_gmt":"2023-06-07T07:22:03","guid":{"rendered":"https:\/\/www.automakersnews.cz\/?p=53013"},"modified":"2023-06-07T07:25:41","modified_gmt":"2023-06-07T07:25:41","slug":"zero-emission-factory-stavi-v-klastereci","status":"publish","type":"post","link":"https:\/\/www.automakersnews.cz\/index.php\/2023\/06\/07\/zero-emission-factory-stavi-v-klastereci\/","title":{"rendered":"Zero Emission Factory stav\u00ed v Kl\u00e1\u0161tereci"},"content":{"rendered":"<p><strong>Dodavatel pro autopr\u016fmysl\u00a0 ZF Electronics Kl\u00e1\u0161terec nad Oh\u0159\u00ed zah\u00e1jil realizaci projektu Zero Emission Factory. C\u00edlem je sn\u00ed\u017een\u00ed emis\u00ed sklen\u00edkov\u00fdch plyn\u016f a omezen\u00ed mno\u017estv\u00ed nakupovan\u00e9 elektrick\u00e9 energie \u2013 prvn\u00ed tov\u00e1rna s nulov\u00fdmi emisemi v \u010cR.<\/strong><!--more--><\/p>\n<p>Projekt se bude realizovat ve t\u0159ech etap\u00e1ch a zahrnuje instalaci fotovoltaick\u00e9 elektr\u00e1rny slou\u017e\u00edc\u00ed pro vlastn\u00ed pot\u0159eby spole\u010dnosti.<\/p>\n<p>\u201eCel\u00fd projekt Zero Emission Factory je sou\u010d\u00e1st\u00ed na\u0161\u00ed iniciativy SuperCharge a bude realizov\u00e1n postupn\u011b. Moment\u00e1ln\u011b jsme se zam\u011b\u0159ili na stavbu fotovoltaick\u00e9 elektr\u00e1rny na st\u0159ech\u00e1ch v\u00fdrobn\u00edch hal a na zelen\u00fdch ploch\u00e1ch kolem nich, kter\u00e9 p\u0159isp\u011bj\u00ed k na\u0161emu c\u00edli nulov\u00fdch emis\u00ed,&#8220; uvedl \u0159editel z\u00e1vodu, Ing. Jaroslav Marek.<\/p>\n<p><strong>V 1. etap\u011b<\/strong>\u00a0se uskute\u010d\u0148uje stavba fotovoltaick\u00e9 elektr\u00e1rny na st\u0159ech\u00e1ch v\u00fdrobn\u00edch hal o v\u00fdkonu 998,00 kWp. Tento projekt je spolufinancov\u00e1n N\u00e1rodn\u00edm pl\u00e1nem obnovy na z\u00e1klad\u011b rozhodnut\u00ed ministra pr\u016fmyslu a obchodu.<\/p>\n<p><strong>V r\u00e1mci 2. etapy<\/strong>\u00a0se realizuje stavba fotovoltaick\u00e9 elektr\u00e1rny na zelen\u00fdch ploch\u00e1ch o v\u00fdkonu 412 kWp. Tento projekt je spolufinancov\u00e1n Moderniza\u010dn\u00edm fondem na z\u00e1klad\u011b rozhodnut\u00ed ministra \u017eivotn\u00edho prost\u0159ed\u00ed. Term\u00edn uveden\u00ed FVE do provozu je z\u00e1\u0159\u00ed 2023.<\/p>\n<p>V ZF Kl\u00e1\u0161terec jsme specialist\u00e9 na v\u00fdrobu \u010dist\u00e9 technologie pro elektromobilitu nov\u00e9 generace. ZF Group je p\u0159edn\u00edm dodavatelem pro automobilov\u00fd pr\u016fmysl. ZF Electronics Kl\u00e1\u0161terec, jako sou\u010d\u00e1st divize E-mobility, je p\u0159edn\u00edm l\u00eddrem v zav\u00e1d\u011bn\u00ed technologi\u00ed pro elektromobilitu v automobilov\u00e9m pr\u016fmyslu, a to nejen v r\u00e1mci \u010cesk\u00e9 republiky.<\/p>\n<p>Aktu\u00e1ln\u011b se zde vyr\u00e1b\u00ed v\u00fdkonov\u00e9 elektroniky (m\u011bni\u010de) do elektromobil\u016f. Ty pak putuji\u0301 do z\u00e1vod\u016f v N\u011bmecku a v Srbsku, kde jsou vyr\u00e1b\u011bny elektromotory. Cel\u00e1 sestava elektrick\u00e9ho pohonu je dod\u00e1v\u00e1na evropsk\u00fdm v\u00fdrobc\u016fm vozidel. Historicky prvn\u00edm z\u00e1kazn\u00edkem kl\u00e1\u0161tereck\u00fdch v\u00fdkonov\u00fdch elektronik je Mercedes Benz se sv\u00fdmi komer\u010dn\u00edmi modely EQC, EQA, EQB a E-Sprinter a pln\u011b elektrick\u00fdm pohonem.<\/p>\n<p>Pot\u00e9 p\u0159i\u0161la v\u00fdroba v\u00fdkonov\u00fdch elektronik pro BMW. V tomto p\u0159\u00edpad\u011b v\u0161ak jde o v\u00fdkonov\u00e9 elektroniky pro plug\u2010in hybridy a mild\u2010hybridy. Krom\u011b t\u011bchto dvou v\u00fdznamn\u00fdch z\u00e1kazn\u00edk\u016f dod\u00e1v\u00e1 Kl\u00e1\u0161terec tak\u00e9 v\u00fdkonov\u00e9 elektroniky pro ostatn\u00ed v\u00fdrobce OEM. V bezemisn\u00edm z\u00e1vodu v Kl\u00e1\u0161terci aktu\u00e1ln\u011b pracuje na t\u011bchto projektech cca 750 zam\u011bstnanc\u016f.<\/p>\n<p><strong>Strategie udr\u017eitelnosti spole\u010dnosti ZF<\/strong><br \/>\nUdr\u017eitelnost je ned\u00edlnou sou\u010d\u00e1st\u00ed podnikov\u00e9 strategie spole\u010dnosti ZF. Jako glob\u00e1ln\u011b p\u016fsob\u00edc\u00ed technologick\u00e1 spole\u010dnost p\u0159eb\u00edr\u00e1 ZF odpov\u011bdnost v cel\u00e9m hodnotov\u00e9m \u0159et\u011bzci \u2013 za zam\u011bstnance a m\u00edsta, stejn\u011b jako v dodavatelsk\u00e9m \u0159et\u011bzci za v\u00fdrobky. Glob\u00e1ln\u00ed aktivity v oblasti udr\u017eitelnosti jsou sdru\u017eeny pod heslem\u00a0<strong>&#8222;Acting now. Sustainability@ZF&#8220;<\/strong>. Mezi c\u00edle pat\u0159\u00ed \u00fapln\u00e1 klimatick\u00e1 neutralita do roku 2040.<\/p>\n<figure id=\"attachment_53045\" aria-describedby=\"caption-attachment-53045\" style=\"width: 748px\" class=\"wp-caption alignnone\"><img loading=\"lazy\" decoding=\"async\" class=\"size-full wp-image-53045\" src=\"http:\/\/www.automakersnews.cz\/wp-content\/uploads\/2023\/06\/ZF-solarni.jpg\" alt=\"\" width=\"748\" height=\"499\" srcset=\"https:\/\/www.automakersnews.cz\/wp-content\/uploads\/2023\/06\/ZF-solarni.jpg 748w, https:\/\/www.automakersnews.cz\/wp-content\/uploads\/2023\/06\/ZF-solarni-300x200.jpg 300w\" sizes=\"auto, (max-width: 748px) 100vw, 748px\" \/><figcaption id=\"caption-attachment-53045\" class=\"wp-caption-text\"><span style=\"font-size: 16px;\">To zahrnuje nejen samotnou spole\u010dnost ZF a v\u00fdrobu, ale tak\u00e9 emise hodnotov\u00e9ho \u0159et\u011bzce. Emise se zaznamen\u00e1vaj\u00ed od za\u010d\u00e1tku do konce, od emis\u00ed dodavatel\u016f spole\u010dnosti ZF p\u0159es logistiku a\u017e po f\u00e1zi pou\u017e\u00edv\u00e1n\u00ed v\u00fdrobk\u016f ve vozidlech a technick\u00fdch syst\u00e9mech. Spole\u010dnost ZF se zam\u011b\u0159uje na udr\u017eiteln\u011b vyr\u00e1b\u011bnou energii pro z\u00e1vody, zvy\u0161ov\u00e1n\u00ed energetick\u00e9 \u00fa\u010dinnosti proces\u016f, elektrifikaci velk\u00e9 \u010d\u00e1sti v\u00fdrobk\u016f a pou\u017e\u00edv\u00e1n\u00ed recyklovan\u00fdch materi\u00e1l\u016f.<\/span><\/figcaption><\/figure>\n","protected":false},"excerpt":{"rendered":"<div class=\"mh-excerpt\"><p>Dodavatel pro autopr\u016fmysl\u00a0 ZF Electronics Kl\u00e1\u0161terec nad Oh\u0159\u00ed zah\u00e1jil realizaci projektu Zero Emission Factory. C\u00edlem je sn\u00ed\u017een\u00ed emis\u00ed sklen\u00edkov\u00fdch plyn\u016f a omezen\u00ed mno\u017estv\u00ed nakupovan\u00e9 elektrick\u00e9 <a class=\"mh-excerpt-more\" href=\"https:\/\/www.automakersnews.cz\/index.php\/2023\/06\/07\/zero-emission-factory-stavi-v-klastereci\/\" title=\"Zero Emission Factory stav\u00ed v Kl\u00e1\u0161tereci\">[&#8230;]<\/a><\/p>\n<\/div>","protected":false},"author":1,"featured_media":53047,"comment_status":"open","ping_status":"open","sticky":false,"template":"","format":"standard","meta":{"footnotes":""},"categories":[55,22],"tags":[],"class_list":["post-53013","post","type-post","status-publish","format-standard","has-post-thumbnail","hentry","category-alternativni-pohony","category-elektromobily"],"_links":{"self":[{"href":"https:\/\/www.automakersnews.cz\/index.php\/wp-json\/wp\/v2\/posts\/53013","targetHints":{"allow":["GET"]}}],"collection":[{"href":"https:\/\/www.automakersnews.cz\/index.php\/wp-json\/wp\/v2\/posts"}],"about":[{"href":"https:\/\/www.automakersnews.cz\/index.php\/wp-json\/wp\/v2\/types\/post"}],"author":[{"embeddable":true,"href":"https:\/\/www.automakersnews.cz\/index.php\/wp-json\/wp\/v2\/users\/1"}],"replies":[{"embeddable":true,"href":"https:\/\/www.automakersnews.cz\/index.php\/wp-json\/wp\/v2\/comments?post=53013"}],"version-history":[{"count":0,"href":"https:\/\/www.automakersnews.cz\/index.php\/wp-json\/wp\/v2\/posts\/53013\/revisions"}],"wp:featuredmedia":[{"embeddable":true,"href":"https:\/\/www.automakersnews.cz\/index.php\/wp-json\/wp\/v2\/media\/53047"}],"wp:attachment":[{"href":"https:\/\/www.automakersnews.cz\/index.php\/wp-json\/wp\/v2\/media?parent=53013"}],"wp:term":[{"taxonomy":"category","embeddable":true,"href":"https:\/\/www.automakersnews.cz\/index.php\/wp-json\/wp\/v2\/categories?post=53013"},{"taxonomy":"post_tag","embeddable":true,"href":"https:\/\/www.automakersnews.cz\/index.php\/wp-json\/wp\/v2\/tags?post=53013"}],"curies":[{"name":"wp","href":"https:\/\/api.w.org\/{rel}","templated":true}]}}