{"id":53048,"date":"2023-06-07T07:32:24","date_gmt":"2023-06-07T07:32:24","guid":{"rendered":"https:\/\/www.automakersnews.cz\/?p=53048"},"modified":"2023-06-07T07:32:24","modified_gmt":"2023-06-07T07:32:24","slug":"bmw-alpina-b5-gt-pro-250-vyvolenych","status":"publish","type":"post","link":"https:\/\/www.automakersnews.cz\/index.php\/2023\/06\/07\/bmw-alpina-b5-gt-pro-250-vyvolenych\/","title":{"rendered":"BMW ALPINA B5 GT pro 250 vyvolen\u00fdch"},"content":{"rendered":"<p><strong>Invelt rozjel objedn\u00e1vky na B5 GT , vrcholn\u00e9 proveden\u00ed BMW \u0159ady 5 v nab\u00eddce spole\u010dnosti ALPINA. V\u016fz je\u00a0 k dispozici s karoseri\u00ed sedan i kombi a vznikne pouh\u00fdch 250 exempl\u00e1\u0159\u016f.<\/strong><!--more--><\/p>\n<p>Srdcem BMW ALPINA B5 GT je zn\u00e1m\u00fd, dv\u011bma turbodmychadly p\u0159epl\u0148ovan\u00fd motor V8 o objemu 4,4 litru s\u00a0typickou dynamikou, vysok\u00fdm to\u010div\u00fdm momentem a plynul\u00fdm pr\u016fb\u011bhem v\u00fdkonu.<\/p>\n<p>Dosahuje parametr\u016f 634 kon\u00ed a 850 Nm, co\u017e z\u00a0n\u011bj \u010din\u00ed nejv\u00fdkonn\u011bj\u0161\u00ed motor v\u00a0historii zna\u010dky ALPINA. Spojen je s\u00a0osmistup\u0148ovou sportovn\u00ed automatickou p\u0159evodovkou ZF speci\u00e1ln\u011b p\u0159izp\u016fsobenou na vysok\u00fd to\u010div\u00fd moment motoru, kter\u00e1 umo\u017e\u0148uje dynamick\u00e9 \u0159azen\u00ed, a upraven\u00fd syst\u00e9m Launch Control je z\u00e1rukou \u0161pi\u010dkov\u00e9 akcelerace.<\/p>\n<p>Sprint z klidu na 100 km\/h BMW ALPINA B5 GT zvl\u00e1dne za 3,2 sekundy (3,4 sekundy pro kombi) a dechberouc\u00ed zrychlen\u00ed se zastav\u00ed a\u017e na hodnot\u011b 330 km\/h (328 km\/h pro kombi).<\/p>\n<p><strong>Cena vozu BMW ALPINA B5 GT Saloon: 3\u00a0565 114 K\u010d s\u00a0DPH.<\/strong><\/p>\n<p><strong>Cena vozu BMW ALPINA B5 GT Touring: 3\u00a0638 621 K\u010d s\u00a0DPH.<\/strong><\/p>\n<p>Uveden\u00e9 ceny v K\u010d jsou informativn\u00ed a jsou v\u017edy p\u0159epo\u010dteny aktu\u00e1ln\u00edm kurzem.<\/p>\n<figure id=\"attachment_53050\" aria-describedby=\"caption-attachment-53050\" style=\"width: 1024px\" class=\"wp-caption alignnone\"><img loading=\"lazy\" decoding=\"async\" class=\"size-large wp-image-53050\" src=\"http:\/\/www.automakersnews.cz\/wp-content\/uploads\/2023\/06\/BMW_ALPINA_B5_GT_03-1024x683.jpg\" alt=\"\" width=\"1024\" height=\"683\" \/><figcaption id=\"caption-attachment-53050\" class=\"wp-caption-text\">2023 BMW ALPINA B5 GT<\/figcaption><\/figure>\n","protected":false},"excerpt":{"rendered":"<div class=\"mh-excerpt\"><p>Invelt rozjel objedn\u00e1vky na B5 GT , vrcholn\u00e9 proveden\u00ed BMW \u0159ady 5 v nab\u00eddce spole\u010dnosti ALPINA. V\u016fz je\u00a0 k dispozici s karoseri\u00ed sedan i kombi <a class=\"mh-excerpt-more\" href=\"https:\/\/www.automakersnews.cz\/index.php\/2023\/06\/07\/bmw-alpina-b5-gt-pro-250-vyvolenych\/\" title=\"BMW ALPINA B5 GT pro 250 vyvolen\u00fdch\">[&#8230;]<\/a><\/p>\n<\/div>","protected":false},"author":1,"featured_media":53049,"comment_status":"open","ping_status":"open","sticky":false,"template":"","format":"standard","meta":{"footnotes":""},"categories":[44],"tags":[],"class_list":["post-53048","post","type-post","status-publish","format-standard","has-post-thumbnail","hentry","category-ceny-novinek"],"_links":{"self":[{"href":"https:\/\/www.automakersnews.cz\/index.php\/wp-json\/wp\/v2\/posts\/53048","targetHints":{"allow":["GET"]}}],"collection":[{"href":"https:\/\/www.automakersnews.cz\/index.php\/wp-json\/wp\/v2\/posts"}],"about":[{"href":"https:\/\/www.automakersnews.cz\/index.php\/wp-json\/wp\/v2\/types\/post"}],"author":[{"embeddable":true,"href":"https:\/\/www.automakersnews.cz\/index.php\/wp-json\/wp\/v2\/users\/1"}],"replies":[{"embeddable":true,"href":"https:\/\/www.automakersnews.cz\/index.php\/wp-json\/wp\/v2\/comments?post=53048"}],"version-history":[{"count":0,"href":"https:\/\/www.automakersnews.cz\/index.php\/wp-json\/wp\/v2\/posts\/53048\/revisions"}],"wp:featuredmedia":[{"embeddable":true,"href":"https:\/\/www.automakersnews.cz\/index.php\/wp-json\/wp\/v2\/media\/53049"}],"wp:attachment":[{"href":"https:\/\/www.automakersnews.cz\/index.php\/wp-json\/wp\/v2\/media?parent=53048"}],"wp:term":[{"taxonomy":"category","embeddable":true,"href":"https:\/\/www.automakersnews.cz\/index.php\/wp-json\/wp\/v2\/categories?post=53048"},{"taxonomy":"post_tag","embeddable":true,"href":"https:\/\/www.automakersnews.cz\/index.php\/wp-json\/wp\/v2\/tags?post=53048"}],"curies":[{"name":"wp","href":"https:\/\/api.w.org\/{rel}","templated":true}]}}