{"id":5306,"date":"2022-11-28T07:38:19","date_gmt":"2022-11-28T07:38:19","guid":{"rendered":"https:\/\/www.automakersnews.cz\/?p=5306"},"modified":"2022-11-28T07:48:16","modified_gmt":"2022-11-28T07:48:16","slug":"flotilove-auto-roku-2022-je-audi-a6","status":"publish","type":"post","link":"https:\/\/www.automakersnews.cz\/index.php\/2022\/11\/28\/flotilove-auto-roku-2022-je-audi-a6\/","title":{"rendered":"Audi A6 Flotilov\u00fdm autem roku 2022"},"content":{"rendered":"<p><strong>Audi A6 se stalo absolutn\u00edm v\u00edt\u011bzem 19. ro\u010dn\u00edku ankety o nejlep\u0161\u00ed firemn\u00ed v\u016fz, Flotilov\u00e9 auto roku 2022, kterou ka\u017edoro\u010dn\u011b po\u0159\u00e1d\u00e1 odborn\u00fd magaz\u00edn Flotila. Cenu p\u0159evzal \u0161\u00e9f divize Audi v Porsche \u010cR Marcel Archleb.<\/strong><!--more--><\/p>\n<p>Porota slo\u017een\u00e1 ze 150 fleetov\u00fdch mana\u017eer\u016f ud\u011blila po testovac\u00edch j\u00edzd\u00e1ch nejv\u011bt\u0161\u00ed po\u010det hlas\u016f modelov\u00e9 \u0159ad\u011b Audi A6, kter\u00e1 se vyzna\u010duje nejen ojedin\u011bl\u00fdm designem a vysp\u011blou technikou, ale tak\u00e9 \u0161irok\u00fdm v\u00fdb\u011brem karos\u00e1\u0159sk\u00fdch variant a pohon\u016f pro nejr\u016fzn\u011bj\u0161\u00ed po\u017eadavky n\u00e1ro\u010dn\u00fdch z\u00e1kazn\u00edk\u016f.<\/p>\n<p>\u201eCelkov\u00e9 v\u00edt\u011bzstv\u00ed modelu Audi A6 v siln\u00e9 konkurenci automobil\u016f nominovan\u00fdch do leto\u0161n\u00ed nez\u00e1visl\u00e9 ankety Flotilov\u00e9 auto roku 2022 je skv\u011bl\u00fdm potvrzen\u00edm mimo\u0159\u00e1dn\u00fdch kvalit obl\u00edben\u00e9ho mana\u017eersk\u00e9ho vozu s logem \u010dty\u0159 kruh\u016f,\u201c \u0159\u00edk\u00e1 Marcel Archleb, vedouc\u00ed divize Audi spole\u010dnosti Porsche \u010cesk\u00e1 republika.<\/p>\n<p>\u201eKvalita, design, vysp\u011bl\u00e1 technika a v\u00fdhodn\u00e9 celkov\u00e9 n\u00e1klady jsou tradi\u010dn\u00edmi siln\u00fdmi str\u00e1nkami modelov\u00e9 \u0159ady Audi A6, kter\u00e1 tak opr\u00e1vn\u011bn\u011b pat\u0159\u00ed k nejobl\u00edben\u011bj\u0161\u00edm voz\u016fm mezi \u010desk\u00fdmi mana\u017eery.\u201c<\/p>\n<figure id=\"attachment_5309\" aria-describedby=\"caption-attachment-5309\" style=\"width: 300px\" class=\"wp-caption alignnone\"><img loading=\"lazy\" decoding=\"async\" class=\"size-medium wp-image-5309\" src=\"http:\/\/www.automakersnews.cz\/wp-content\/uploads\/2022\/11\/Audi-Archleb-ceny-Flotila-e1669621535524-300x216.jpg\" alt=\"\" width=\"300\" height=\"216\" srcset=\"https:\/\/www.automakersnews.cz\/wp-content\/uploads\/2022\/11\/Audi-Archleb-ceny-Flotila-e1669621535524-300x216.jpg 300w, https:\/\/www.automakersnews.cz\/wp-content\/uploads\/2022\/11\/Audi-Archleb-ceny-Flotila-e1669621535524.jpg 708w\" sizes=\"auto, (max-width: 300px) 100vw, 300px\" \/><figcaption id=\"caption-attachment-5309\" class=\"wp-caption-text\">Cenu p\u0159evzal \u0161\u00e9f divize Audi Marcel Archleb<\/figcaption><\/figure>\n<p>O celkov\u00e9m v\u00edt\u011bzstv\u00ed modelu Audi A6 v\u00a0presti\u017en\u00ed anket\u011b Flotilov\u00e9 auto roku 2022 rozhodlo sv\u00fdmi hlasy 150 porotc\u016f z \u0159ad zku\u0161en\u00fdch fleetov\u00fdch mana\u017eer\u016f. Magaz\u00edn Flotila pro porotce uspo\u0159\u00e1dal ve spolupr\u00e1ci se spole\u010dnost\u00ed LeasePlan testovac\u00ed j\u00edzdy s\u00a0nominovan\u00fdmi automobily, kter\u00e9 se uskute\u010dnily v\u00a0z\u00e1\u0159\u00ed v\u00a0Hradci Kr\u00e1lov\u00e9.<\/p>\n<p>\u201eV\u00fdsledku hlasov\u00e1n\u00ed nez\u00e1visl\u00e9 poroty slo\u017een\u00e9 z\u00a0opravdov\u00fdch odborn\u00edk\u016f, jejich\u017e ka\u017edodenn\u00ed prac\u00ed je \u0159\u00edzen\u00ed firemn\u00edch vozov\u00fdch park\u016f, si velmi v\u00e1\u017e\u00edme, proto\u017ee zrcadl\u00ed nesporn\u00e9 kvality na\u0161eho modelu Audi A6 v\u00a0n\u00e1ro\u010dn\u00e9\u00a0roli mana\u017eersk\u00e9ho vozu,\u201c dod\u00e1v\u00e1 Marcel Archleb.<\/p>\n<p>Odborn\u00fd magaz\u00edn Flotila uspo\u0159\u00e1dal letos ji\u017e 19. ro\u010dn\u00edk sv\u00e9 tradi\u010dn\u00ed ankety Flotilov\u00e9 auto roku. Nominovan\u00e9 automobily jsou v n\u00ed rozd\u011bleny do p\u011bti d\u00edl\u010d\u00edch kategori\u00ed \u2013 Referentsk\u00e9 auto, Mana\u017eersk\u00e9 auto, Pr\u00e9miov\u00e9 auto, U\u017eitkov\u00e9 auto a New Energy \u2013 v\u00a0nich\u017e o kone\u010dn\u00e9m po\u0159ad\u00ed rozhoduje internetov\u00e9 hlasov\u00e1n\u00ed.<\/p>\n<p>Celkov\u00e9ho v\u00edt\u011bze ankety vyb\u00edr\u00e1 odborn\u00e1 porota tvo\u0159en\u00e1 150 fleetov\u00fdmi mana\u017eery. Sou\u010d\u00e1st\u00ed anket Flotilov\u00e9 auto roku je tak\u00e9 hlasov\u00e1n\u00ed o Fleetov\u00fd produkt roku se zam\u011b\u0159en\u00edm na fleetov\u00e9 produkty a slu\u017eby.<\/p>\n","protected":false},"excerpt":{"rendered":"<div class=\"mh-excerpt\"><p>Audi A6 se stalo absolutn\u00edm v\u00edt\u011bzem 19. ro\u010dn\u00edku ankety o nejlep\u0161\u00ed firemn\u00ed v\u016fz, Flotilov\u00e9 auto roku 2022, kterou ka\u017edoro\u010dn\u011b po\u0159\u00e1d\u00e1 odborn\u00fd magaz\u00edn Flotila. Cenu p\u0159evzal <a class=\"mh-excerpt-more\" href=\"https:\/\/www.automakersnews.cz\/index.php\/2022\/11\/28\/flotilove-auto-roku-2022-je-audi-a6\/\" title=\"Audi A6 Flotilov\u00fdm autem roku 2022\">[&#8230;]<\/a><\/p>\n<\/div>","protected":false},"author":1,"featured_media":5307,"comment_status":"open","ping_status":"open","sticky":false,"template":"","format":"standard","meta":{"footnotes":""},"categories":[7],"tags":[],"class_list":["post-5306","post","type-post","status-publish","format-standard","has-post-thumbnail","hentry","category-ankety"],"_links":{"self":[{"href":"https:\/\/www.automakersnews.cz\/index.php\/wp-json\/wp\/v2\/posts\/5306","targetHints":{"allow":["GET"]}}],"collection":[{"href":"https:\/\/www.automakersnews.cz\/index.php\/wp-json\/wp\/v2\/posts"}],"about":[{"href":"https:\/\/www.automakersnews.cz\/index.php\/wp-json\/wp\/v2\/types\/post"}],"author":[{"embeddable":true,"href":"https:\/\/www.automakersnews.cz\/index.php\/wp-json\/wp\/v2\/users\/1"}],"replies":[{"embeddable":true,"href":"https:\/\/www.automakersnews.cz\/index.php\/wp-json\/wp\/v2\/comments?post=5306"}],"version-history":[{"count":0,"href":"https:\/\/www.automakersnews.cz\/index.php\/wp-json\/wp\/v2\/posts\/5306\/revisions"}],"wp:featuredmedia":[{"embeddable":true,"href":"https:\/\/www.automakersnews.cz\/index.php\/wp-json\/wp\/v2\/media\/5307"}],"wp:attachment":[{"href":"https:\/\/www.automakersnews.cz\/index.php\/wp-json\/wp\/v2\/media?parent=5306"}],"wp:term":[{"taxonomy":"category","embeddable":true,"href":"https:\/\/www.automakersnews.cz\/index.php\/wp-json\/wp\/v2\/categories?post=5306"},{"taxonomy":"post_tag","embeddable":true,"href":"https:\/\/www.automakersnews.cz\/index.php\/wp-json\/wp\/v2\/tags?post=5306"}],"curies":[{"name":"wp","href":"https:\/\/api.w.org\/{rel}","templated":true}]}}