{"id":5313,"date":"2022-11-28T07:58:58","date_gmt":"2022-11-28T07:58:58","guid":{"rendered":"https:\/\/www.automakersnews.cz\/?p=5313"},"modified":"2022-11-28T08:03:30","modified_gmt":"2022-11-28T08:03:30","slug":"fleetovym-manazerem-roku-je-richterova","status":"publish","type":"post","link":"https:\/\/www.automakersnews.cz\/index.php\/2022\/11\/28\/fleetovym-manazerem-roku-je-richterova\/","title":{"rendered":"Fleetov\u00fdm mana\u017eerem roku je Richterov\u00e1"},"content":{"rendered":"<p><strong>Zna\u010dka Volkswagen osobn\u00ed vozy si z ankety Flotila roku 2022 odnesla n\u011bkolik cen. Fleetov\u00fdm mana\u017eerem roku byla vyhl\u00e1\u0161ena Anna Richterov\u00e1 z divize VW osobn\u00ed vozy. Prvn\u00ed m\u00edsto v hlasov\u00e1n\u00ed o Mana\u017eersk\u00e9 auto obsadil Volkswagen Arteon Shooting Brake a Volkswagen ID.5 se um\u00edstil mezi prvn\u00edmi t\u0159emi v kategorii NEW ENERGY.\u00a0<\/strong><\/p>\n<p><b><\/b><!--more--><\/p>\n<p>\u201eVolkswagen pat\u0159\u00ed mezi l\u00eddry na \u010desk\u00e9m fleetov\u00e9m trhu, co\u017e potvrzuj\u00ed i na\u0161e \u00fasp\u011bchy v\u00a0leto\u0161n\u00edm ro\u010dn\u00edku ankety Flotila roku,\u201c \u0159\u00edk\u00e1 Patrik Fejtek, \u0159editel divize Volkswagen osobn\u00ed vozy spole\u010dnosti Porsche \u010cesk\u00e1 republika.<\/p>\n<p>\u201eVelmi n\u00e1s t\u011b\u0161\u00ed, \u017ee hned dv\u011bma na\u0161im model\u016fm vyneslo hlasov\u00e1n\u00ed odborn\u00e9 ve\u0159ejnosti z\u00a0fleetov\u00e9 oblasti medailov\u00e9 um\u00edst\u011bn\u00ed v\u00a0p\u0159\u00edslu\u0161n\u00fdch kategori\u00edch. A je\u0161t\u011b v\u011bt\u0161\u00ed radost m\u00e1m z\u00a0ocen\u011bn\u00ed Fleetov\u00fd mana\u017eer roku, je\u017e bylo odbornou porotou ud\u011bleno Ani\u010dce Richterov\u00e9, kter\u00e1 m\u00e1 na starosti na\u0161e firemn\u00ed z\u00e1kazn\u00edky. Ani\u010dka odv\u00e1d\u00ed dlouhodob\u011b skv\u011blou pr\u00e1ci a jej\u00edho nasazen\u00ed si velmi v\u00e1\u017e\u00edm.\u201c<\/p>\n<figure id=\"attachment_5346\" aria-describedby=\"caption-attachment-5346\" style=\"width: 300px\" class=\"wp-caption alignnone\"><img loading=\"lazy\" decoding=\"async\" class=\"size-medium wp-image-5346\" src=\"http:\/\/www.automakersnews.cz\/wp-content\/uploads\/2022\/11\/FEJTEK_16-1024x683-1-300x200.jpg\" alt=\"\" width=\"300\" height=\"200\" srcset=\"https:\/\/www.automakersnews.cz\/wp-content\/uploads\/2022\/11\/FEJTEK_16-1024x683-1-300x200.jpg 300w, https:\/\/www.automakersnews.cz\/wp-content\/uploads\/2022\/11\/FEJTEK_16-1024x683-1-768x512.jpg 768w, https:\/\/www.automakersnews.cz\/wp-content\/uploads\/2022\/11\/FEJTEK_16-1024x683-1.jpg 1024w\" sizes=\"auto, (max-width: 300px) 100vw, 300px\" \/><figcaption id=\"caption-attachment-5346\" class=\"wp-caption-text\">Patrik Fejtek<\/figcaption><\/figure>\n<p>V interi\u00e9ru nab\u00edz\u00ed navzdory sv\u00e9mu dynamick\u00e9mu charakteru velkorys\u00fd prostor p\u011bti cestuj\u00edc\u00edm v\u010detn\u011b jejich zavazadel, kter\u00e1 lze ulo\u017eit do zavazadlov\u00e9ho prostoru o objemu 565 a\u017e 1632 litr\u016f.<\/p>\n<p>Letos na ja\u0159e p\u0159edstaven\u00fd model Volkswagen ID.5 bodoval v\u00a0anket\u011b Flotila roku 2022 um\u00edst\u011bn\u00edm v\u00a0Top 3 v siln\u011b obsazen\u00e9 kategorii NEW ENERGY.<\/p>\n<p>Anketu Flotila roku ka\u017edoro\u010dn\u011b po\u0159\u00e1d\u00e1 odborn\u00fd magaz\u00edn Flotila. Letos se konal ji\u017e 19.\u00a0ro\u010dn\u00edk. Anketa je rozd\u011blena do n\u011bkolika sekc\u00ed. Krom\u011b Flotilov\u00e9ho automobilu roku, o kter\u00e9m rozhoduje odborn\u00e1 porota tvo\u0159en\u00e1 150 fleetov\u00fdmi mana\u017eery, prob\u00edh\u00e1 v\u00a0r\u00e1mci ankety tak\u00e9 internetov\u00e9 hlasov\u00e1n\u00ed odborn\u00e9 ve\u0159ejnosti o nejlep\u0161\u00ed vozy v p\u011bti d\u00edl\u010d\u00edch kategori\u00edch \u2013 Referentsk\u00e9 auto, Mana\u017eersk\u00e9 auto, Pr\u00e9miov\u00e9 auto, U\u017eitkov\u00e9 auto a New Energy.<\/p>\n<p>Organiz\u00e1to\u0159i ankety spolu s\u00a0partnery letos vyhl\u00e1sili rovn\u011b\u017e fleetov\u00e9ho mana\u017eera roku, fleetov\u00fd produkt roku a fleetov\u00e9ho dealera roku a p\u0159edali cenu za nejv\u011bt\u0161\u00ed p\u0159\u00ednos ekologii.<\/p>\n<p>Zdroj: David Valenta<\/p>\n","protected":false},"excerpt":{"rendered":"<div class=\"mh-excerpt\"><p>Zna\u010dka Volkswagen osobn\u00ed vozy si z ankety Flotila roku 2022 odnesla n\u011bkolik cen. Fleetov\u00fdm mana\u017eerem roku byla vyhl\u00e1\u0161ena Anna Richterov\u00e1 z divize VW osobn\u00ed vozy. <a class=\"mh-excerpt-more\" href=\"https:\/\/www.automakersnews.cz\/index.php\/2022\/11\/28\/fleetovym-manazerem-roku-je-richterova\/\" title=\"Fleetov\u00fdm mana\u017eerem roku je Richterov\u00e1\">[&#8230;]<\/a><\/p>\n<\/div>","protected":false},"author":1,"featured_media":5342,"comment_status":"open","ping_status":"open","sticky":false,"template":"","format":"standard","meta":{"footnotes":""},"categories":[7,25],"tags":[],"class_list":["post-5313","post","type-post","status-publish","format-standard","has-post-thumbnail","hentry","category-ankety","category-fleety"],"_links":{"self":[{"href":"https:\/\/www.automakersnews.cz\/index.php\/wp-json\/wp\/v2\/posts\/5313","targetHints":{"allow":["GET"]}}],"collection":[{"href":"https:\/\/www.automakersnews.cz\/index.php\/wp-json\/wp\/v2\/posts"}],"about":[{"href":"https:\/\/www.automakersnews.cz\/index.php\/wp-json\/wp\/v2\/types\/post"}],"author":[{"embeddable":true,"href":"https:\/\/www.automakersnews.cz\/index.php\/wp-json\/wp\/v2\/users\/1"}],"replies":[{"embeddable":true,"href":"https:\/\/www.automakersnews.cz\/index.php\/wp-json\/wp\/v2\/comments?post=5313"}],"version-history":[{"count":0,"href":"https:\/\/www.automakersnews.cz\/index.php\/wp-json\/wp\/v2\/posts\/5313\/revisions"}],"wp:featuredmedia":[{"embeddable":true,"href":"https:\/\/www.automakersnews.cz\/index.php\/wp-json\/wp\/v2\/media\/5342"}],"wp:attachment":[{"href":"https:\/\/www.automakersnews.cz\/index.php\/wp-json\/wp\/v2\/media?parent=5313"}],"wp:term":[{"taxonomy":"category","embeddable":true,"href":"https:\/\/www.automakersnews.cz\/index.php\/wp-json\/wp\/v2\/categories?post=5313"},{"taxonomy":"post_tag","embeddable":true,"href":"https:\/\/www.automakersnews.cz\/index.php\/wp-json\/wp\/v2\/tags?post=5313"}],"curies":[{"name":"wp","href":"https:\/\/api.w.org\/{rel}","templated":true}]}}