{"id":533,"date":"2022-09-27T10:19:28","date_gmt":"2022-09-27T10:19:28","guid":{"rendered":"http:\/\/www.automakersnews.cz\/?p=533"},"modified":"2022-09-27T10:19:28","modified_gmt":"2022-09-27T10:19:28","slug":"koncern-vw-zvazuje-presun-z-vychodni-evropy","status":"publish","type":"post","link":"https:\/\/www.automakersnews.cz\/index.php\/2022\/09\/27\/koncern-vw-zvazuje-presun-z-vychodni-evropy\/","title":{"rendered":"Koncern VW zva\u017euje p\u0159esun z v\u00fdchodn\u00ed Evropy"},"content":{"rendered":"<p><strong>Koncern Volkswagen by v p\u0159\u00edpad\u011b p\u0159etrv\u00e1vaj\u00edc\u00edho nedostatku zemn\u00edho plynu mohl p\u0159esunovat v\u00fdrobu z N\u011bmecka a v\u00fdchodn\u00ed Evropy do jin\u00fdch zem\u00ed. Informovala o tom agentura Bloomberg s odvol\u00e1n\u00edm na vyj\u00e1d\u0159en\u00ed z\u00e1stupc\u016f podniku.<\/strong><!--more--><\/p>\n<p>Upozornila, \u017ee koncern Volkswagen m\u00e1 tov\u00e1rny v N\u011bmecku, \u010cesk\u00e9 republice a na Slovensku, tedy v zem\u00edch, kter\u00e9 pat\u0159\u00ed v Evrop\u011b k nejz\u00e1vislej\u0161\u00edm na rusk\u00e9m plynu.<\/p>\n<div class=\"e_a6\" data-dot=\"mol-paragraph\">\n<p class=\"c_a6\"><span class=\"c_bS\">Mluv\u010d\u00ed Volkswagenu podle agentury Bloomberg uvedl, \u017ee z\u00a0p\u0159esunu v\u00fdroby by mohla t\u011b\u017eit jihoz\u00e1padn\u00ed Evropa nebo pob\u0159e\u017en\u00ed \u010d\u00e1sti severn\u00ed Evropy, kde je lep\u0161\u00ed p\u0159\u00edstup k\u00a0n\u00e1mo\u0159n\u00edm dod\u00e1vk\u00e1m zkapaln\u011bn\u00e9ho zemn\u00edho plynu (LNG). <\/span><\/p>\n<\/div>\n<div class=\"e_a6\" data-dot=\"mol-paragraph\">\n<p class=\"c_a6\"><span class=\"c_bS\">Volkswagen ji\u017e vyr\u00e1b\u00ed automobily v\u00a0Portugalsku, \u0160pan\u011blsku a\u00a0Belgii, tedy v\u00a0zem\u00edch, kter\u00e9 disponuj\u00ed LNG termin\u00e1ly.<\/span><\/p>\n<\/div>\n<div class=\"e_a6\" data-dot=\"mol-paragraph\">\n<p class=\"c_a6\"><span class=\"c_bS\">Koncern Volkswagen rovn\u011b\u017e vyj\u00e1d\u0159il obavy z\u00a0dopad\u016f vysok\u00fdch cen plynu na dodavatele automobilov\u00fdch sou\u010d\u00e1stek. \u201ePolitici musej\u00ed omezit nyn\u011bj\u0161\u00ed nekontrolovanou explozi cen plynu a\u00a0elekt\u0159iny,\u201c uvedl Thomas Steg, kter\u00fd m\u00e1 v\u00a0koncernu na starosti vn\u011bj\u0161\u00ed vztahy. <\/span><\/p>\n<\/div>\n<div class=\"e_a6\" data-dot=\"mol-paragraph\">\n<p class=\"c_a6\"><span class=\"c_bS\">\u201eJinak budou m\u00edt v dodavatelsk\u00e9m \u0159et\u011bzci probl\u00e9my zejm\u00e9na mal\u00e9 a st\u0159edn\u00ed podniky s vysokou spot\u0159ebou energie a budou muset omezovat \u010di zastavovat v\u00fdrobu,\u201c dodal.<\/span><\/p>\n<div class=\"e_a6\" data-dot=\"mol-paragraph\">\n<p class=\"c_a6\"><span class=\"c_bS\">Situace kolem dod\u00e1vek rusk\u00e9ho plynu se zkomplikovala, kdy\u017e Rusko letos v\u00a0\u00fanoru zah\u00e1jilo \u00fatok na Ukrajinu a\u00a0Evropsk\u00e1 unie v\u00a0odvet\u011b p\u0159ijala s\u00e9rii protirusk\u00fdch sankc\u00ed. Rusko dod\u00e1vky do EU omezuje, co\u017e zd\u016fvod\u0148uje technick\u00fdmi probl\u00e9my zp\u016fsoben\u00fdmi sankcemi. Evropsk\u00e1 unie ale tvrd\u00ed, \u017ee technick\u00e9 probl\u00e9my jsou pouhou z\u00e1minkou a\u00a0\u017ee Moskva pou\u017e\u00edv\u00e1 plyn jako zbra\u0148 k\u00a0prosazen\u00ed sv\u00fdch z\u00e1jm\u016f.<\/span><\/p>\n<\/div>\n<div class=\"e_a6\" data-dot=\"mol-paragraph\">\n<p class=\"c_a6\"><span class=\"c_bS\">Volkswagen je nejv\u011bt\u0161\u00edm v\u00fdrobcem automobil\u016f v\u00a0Evrop\u011b. Jeho sou\u010d\u00e1st\u00ed je rovn\u011b\u017e \u010desk\u00e1 automobilka \u0160koda Auto. Ta m\u00e1 v\u00a0\u010cesk\u00e9 republice t\u0159i v\u00fdrobn\u00ed z\u00e1vody, vyr\u00e1b\u00ed ale tak\u00e9 na Slovensku, v\u00a0\u010c\u00edn\u011b a\u00a0Indii, v\u011bt\u0161inou prost\u0159ednictv\u00edm koncernov\u00fdch partnerstv\u00ed, d\u00e1le na Ukrajin\u011b a\u00a0v Kazachst\u00e1nu ve spolupr\u00e1ci s\u00a0lok\u00e1ln\u00edmi partnery.<\/span><\/p>\n<\/div>\n<\/div>\n","protected":false},"excerpt":{"rendered":"<div class=\"mh-excerpt\"><p>Koncern Volkswagen by v p\u0159\u00edpad\u011b p\u0159etrv\u00e1vaj\u00edc\u00edho nedostatku zemn\u00edho plynu mohl p\u0159esunovat v\u00fdrobu z N\u011bmecka a v\u00fdchodn\u00ed Evropy do jin\u00fdch zem\u00ed. Informovala o tom agentura Bloomberg <a class=\"mh-excerpt-more\" href=\"https:\/\/www.automakersnews.cz\/index.php\/2022\/09\/27\/koncern-vw-zvazuje-presun-z-vychodni-evropy\/\" title=\"Koncern VW zva\u017euje p\u0159esun z v\u00fdchodn\u00ed Evropy\">[&#8230;]<\/a><\/p>\n<\/div>","protected":false},"author":1,"featured_media":537,"comment_status":"open","ping_status":"open","sticky":false,"template":"","format":"standard","meta":{"footnotes":""},"categories":[2],"tags":[],"class_list":["post-533","post","type-post","status-publish","format-standard","has-post-thumbnail","hentry","category-news"],"_links":{"self":[{"href":"https:\/\/www.automakersnews.cz\/index.php\/wp-json\/wp\/v2\/posts\/533","targetHints":{"allow":["GET"]}}],"collection":[{"href":"https:\/\/www.automakersnews.cz\/index.php\/wp-json\/wp\/v2\/posts"}],"about":[{"href":"https:\/\/www.automakersnews.cz\/index.php\/wp-json\/wp\/v2\/types\/post"}],"author":[{"embeddable":true,"href":"https:\/\/www.automakersnews.cz\/index.php\/wp-json\/wp\/v2\/users\/1"}],"replies":[{"embeddable":true,"href":"https:\/\/www.automakersnews.cz\/index.php\/wp-json\/wp\/v2\/comments?post=533"}],"version-history":[{"count":0,"href":"https:\/\/www.automakersnews.cz\/index.php\/wp-json\/wp\/v2\/posts\/533\/revisions"}],"wp:featuredmedia":[{"embeddable":true,"href":"https:\/\/www.automakersnews.cz\/index.php\/wp-json\/wp\/v2\/media\/537"}],"wp:attachment":[{"href":"https:\/\/www.automakersnews.cz\/index.php\/wp-json\/wp\/v2\/media?parent=533"}],"wp:term":[{"taxonomy":"category","embeddable":true,"href":"https:\/\/www.automakersnews.cz\/index.php\/wp-json\/wp\/v2\/categories?post=533"},{"taxonomy":"post_tag","embeddable":true,"href":"https:\/\/www.automakersnews.cz\/index.php\/wp-json\/wp\/v2\/tags?post=533"}],"curies":[{"name":"wp","href":"https:\/\/api.w.org\/{rel}","templated":true}]}}