{"id":5348,"date":"2022-11-28T08:10:35","date_gmt":"2022-11-28T08:10:35","guid":{"rendered":"https:\/\/www.automakersnews.cz\/?p=5348"},"modified":"2022-11-29T08:12:01","modified_gmt":"2022-11-29T08:12:01","slug":"vrcholi-priprava-ankety-auto-roku-v-cr","status":"publish","type":"post","link":"https:\/\/www.automakersnews.cz\/index.php\/2022\/11\/28\/vrcholi-priprava-ankety-auto-roku-v-cr\/","title":{"rendered":"Vrchol\u00ed p\u0159\u00edprava ankety Auto roku v \u010cR"},"content":{"rendered":"<p class=\"v1MsoNormal\"><strong><span lang=\"CS\">Svaz dovozc\u016f automobil\u016f se jako vyhla\u0161ovatel chyst\u00e1 koncem roku ofici\u00e1ln\u011b odstartovat 28. ro\u010dn\u00edk tradi\u010dn\u00ed ankety Auto roku v \u010cesk\u00e9 republice. Aktu\u00e1ln\u011b prob\u00edhaj\u00ed pr\u00e1ce<\/span><span lang=\"CS\"> v oblasti nominace vozidel a term\u00edn\u016f pro jednotliv\u00e9 miln\u00edky ankety.<\/span><\/strong><!--more--><\/p>\n<p class=\"v1MsoNormal\"><span lang=\"CS\">Aktu\u00e1ln\u00ed ro\u010dn\u00edk dozn\u00e1 \u0159adu zjednodu\u0161en\u00ed s\u00a0c\u00edlem co mo\u017en\u00e1 nejv\u00edce\u00a0 se p\u0159ibl\u00ed\u017eit konceptu Evropsk\u00e9ho auta roku (Car Of The Year \u2013 COTY), pl\u00e1novan\u00fd term\u00edn vyhl\u00e1\u0161en\u00ed v\u00edt\u011bze je v\u00a0\u00fater\u00fd 7. \u00fanora 2023.<\/span><\/p>\n<p class=\"v1MsoNormal\"><span lang=\"CS\"> Uz\u00e1v\u011brka nominac\u00ed vozidel bude ke konci prosince aktu\u00e1ln\u011b v\u00a0n\u00ed jsou v\u00edce ne\u017e dv\u011b des\u00edtky automobilov\u00fdch novinek, z\u00a0nich\u017e \u00a0bude zvolen v\u016fz s\u00a0titulem AUTO ROKU 2023 v\u00a0\u010cR.<\/span><\/p>\n<p class=\"v1MsoNormal\"><span lang=\"CS\">V\u00a0leto\u0161n\u00edm ro\u010dn\u00edku nebudou organizov\u00e1ny dal\u0161\u00ed doprovodn\u00e9 ankety, jako jsou \u201eEkologick\u00e9 auto roku\u201c, \u201eTechnick\u00e9 inovace roku\u201c nebo \u201eAnketa ve\u0159ejnosti\u201c, aby se dos\u00e1hlo jednozna\u010dnosti a jednoduchosti ankety obdobn\u011b, jako je tomu u COTY.<\/span><\/p>\n<p class=\"v1MsoNormal\"><span lang=\"CS\">Porota bude m\u00edt mo\u017enost se sezn\u00e1mit s\u00a0nominovan\u00fdmi vozy p\u0159i jejich j\u00edzdn\u00edch prezentac\u00edch, kter\u00e9 prob\u011bhnou 10. ledna a z\u00a0n\u00e1sledn\u00fdch voleb prvn\u00edho kola vzejde p\u011bt, a v\u00a0p\u0159\u00edpad\u011b rovnosti bod\u016f na p\u00e1t\u00e9m m\u00edst\u011b i v\u00edce finalist\u016f. <\/span><\/p>\n<p class=\"v1MsoNormal\"><span lang=\"CS\">Ti budou ozn\u00e1meni 20. ledna a z\u00a0t\u011bchto finalist\u016f zvol\u00ed porota ve druh\u00e9m kole v\u00edt\u011bze leto\u0161n\u00edho ro\u010dn\u00edku ankety, kter\u00fd bude na slavnostn\u011b vyhl\u00e1\u0161en 7. \u00fanora.<\/span><\/p>\n<p class=\"v1MsoNormal\"><span lang=\"CS\">Dal\u0161\u00ed informace budou n\u00e1sledovat po definitivn\u00edm uzav\u0159en\u00ed nominace vozidel, po jejich praktick\u00e9 prezentaci a ozn\u00e1men\u00edm finalist\u016f.<\/span><\/p>\n","protected":false},"excerpt":{"rendered":"<div class=\"mh-excerpt\"><p>Svaz dovozc\u016f automobil\u016f se jako vyhla\u0161ovatel chyst\u00e1 koncem roku ofici\u00e1ln\u011b odstartovat 28. ro\u010dn\u00edk tradi\u010dn\u00ed ankety Auto roku v \u010cesk\u00e9 republice. Aktu\u00e1ln\u011b prob\u00edhaj\u00ed pr\u00e1ce v oblasti <a class=\"mh-excerpt-more\" href=\"https:\/\/www.automakersnews.cz\/index.php\/2022\/11\/28\/vrcholi-priprava-ankety-auto-roku-v-cr\/\" title=\"Vrchol\u00ed p\u0159\u00edprava ankety Auto roku v \u010cR\">[&#8230;]<\/a><\/p>\n<\/div>","protected":false},"author":1,"featured_media":5349,"comment_status":"open","ping_status":"open","sticky":false,"template":"","format":"standard","meta":{"footnotes":""},"categories":[7,37],"tags":[],"class_list":["post-5348","post","type-post","status-publish","format-standard","has-post-thumbnail","hentry","category-ankety","category-importeri"],"_links":{"self":[{"href":"https:\/\/www.automakersnews.cz\/index.php\/wp-json\/wp\/v2\/posts\/5348","targetHints":{"allow":["GET"]}}],"collection":[{"href":"https:\/\/www.automakersnews.cz\/index.php\/wp-json\/wp\/v2\/posts"}],"about":[{"href":"https:\/\/www.automakersnews.cz\/index.php\/wp-json\/wp\/v2\/types\/post"}],"author":[{"embeddable":true,"href":"https:\/\/www.automakersnews.cz\/index.php\/wp-json\/wp\/v2\/users\/1"}],"replies":[{"embeddable":true,"href":"https:\/\/www.automakersnews.cz\/index.php\/wp-json\/wp\/v2\/comments?post=5348"}],"version-history":[{"count":0,"href":"https:\/\/www.automakersnews.cz\/index.php\/wp-json\/wp\/v2\/posts\/5348\/revisions"}],"wp:featuredmedia":[{"embeddable":true,"href":"https:\/\/www.automakersnews.cz\/index.php\/wp-json\/wp\/v2\/media\/5349"}],"wp:attachment":[{"href":"https:\/\/www.automakersnews.cz\/index.php\/wp-json\/wp\/v2\/media?parent=5348"}],"wp:term":[{"taxonomy":"category","embeddable":true,"href":"https:\/\/www.automakersnews.cz\/index.php\/wp-json\/wp\/v2\/categories?post=5348"},{"taxonomy":"post_tag","embeddable":true,"href":"https:\/\/www.automakersnews.cz\/index.php\/wp-json\/wp\/v2\/tags?post=5348"}],"curies":[{"name":"wp","href":"https:\/\/api.w.org\/{rel}","templated":true}]}}