{"id":53661,"date":"2023-06-09T09:22:50","date_gmt":"2023-06-09T09:22:50","guid":{"rendered":"https:\/\/www.automakersnews.cz\/?p=53661"},"modified":"2023-06-09T10:02:48","modified_gmt":"2023-06-09T10:02:48","slug":"volvo-letos-v-cr-cili-na-vice-nez-3000-aut","status":"publish","type":"post","link":"https:\/\/www.automakersnews.cz\/index.php\/2023\/06\/09\/volvo-letos-v-cr-cili-na-vice-nez-3000-aut\/","title":{"rendered":"Volvo letos v \u010cR c\u00edl\u00ed na v\u00edce ne\u017e 3000 aut"},"content":{"rendered":"<p><strong>\u0160\u00e9f Volvo Cars Czech Alican Emiro\u011flu p\u0159edstavil 7. \u010dervna \u010desk\u00fdm novin\u00e1\u0159\u016fm nov\u00e9 EX30, n\u00e1\u0161 \u010dasopis s n\u00edm hovo\u0159il tak\u00e9 o prodejn\u00edch v\u00fdkonech zna\u010dky. <\/strong><span id=\"more-8887\"><\/span><!--more--><\/p>\n<p>Emiro\u011flu spojil posledn\u00ed dv\u011b desetilet\u00ed sv\u00e9ho profesion\u00e1ln\u00edho p\u016fsoben\u00ed se zna\u010dkou Volvo, \u010desk\u00fd import vede od listopadu 2020.<\/p>\n<p>P\u0159edt\u00edm od roku 2016 zast\u00e1val pozici obchodn\u00edho \u0159editele Volvo Car Turkey, v roce 2018 roz\u0161\u00ed\u0159il svoji zodpov\u011bdnost jako obchodn\u00ed a provozn\u00ed \u0159editel v\u0161ech import\u00e9r\u016f v r\u00e1mci regionu EMEA.<\/p>\n<p>\u201ePosledn\u00ed dva roky za\u017e\u00edv\u00e1 Volvo v \u010cesku obdob\u00ed prodejn\u00ed stability, i kdy\u017e n\u00e1s podobn\u011b jako jin\u00e9 zna\u010dky tr\u00e1pily logistick\u00e9 probl\u00e9my. V roce 2021 jsme dos\u00e1hli na v\u00fdsledek 2500 registrovan\u00fdch aut, loni to bylo t\u00e9m\u011b\u0159 2500 kus\u016f,\u201c p\u0159ibl\u00ed\u017eil \u0161\u00e9f importu posledn\u00ed statistiky s t\u00edm, \u017ee pot\u00ed\u017ee s logistikou u\u017e u Volva prakticky odezn\u011bly.<\/p>\n<p>V roce 2023 by cht\u011bl prodat v tuzemsku\u00a0 p\u0159es 3000 vozidel \u0161v\u00e9dsk\u00e9 automobilky a vyrovnat se tak n\u011bkter\u00fdm konkurent\u016fm v segmentu pr\u00e9miov\u00fdch voz\u016f.<\/p>\n<p><strong>Budou person\u00e1ln\u00ed zm\u011bny?<\/strong><\/p>\n<p>Prodejn\u00ed s\u00ed\u0165 Volva i obsazen\u00ed importu z\u016fst\u00e1v\u00e1 stabiln\u00ed, i kdy\u017e Emiroglu nevylou\u010dil n\u011bkter\u00e9 person\u00e1ln\u00ed zm\u011bny v top managementu.<\/p>\n<p>&#8222;V z\u00e1\u0159\u00ed by m\u011blo doj\u00edt k pravideln\u00e9 rotaci v boardu, podrobnosti ale budu pro v\u00e1s m\u00edt a\u017e po pr\u00e1zdnin\u00e1ch,&#8220; \u0159ekl Automakers \u0161\u00e9f importu.<\/p>\n<p><img loading=\"lazy\" decoding=\"async\" class=\"alignnone size-large wp-image-53697\" src=\"http:\/\/www.automakersnews.cz\/wp-content\/uploads\/2023\/06\/Volvo-Emiroglu-Alican-vyska-scaled-e1686303908883-683x1024.jpg\" alt=\"\" width=\"683\" height=\"1024\" srcset=\"https:\/\/www.automakersnews.cz\/wp-content\/uploads\/2023\/06\/Volvo-Emiroglu-Alican-vyska-scaled-e1686303908883-683x1024.jpg 683w, https:\/\/www.automakersnews.cz\/wp-content\/uploads\/2023\/06\/Volvo-Emiroglu-Alican-vyska-scaled-e1686303908883-200x300.jpg 200w, https:\/\/www.automakersnews.cz\/wp-content\/uploads\/2023\/06\/Volvo-Emiroglu-Alican-vyska-scaled-e1686303908883.jpg 707w\" sizes=\"auto, (max-width: 683px) 100vw, 683px\" \/><\/p>\n","protected":false},"excerpt":{"rendered":"<div class=\"mh-excerpt\"><p>\u0160\u00e9f Volvo Cars Czech Alican Emiro\u011flu p\u0159edstavil 7. \u010dervna \u010desk\u00fdm novin\u00e1\u0159\u016fm nov\u00e9 EX30, n\u00e1\u0161 \u010dasopis s n\u00edm hovo\u0159il tak\u00e9 o prodejn\u00edch v\u00fdkonech zna\u010dky.<\/p>\n<\/div>","protected":false},"author":1,"featured_media":53696,"comment_status":"open","ping_status":"open","sticky":false,"template":"","format":"standard","meta":{"footnotes":""},"categories":[8],"tags":[],"class_list":["post-53661","post","type-post","status-publish","format-standard","has-post-thumbnail","hentry","category-statistika"],"_links":{"self":[{"href":"https:\/\/www.automakersnews.cz\/index.php\/wp-json\/wp\/v2\/posts\/53661","targetHints":{"allow":["GET"]}}],"collection":[{"href":"https:\/\/www.automakersnews.cz\/index.php\/wp-json\/wp\/v2\/posts"}],"about":[{"href":"https:\/\/www.automakersnews.cz\/index.php\/wp-json\/wp\/v2\/types\/post"}],"author":[{"embeddable":true,"href":"https:\/\/www.automakersnews.cz\/index.php\/wp-json\/wp\/v2\/users\/1"}],"replies":[{"embeddable":true,"href":"https:\/\/www.automakersnews.cz\/index.php\/wp-json\/wp\/v2\/comments?post=53661"}],"version-history":[{"count":0,"href":"https:\/\/www.automakersnews.cz\/index.php\/wp-json\/wp\/v2\/posts\/53661\/revisions"}],"wp:featuredmedia":[{"embeddable":true,"href":"https:\/\/www.automakersnews.cz\/index.php\/wp-json\/wp\/v2\/media\/53696"}],"wp:attachment":[{"href":"https:\/\/www.automakersnews.cz\/index.php\/wp-json\/wp\/v2\/media?parent=53661"}],"wp:term":[{"taxonomy":"category","embeddable":true,"href":"https:\/\/www.automakersnews.cz\/index.php\/wp-json\/wp\/v2\/categories?post=53661"},{"taxonomy":"post_tag","embeddable":true,"href":"https:\/\/www.automakersnews.cz\/index.php\/wp-json\/wp\/v2\/tags?post=53661"}],"curies":[{"name":"wp","href":"https:\/\/api.w.org\/{rel}","templated":true}]}}