{"id":53701,"date":"2023-06-09T10:12:55","date_gmt":"2023-06-09T10:12:55","guid":{"rendered":"https:\/\/www.automakersnews.cz\/?p=53701"},"modified":"2023-06-09T10:41:21","modified_gmt":"2023-06-09T10:41:21","slug":"volvo-melo-premieru-ex-30-v-milane","status":"publish","type":"post","link":"https:\/\/www.automakersnews.cz\/index.php\/2023\/06\/09\/volvo-melo-premieru-ex-30-v-milane\/","title":{"rendered":"Volvo odhalilo EX30 v Mil\u00e1n\u011b (VIDEO)"},"content":{"rendered":"<p><strong>Volvo EX30 se uk\u00e1zalo ve sv\u011btov\u00e9 premi\u00e9\u0159e v Mil\u00e1n\u011b. Odhalen\u00ed bylo \u017eiv\u011b p\u0159en\u00e1\u0161eno do cel\u00e9ho sv\u011bta, \u010de\u0161t\u00ed novin\u00e1\u0159i sledovali akci z Edison Filmhubu v pra\u017esk\u00e9 Jeruzal\u00e9msk\u00e9 ulici.<\/strong> <!--more--><\/p>\n<p>&#8222;Na\u0161e v\u016fbec nejmen\u0161\u00ed SUV Volvo EX30 bylo stvo\u0159eno k tomu, aby lidem vneslo do \u017eivota v\u00edce bezpe\u010d\u00ed, v\u00edce pohodl\u00ed a v\u00edce z\u00e1bavy. Mimoto se m\u016f\u017ee pochlubit dosud v\u016fbec nejni\u017e\u0161\u00ed uhl\u00edkovou stopou ze v\u0161ech voz\u016f Volvo, p\u0159i\u010dem\u017e sou\u010dasn\u011b nab\u00edz\u00ed z\u00e1kazn\u00edk\u016fm velkorys\u00fd dojezd,&#8220; uvedl gener\u00e1ln\u00ed \u0159editel Jim Rowan.<\/p>\n<iframe loading=\"lazy\"  style=\"display: block; margin: 0px auto;\"  id=\"_ytid_89032\"  width=\"800\" height=\"450\"  data-origwidth=\"800\" data-origheight=\"450\" src=\"https:\/\/www.youtube.com\/embed\/4YUKwHmQwB8?enablejsapi=1&autoplay=1&cc_load_policy=0&iv_load_policy=1&loop=1&playlist=4YUKwHmQwB8&modestbranding=0&fs=1&playsinline=0&controls=1&color=red&cc_lang_pref=&rel=1&autohide=2&theme=dark&\" class=\"__youtube_prefs__  no-lazyload\" title=\"YouTube player\"  allow=\"accelerometer; autoplay; clipboard-write; encrypted-media; gyroscope; picture-in-picture\" allowfullscreen data-no-lazy=\"1\" data-skipgform_ajax_framebjll=\"\"><\/iframe>\n<p>EX30 lze objedn\u00e1vat na vybran\u00fdch trz\u00edch v\u010detn\u011b \u010cesk\u00e9 republiky.<\/p>\n<p>&#8222;Do p\u016flky sou\u010dasn\u00e9ho desetilet\u00ed chceme dos\u00e1hnout stavu, kdy budou polovinu objemu na\u0161eho prodeje tvo\u0159it pln\u011b elektrick\u00e1 vozidla a na\u0161e EBIT mar\u017ee bude dosahovat 8\u201310 %. Do roku 2030 pak m\u00e1me v pl\u00e1nu prod\u00e1vat v\u00fdhradn\u011b pln\u011b elektrick\u00e9 modely. V r\u00e1mci napl\u0148ov\u00e1n\u00ed t\u011bchto ambic\u00ed o\u010dek\u00e1v\u00e1me, \u017ee se Volvo EX30 v n\u00e1sleduj\u00edc\u00edch letech stane jedn\u00edm z na\u0161ich nejprod\u00e1van\u011bj\u0161\u00edch model\u016f, \u010d\u00edm\u017e v\u00fdrazn\u011b p\u0159isp\u011bje k dosa\u017een\u00ed na\u0161ich c\u00edl\u016f v oblasti r\u016fstu a ziskovosti,&#8220; p\u0159ibl\u00ed\u017eil obchodn\u00ed strategii zna\u010dky Rowan.<\/p>\n<figure id=\"attachment_53696\" aria-describedby=\"caption-attachment-53696\" style=\"width: 1024px\" class=\"wp-caption alignnone\"><img loading=\"lazy\" decoding=\"async\" class=\"size-large wp-image-53696\" src=\"http:\/\/www.automakersnews.cz\/wp-content\/uploads\/2023\/06\/Volvo-Emiroglu-Petra-Edison-1024x683.jpg\" alt=\"\" width=\"1024\" height=\"683\" srcset=\"https:\/\/www.automakersnews.cz\/wp-content\/uploads\/2023\/06\/Volvo-Emiroglu-Petra-Edison-1024x683.jpg 1024w, https:\/\/www.automakersnews.cz\/wp-content\/uploads\/2023\/06\/Volvo-Emiroglu-Petra-Edison-300x200.jpg 300w, https:\/\/www.automakersnews.cz\/wp-content\/uploads\/2023\/06\/Volvo-Emiroglu-Petra-Edison-768x512.jpg 768w, https:\/\/www.automakersnews.cz\/wp-content\/uploads\/2023\/06\/Volvo-Emiroglu-Petra-Edison-1536x1024.jpg 1536w, https:\/\/www.automakersnews.cz\/wp-content\/uploads\/2023\/06\/Volvo-Emiroglu-Petra-Edison-2048x1366.jpg 2048w\" sizes=\"auto, (max-width: 1024px) 100vw, 1024px\" \/><figcaption id=\"caption-attachment-53696\" class=\"wp-caption-text\">\u0160\u00e9f \u010desk\u00e9ho Volvo Cars hovo\u0159il o prodej\u00edch zna\u010dky p\u0159ed novin\u00e1\u0159i v pra\u017esk\u00e9m Edison Filmhubu<\/figcaption><\/figure>\n<p>Tak\u00e9 \u0161\u00e9f \u010desk\u00e9ho importu Alican Emiroglu prorokuje novince prodejn\u00ed potenci\u00e1l:<\/p>\n<p>&#8222;V\u011b\u0159\u00edm, \u017ee i v \u010cesku bude EX30 prodejn\u00edm bestsellerem zna\u010dky a pronikne do TOP 10 nejprod\u00e1van\u011bj\u0161\u00edch elektromobil\u016f na trhu.&#8220;<\/p>\n<p><strong>Z\u00e1kladn\u00ed cena pro \u010cR \u010din\u00ed\u00a0 869.000 K\u010d, na leasing ve spl\u00e1tce od 11\u00a0989,- bez dan\u011b.<\/strong><\/p>\n<p><strong>Zdroj: Erich Handl, Edison Filmhub, FOTO: Volvo Cars<\/strong><\/p>\n<figure id=\"attachment_53740\" aria-describedby=\"caption-attachment-53740\" style=\"width: 1024px\" class=\"wp-caption alignnone\"><img loading=\"lazy\" decoding=\"async\" class=\"size-large wp-image-53740\" src=\"http:\/\/www.automakersnews.cz\/wp-content\/uploads\/2023\/06\/Mazari-1024x683.jpg\" alt=\"\" width=\"1024\" height=\"683\" \/><figcaption id=\"caption-attachment-53740\" class=\"wp-caption-text\">Technick\u00e9 podrobnosti p\u0159ibl\u00ed\u017eil novin\u00e1\u0159\u016fm produktov\u00fd mana\u017eer Volvo Cars Martin Mazari<\/figcaption><\/figure>\n<p>&nbsp;<\/p>\n","protected":false},"excerpt":{"rendered":"<div class=\"mh-excerpt\"><p>Volvo EX30 se uk\u00e1zalo ve sv\u011btov\u00e9 premi\u00e9\u0159e v Mil\u00e1n\u011b. Odhalen\u00ed bylo \u017eiv\u011b p\u0159en\u00e1\u0161eno do cel\u00e9ho sv\u011bta, \u010de\u0161t\u00ed novin\u00e1\u0159i sledovali akci z Edison Filmhubu v pra\u017esk\u00e9 <a class=\"mh-excerpt-more\" href=\"https:\/\/www.automakersnews.cz\/index.php\/2023\/06\/09\/volvo-melo-premieru-ex-30-v-milane\/\" title=\"Volvo odhalilo EX30 v Mil\u00e1n\u011b (VIDEO)\">[&#8230;]<\/a><\/p>\n<\/div>","protected":false},"author":1,"featured_media":53704,"comment_status":"open","ping_status":"open","sticky":false,"template":"","format":"standard","meta":{"footnotes":""},"categories":[44,2,31],"tags":[],"class_list":["post-53701","post","type-post","status-publish","format-standard","has-post-thumbnail","hentry","category-ceny-novinek","category-news","category-premiery"],"_links":{"self":[{"href":"https:\/\/www.automakersnews.cz\/index.php\/wp-json\/wp\/v2\/posts\/53701","targetHints":{"allow":["GET"]}}],"collection":[{"href":"https:\/\/www.automakersnews.cz\/index.php\/wp-json\/wp\/v2\/posts"}],"about":[{"href":"https:\/\/www.automakersnews.cz\/index.php\/wp-json\/wp\/v2\/types\/post"}],"author":[{"embeddable":true,"href":"https:\/\/www.automakersnews.cz\/index.php\/wp-json\/wp\/v2\/users\/1"}],"replies":[{"embeddable":true,"href":"https:\/\/www.automakersnews.cz\/index.php\/wp-json\/wp\/v2\/comments?post=53701"}],"version-history":[{"count":0,"href":"https:\/\/www.automakersnews.cz\/index.php\/wp-json\/wp\/v2\/posts\/53701\/revisions"}],"wp:featuredmedia":[{"embeddable":true,"href":"https:\/\/www.automakersnews.cz\/index.php\/wp-json\/wp\/v2\/media\/53704"}],"wp:attachment":[{"href":"https:\/\/www.automakersnews.cz\/index.php\/wp-json\/wp\/v2\/media?parent=53701"}],"wp:term":[{"taxonomy":"category","embeddable":true,"href":"https:\/\/www.automakersnews.cz\/index.php\/wp-json\/wp\/v2\/categories?post=53701"},{"taxonomy":"post_tag","embeddable":true,"href":"https:\/\/www.automakersnews.cz\/index.php\/wp-json\/wp\/v2\/tags?post=53701"}],"curies":[{"name":"wp","href":"https:\/\/api.w.org\/{rel}","templated":true}]}}