{"id":54499,"date":"2023-06-11T20:16:04","date_gmt":"2023-06-11T20:16:04","guid":{"rendered":"https:\/\/www.automakersnews.cz\/?p=54499"},"modified":"2023-06-11T20:19:47","modified_gmt":"2023-06-11T20:19:47","slug":"bazary-hlasi-nejsilnejsi-nabidku-za-4-roky","status":"publish","type":"post","link":"https:\/\/www.automakersnews.cz\/index.php\/2023\/06\/11\/bazary-hlasi-nejsilnejsi-nabidku-za-4-roky\/","title":{"rendered":"Bazary hl\u00e1s\u00ed nejsiln\u011bj\u0161\u00ed nab\u00eddku za 4 roky"},"content":{"rendered":"<p class=\"v1MsoNormal\"><b>\u010cty\u0159i roky trvalo, ne\u017e se nab\u00eddka na \u010desk\u00e9m sekund\u00e1rn\u00edm trhu\u00a0 s automobily dostala na p\u0159edcovidov\u00e1 \u010d\u00edsla. B\u011bhem leto\u0161n\u00edho kv\u011btna se v tuzemsk\u00fdch nab\u00eddk\u00e1ch inzertn\u00edch server\u016f a obchodn\u00edk\u016f objevilo 125 620 ojetin. Jedn\u00e1 se tak o nej\u0161ir\u0161\u00ed kv\u011btnovou nab\u00eddku od roku 2019.<\/b><!--more--><\/p>\n<p class=\"v1MsoNormal\">St\u0159edn\u00ed hodnota st\u00e1\u0159\u00ed se dr\u017e\u00ed na \u00farovni 10,5 roku a medi\u00e1n po\u010dtu najet\u00fdch kilometr\u016f se v\u00a0kv\u011btnu dostal na \u00farove\u0148 154\u00a0143 najet\u00fdch kilometr\u016f. Vypl\u00fdv\u00e1 to z\u00a0anal\u00fdzy trhu, kterou pravideln\u011b prov\u00e1d\u00ed spole\u010dnost AURES Holdings, provozovatel s\u00edt\u00ed autocenter AAA AUTO a Mototechna.<\/p>\n<p class=\"v1MsoNormal\"><i>\u201eV posledn\u00edch t\u0159ech letech se na \u010desk\u00e9m sekund\u00e1rn\u00edm trhu s\u00a0automobily objevovalo v\u00a0pr\u016fm\u011bru sto tis\u00edc aut m\u011bs\u00ed\u010dn\u011b, v\u00a0uplynul\u00e9m kv\u011btnu u\u017e to bylo 125 tis\u00edc. Z\u00a0tohoto razantn\u00edho n\u00e1r\u016fstu profituj\u00ed zejm\u00e9na z\u00e1kazn\u00edci, kte\u0159\u00ed mnohdy sahaj\u00ed po z\u00e1novn\u00edm voze v\u00a0p\u0159\u00edpad\u011b, \u017ee by na nov\u00fd museli \u010dekat p\u0159\u00edli\u0161 dlouho. Trh je toti\u017e st\u00e1le pod vlivem v\u00fdpadk\u016f logistick\u00fdch \u0159et\u011bzc\u016f z\u00a0doby Covidu a n\u00e1sledn\u00e9 krize, \u010dekac\u00ed doba na nov\u00fd v\u016fz je tak v\u00a0mnoha p\u0159\u00edpadech i ro\u010dn\u00ed. Dal\u0161\u00ed v\u00fdhodou pro kupuj\u00edc\u00ed je relativn\u011b stabiln\u00ed cenov\u00e1 hladina, zejm\u00e9na ve srovn\u00e1n\u00ed s\u00a0aktu\u00e1ln\u00ed m\u00edrou inflace,&#8220;\u00a0<\/i>\u0159\u00edk\u00e1 Petr Van\u011b\u010dek, provozn\u00ed \u0159editel s\u00edt\u011b autocenter AAA AUTO a Mototechna v\u00a0\u010cesk\u00e9 republice.<\/p>\n<figure id=\"attachment_51207\" aria-describedby=\"caption-attachment-51207\" style=\"width: 1024px\" class=\"wp-caption alignnone\"><img loading=\"lazy\" decoding=\"async\" class=\"size-large wp-image-51207\" src=\"http:\/\/www.automakersnews.cz\/wp-content\/uploads\/2023\/05\/AAA-TK-Aures-Galik-Vanecek-1024x768.jpg\" alt=\"\" width=\"1024\" height=\"768\" srcset=\"https:\/\/www.automakersnews.cz\/wp-content\/uploads\/2023\/05\/AAA-TK-Aures-Galik-Vanecek-1024x768.jpg 1024w, https:\/\/www.automakersnews.cz\/wp-content\/uploads\/2023\/05\/AAA-TK-Aures-Galik-Vanecek-300x225.jpg 300w, https:\/\/www.automakersnews.cz\/wp-content\/uploads\/2023\/05\/AAA-TK-Aures-Galik-Vanecek-768x576.jpg 768w, https:\/\/www.automakersnews.cz\/wp-content\/uploads\/2023\/05\/AAA-TK-Aures-Galik-Vanecek-1536x1152.jpg 1536w, https:\/\/www.automakersnews.cz\/wp-content\/uploads\/2023\/05\/AAA-TK-Aures-Galik-Vanecek-678x509.jpg 678w, https:\/\/www.automakersnews.cz\/wp-content\/uploads\/2023\/05\/AAA-TK-Aures-Galik-Vanecek-326x245.jpg 326w, https:\/\/www.automakersnews.cz\/wp-content\/uploads\/2023\/05\/AAA-TK-Aures-Galik-Vanecek-80x60.jpg 80w, https:\/\/www.automakersnews.cz\/wp-content\/uploads\/2023\/05\/AAA-TK-Aures-Galik-Vanecek.jpg 2040w\" sizes=\"auto, (max-width: 1024px) 100vw, 1024px\" \/><figcaption id=\"caption-attachment-51207\" class=\"wp-caption-text\">TK AAA Auto, kv\u011bten 2023 Chabry<\/figcaption><\/figure>\n<p class=\"v1MsoNormal\">\u00a0<i>\u201eZ\u00e1rove\u0148 se na trh dost\u00e1vaj\u00ed nov\u011bj\u0161\u00ed a m\u00e9n\u011b ojet\u00e9 vozy, o \u010dem\u017e sv\u011bd\u010d\u00ed klesaj\u00edc\u00ed medi\u00e1n stavu najet\u00fdch kilometr\u016f i st\u0159edn\u00ed hodnota st\u00e1\u0159\u00ed,&#8220;\u00a0<\/i>dopl\u0148uje Van\u011b\u010dek.<i><\/i><\/p>\n<div>\n<p class=\"v1MsoNormal\">Nej\u010dast\u011bji nab\u00edzenou zna\u010dkou ojet\u00fdch voz\u016f na \u010desk\u00e9m trhu byla v\u00a0kv\u011btnu t\u00e9m\u011b\u0159 dev\u00edtilet\u00e1 \u0161kodovka s\u00a0cenovkou 210 tis\u00edc korun a se 153 tis\u00edci kilometry na tachometru, n\u00e1sledovaly volkswageny a fordy. V\u00a0nab\u00eddce bylo v\u00a0kv\u011btnu 1\u00a0461 voz\u016f s\u00a0hybridn\u00edm pohonem (o 542 v\u00edce ne\u017e v\u00a0dubnu, meziro\u010dn\u011b o 680 v\u00edce) a 900 \u010dist\u00fdch elektromobil\u016f (o 231 v\u00edce ne\u017e v dubnu, meziro\u010dn\u011b o 574 v\u00edce).<\/p>\n<p class=\"v1MsoNormal\"><i>\u201e<\/i><i>Bateriov\u00fdch voz\u016f v\u00fdrazn\u011b p\u0159ib\u00fdv\u00e1 a tento trend bude zcela jist\u011b pokra\u010dovat. Ve druh\u00e9 polovin\u011b roku o\u010dek\u00e1v\u00e1me rapidn\u00ed n\u00e1r\u016fst z\u00e1jmu o hybridy a elektromobily,&#8220;<\/i>\u00a0zakon\u010duje Van\u011b\u010dek.<\/p>\n<p><img loading=\"lazy\" decoding=\"async\" class=\"alignnone size-large wp-image-54529\" src=\"http:\/\/www.automakersnews.cz\/wp-content\/uploads\/2023\/06\/Graf-pocet-ojetin-v-nabidce-01-2021-05-2023-1024x386.jpg\" alt=\"\" width=\"1024\" height=\"386\" \/><\/p>\n<\/div>\n","protected":false},"excerpt":{"rendered":"<div class=\"mh-excerpt\"><p>\u010cty\u0159i roky trvalo, ne\u017e se nab\u00eddka na \u010desk\u00e9m sekund\u00e1rn\u00edm trhu\u00a0 s automobily dostala na p\u0159edcovidov\u00e1 \u010d\u00edsla. B\u011bhem leto\u0161n\u00edho kv\u011btna se v tuzemsk\u00fdch nab\u00eddk\u00e1ch inzertn\u00edch server\u016f <a class=\"mh-excerpt-more\" href=\"https:\/\/www.automakersnews.cz\/index.php\/2023\/06\/11\/bazary-hlasi-nejsilnejsi-nabidku-za-4-roky\/\" title=\"Bazary hl\u00e1s\u00ed nejsiln\u011bj\u0161\u00ed nab\u00eddku za 4 roky\">[&#8230;]<\/a><\/p>\n<\/div>","protected":false},"author":1,"featured_media":40006,"comment_status":"open","ping_status":"open","sticky":false,"template":"","format":"standard","meta":{"footnotes":""},"categories":[40,8],"tags":[],"class_list":["post-54499","post","type-post","status-publish","format-standard","has-post-thumbnail","hentry","category-bazary","category-statistika"],"_links":{"self":[{"href":"https:\/\/www.automakersnews.cz\/index.php\/wp-json\/wp\/v2\/posts\/54499","targetHints":{"allow":["GET"]}}],"collection":[{"href":"https:\/\/www.automakersnews.cz\/index.php\/wp-json\/wp\/v2\/posts"}],"about":[{"href":"https:\/\/www.automakersnews.cz\/index.php\/wp-json\/wp\/v2\/types\/post"}],"author":[{"embeddable":true,"href":"https:\/\/www.automakersnews.cz\/index.php\/wp-json\/wp\/v2\/users\/1"}],"replies":[{"embeddable":true,"href":"https:\/\/www.automakersnews.cz\/index.php\/wp-json\/wp\/v2\/comments?post=54499"}],"version-history":[{"count":0,"href":"https:\/\/www.automakersnews.cz\/index.php\/wp-json\/wp\/v2\/posts\/54499\/revisions"}],"wp:featuredmedia":[{"embeddable":true,"href":"https:\/\/www.automakersnews.cz\/index.php\/wp-json\/wp\/v2\/media\/40006"}],"wp:attachment":[{"href":"https:\/\/www.automakersnews.cz\/index.php\/wp-json\/wp\/v2\/media?parent=54499"}],"wp:term":[{"taxonomy":"category","embeddable":true,"href":"https:\/\/www.automakersnews.cz\/index.php\/wp-json\/wp\/v2\/categories?post=54499"},{"taxonomy":"post_tag","embeddable":true,"href":"https:\/\/www.automakersnews.cz\/index.php\/wp-json\/wp\/v2\/tags?post=54499"}],"curies":[{"name":"wp","href":"https:\/\/api.w.org\/{rel}","templated":true}]}}