{"id":54648,"date":"2023-06-12T07:31:18","date_gmt":"2023-06-12T07:31:18","guid":{"rendered":"https:\/\/www.automakersnews.cz\/?p=54648"},"modified":"2023-06-12T07:55:25","modified_gmt":"2023-06-12T07:55:25","slug":"aisan-poridi-fotovoltaiku-od-cez-esco","status":"publish","type":"post","link":"https:\/\/www.automakersnews.cz\/index.php\/2023\/06\/12\/aisan-poridi-fotovoltaiku-od-cez-esco\/","title":{"rendered":"Aisan po\u0159\u00edd\u00ed fotovoltaiku od \u010cEZ Esco"},"content":{"rendered":"<p><strong>Aisan Industry Czech, dodavatel komponent pro automobilov\u00fd pr\u016fmysl, u\u0161et\u0159\u00ed za elekt\u0159inu a uleh\u010d\u00ed \u017eivotn\u00edmu prost\u0159ed\u00ed. V Lounech vyu\u017eije \u010d\u00e1st st\u0159ech v\u00fdrobn\u00edch hal o plo\u0161e dvou fotbalov\u00fdch h\u0159i\u0161\u0165 ke stavb\u011b fotovoltaick\u00fdch elektr\u00e1ren o v\u00fdkonech 718 kW a 894 kW.<\/strong><!--more--><\/p>\n<p>Prvn\u00ed na hale C u\u017e je hotov\u00e1, druhou na objektu L energetici zkompletuj\u00ed b\u011bhem \u010dervna a ob\u011b dv\u011b za\u010dnou dod\u00e1vat bezemisn\u00ed elekt\u0159inu nejpozd\u011bji v z\u00e1\u0159\u00ed. Instalaci zaji\u0161\u0165uje \u010cEZ ESCO, nejv\u011bt\u0161\u00ed \u010desk\u00fd hr\u00e1\u010d na trhu komplexn\u00edch energetick\u00fdch \u0159e\u0161en\u00ed.<\/p>\n<p><em>\u201eSkupina Aisan p\u016fsob\u00ed na v\u00edce ne\u017e 20 m\u00edstech po cel\u00e9 planet\u011b, dlouhodob\u011b vyzn\u00e1v\u00e1 principy udr\u017eiteln\u00e9ho rozvoje a v\u0161estrann\u011b podporuje projekty a opat\u0159en\u00ed proti zm\u011bn\u00e1m klimatu. Na\u0161e c\u00edle jsme definovali v dokumentu \u201eVIZE2030 Budoucnost je v na\u0161ich rukou\u201c a zav\u00e1zali se mj. zlep\u0161ovat stav \u017eivotn\u00edho prost\u0159ed\u00ed v\u00a0m\u00edstech, kde p\u016fsob\u00edme. V\u00fdrobou ekologick\u00e9 elekt\u0159iny ze slunce sn\u00ed\u017e\u00edme nejen ekologickou z\u00e1t\u011b\u017e na Lounsku, ale o 20 procent i na\u0161e \u00fa\u010dty za elekt\u0159inu. V\u00edce ne\u017e \u010dtvrtinu ze\u00a040milionov\u00fdch n\u00e1klad\u016f na instalaci fotovoltaiky pokryjeme d\u00edky dotaci z\u00a0programu Next Generation EU a N\u00e1rodn\u00edho pl\u00e1nu obnovy. Investice by se n\u00e1m proto m\u011bla vr\u00e1tit do p\u011bti let. Vyrobenou energii po v\u011bt\u0161inu roku sami spot\u0159ebujeme, p\u0159i letn\u00ed v\u00fdrobn\u00ed odst\u00e1vce ji p\u0159evedeme do s\u00edt\u011b,\u201c<\/em> \u0159\u00edk\u00e1 Milo\u0161 Kubel\u00edk, gener\u00e1ln\u00ed \u0159editel Aisan Industry Czech.<\/p>\n<p><em>\u201eCel\u00e1 \u010desk\u00e1 ekonomika proch\u00e1z\u00ed velkou energetickou transformac\u00ed a popt\u00e1vka po fotovoltaick\u00fdch elektr\u00e1rn\u00e1ch nepolevuje. Skupina \u010cEZ chce ve slu\u017eb\u00e1ch t\u00e9to modernizace pracovat na v\u0161ech \u00farovn\u00edch. Do roku 2030 proto postav\u00edme nejen 6 000 megawatt\u016f velk\u00fdch obnoviteln\u00fdch zdroj\u016f v\u00a0elektr\u00e1rensk\u00fdch are\u00e1lech, na v\u00fdsypk\u00e1ch a jin\u00fdch n\u00edzkobonitn\u00edch ploch\u00e1ch, ale i stovky megawatt\u016f v\u00fdkonu p\u0159\u00edmo na kl\u00ed\u010d pro z\u00e1kazn\u00edky. Dobr\u00e9 reference se \u0161\u00ed\u0159\u00ed rychle a firmy i obce u\u017e v\u011bd\u00ed, \u017ee si takto mohou rychle zajistit efektivn\u00ed a cenov\u011b dostupn\u00fd zdroj bezemisn\u00ed elekt\u0159iny a pos\u00edlit svou energetickou nez\u00e1vislost. Veden\u00ed firmy Aisan b\u011bhem cel\u00e9 na\u0161\u00ed spolupr\u00e1ce ukazuje, \u017ee p\u0159esn\u011b v\u00ed, co chce, a proto v\u011b\u0159\u00edm, \u017ee instalac\u00ed fotovoltaick\u00e9 elektr\u00e1rny s \u00fasporn\u00fdmi opat\u0159en\u00edmi nekon\u010d\u00ed,\u201c<\/em> uv\u00e1d\u00ed Kamil \u010cerm\u00e1k, gener\u00e1ln\u00ed \u0159editel spole\u010dnosti \u010cEZ ESCO.<\/p>\n<p>Aby z\u00e1t\u011b\u017e pro st\u0159echy hal byla co nejmen\u0161\u00ed, zvolili specialist\u00e9 z\u00a0\u010cEZ ESCO rozn\u00e1\u0161ec\u00ed lehkou hlin\u00edkovou konstrukci, kter\u00e1 po\u010d\u00edt\u00e1 i s rezervou na nadpr\u016fm\u011brnou sn\u011bhovou pokr\u00fdvku. P\u0159\u00edpadn\u00e9 poruchy zp\u016fsobuj\u00edc\u00ed ztr\u00e1ty na v\u00fdrob\u011b v\u010das odhal\u00ed monitoring d\u00edky vysp\u011bl\u00e9 webov\u00e9 aplikaci.<\/p>\n<p>\u010cEZ ESCO je p\u0159edn\u00edm \u010desk\u00fdm expertem na \u00fasporn\u00e1 energetick\u00e1 \u0159e\u0161en\u00ed, dodavatel bezemisn\u00ed a zelen\u00e9 elekt\u0159iny skrze certifik\u00e1ty p\u016fvodu a partner \u010desk\u00e9ho pr\u016fmyslu a ve\u0159ejn\u00e9 spr\u00e1vy na cest\u011b k dekarbonizaci a udr\u017eitelnosti. Zaji\u0161\u0165uje komplexn\u00ed \u0159e\u0161en\u00ed energetick\u00fdch pot\u0159eb \u2013 od instalace decentr\u00e1ln\u00edch ekologick\u00fdch zdroj\u016f v\u010detn\u011b bateriov\u00fdch \u00falo\u017ei\u0161\u0165, p\u0159es firemn\u00ed elektromobilitu na kl\u00ed\u010d a\u017e po projekty energetick\u00fdch \u00faspor a komplexn\u00ed dod\u00e1vky technick\u00e9ho zabezpe\u010den\u00ed budov (TZB).<\/p>\n<p>M\u00e1 p\u0159ibli\u017en\u011b 2000 zam\u011bstnanc\u016f. Mezi dce\u0159in\u00e9 spole\u010dnosti \u010cEZ ESCO pat\u0159\u00ed AirPlus, AZ KLIMA, CAPEXUS, ESCO Distribution Systems, \u010cEZ Energetick\u00e9 slu\u017eby, \u010cEZ ENERGO, \u010cEZ LDS, Domat Control System, E-Dome, EP Ro\u017enov, ENESA, HORMEN a KART.<\/p>\n<p><img loading=\"lazy\" decoding=\"async\" class=\"alignnone size-large wp-image-54652\" src=\"http:\/\/www.automakersnews.cz\/wp-content\/uploads\/2023\/06\/CEZ-Esco-fotovoltaika_aisan-1024x766.jpg\" alt=\"\" width=\"1024\" height=\"766\" srcset=\"https:\/\/www.automakersnews.cz\/wp-content\/uploads\/2023\/06\/CEZ-Esco-fotovoltaika_aisan-1024x766.jpg 1024w, https:\/\/www.automakersnews.cz\/wp-content\/uploads\/2023\/06\/CEZ-Esco-fotovoltaika_aisan-300x224.jpg 300w, https:\/\/www.automakersnews.cz\/wp-content\/uploads\/2023\/06\/CEZ-Esco-fotovoltaika_aisan-768x575.jpg 768w, https:\/\/www.automakersnews.cz\/wp-content\/uploads\/2023\/06\/CEZ-Esco-fotovoltaika_aisan-326x245.jpg 326w, https:\/\/www.automakersnews.cz\/wp-content\/uploads\/2023\/06\/CEZ-Esco-fotovoltaika_aisan-80x60.jpg 80w, https:\/\/www.automakersnews.cz\/wp-content\/uploads\/2023\/06\/CEZ-Esco-fotovoltaika_aisan.jpg 1183w\" sizes=\"auto, (max-width: 1024px) 100vw, 1024px\" \/><\/p>\n<p>\u010cEZ ESCO chce do roku 2030 postavit nebo provozovat pro pot\u0159eby sv\u00fdch z\u00e1kazn\u00edk\u016f fotovoltaick\u00e9 elektr\u00e1rny o celkov\u00e9m instalovan\u00e9m v\u00fdkonu 300 MW. P\u016fjde o instalace p\u0159ev\u00e1\u017en\u011b na st\u0159ech\u00e1ch, carportech a ve v\u00fdrobn\u00edch are\u00e1lech z\u00e1kazn\u00edk\u016f.<\/p>\n<p>Aisan Industry Co. Ltd. byla zalo\u017eena v roce 1938 a s\u00eddl\u00ed ve m\u011bst\u011b Obu ve st\u0159edn\u00edm Japonsku v bl\u00edzkosti metropole Nagoja. Spole\u010dnost m\u00e1 7 v\u00fdrobn\u00edch pobo\u010dek a prodejn\u00edch kancel\u00e1\u0159\u00ed v Japonsku a 21 ve sv\u011bt\u011b. Celosv\u011btov\u011b zam\u011bstn\u00e1v\u00e1 Aisan v\u00edce ne\u017e 10 000 lid\u00ed, ve dvou z\u00e1vodech v\u00a0Lounech pracuje v\u00edce ne\u017e 600 zam\u011bstnanc\u016f. V\u00a0\u010cesk\u00e9 republice vyr\u00e1b\u00ed od roku 2001 benz\u00ednov\u00e1 palivov\u00e1 \u010derpadla pro automobily a motocykly, palivov\u00e9 moduly, \u0161krtic\u00ed klapky a velmi \u0161irokou produktovou \u0161k\u00e1lu obroben\u00fdch hlin\u00edkov\u00fdch odlitk\u016f pro automobily.<\/p>\n<p>&nbsp;<\/p>\n","protected":false},"excerpt":{"rendered":"<div class=\"mh-excerpt\"><p>Aisan Industry Czech, dodavatel komponent pro automobilov\u00fd pr\u016fmysl, u\u0161et\u0159\u00ed za elekt\u0159inu a uleh\u010d\u00ed \u017eivotn\u00edmu prost\u0159ed\u00ed. V Lounech vyu\u017eije \u010d\u00e1st st\u0159ech v\u00fdrobn\u00edch hal o plo\u0161e dvou <a class=\"mh-excerpt-more\" href=\"https:\/\/www.automakersnews.cz\/index.php\/2023\/06\/12\/aisan-poridi-fotovoltaiku-od-cez-esco\/\" title=\"Aisan po\u0159\u00edd\u00ed fotovoltaiku od \u010cEZ Esco\">[&#8230;]<\/a><\/p>\n<\/div>","protected":false},"author":1,"featured_media":54650,"comment_status":"open","ping_status":"open","sticky":false,"template":"","format":"standard","meta":{"footnotes":""},"categories":[9],"tags":[],"class_list":["post-54648","post","type-post","status-publish","format-standard","has-post-thumbnail","hentry","category-investice"],"_links":{"self":[{"href":"https:\/\/www.automakersnews.cz\/index.php\/wp-json\/wp\/v2\/posts\/54648","targetHints":{"allow":["GET"]}}],"collection":[{"href":"https:\/\/www.automakersnews.cz\/index.php\/wp-json\/wp\/v2\/posts"}],"about":[{"href":"https:\/\/www.automakersnews.cz\/index.php\/wp-json\/wp\/v2\/types\/post"}],"author":[{"embeddable":true,"href":"https:\/\/www.automakersnews.cz\/index.php\/wp-json\/wp\/v2\/users\/1"}],"replies":[{"embeddable":true,"href":"https:\/\/www.automakersnews.cz\/index.php\/wp-json\/wp\/v2\/comments?post=54648"}],"version-history":[{"count":0,"href":"https:\/\/www.automakersnews.cz\/index.php\/wp-json\/wp\/v2\/posts\/54648\/revisions"}],"wp:featuredmedia":[{"embeddable":true,"href":"https:\/\/www.automakersnews.cz\/index.php\/wp-json\/wp\/v2\/media\/54650"}],"wp:attachment":[{"href":"https:\/\/www.automakersnews.cz\/index.php\/wp-json\/wp\/v2\/media?parent=54648"}],"wp:term":[{"taxonomy":"category","embeddable":true,"href":"https:\/\/www.automakersnews.cz\/index.php\/wp-json\/wp\/v2\/categories?post=54648"},{"taxonomy":"post_tag","embeddable":true,"href":"https:\/\/www.automakersnews.cz\/index.php\/wp-json\/wp\/v2\/tags?post=54648"}],"curies":[{"name":"wp","href":"https:\/\/api.w.org\/{rel}","templated":true}]}}