{"id":54656,"date":"2023-06-12T06:07:41","date_gmt":"2023-06-12T06:07:41","guid":{"rendered":"https:\/\/www.automakersnews.cz\/?p=54656"},"modified":"2023-06-12T08:08:24","modified_gmt":"2023-06-12T08:08:24","slug":"jeep-avenger-vyjizdi-na-roadshow","status":"publish","type":"post","link":"https:\/\/www.automakersnews.cz\/index.php\/2023\/06\/12\/jeep-avenger-vyjizdi-na-roadshow\/","title":{"rendered":"Jeep Avenger vyj\u00ed\u017ed\u00ed na roadshow"},"content":{"rendered":"<p><strong>\u00a0Jeep<sup>\u00ae<\/sup> Avenger vyjel na \u010deskou roadshow, kter\u00e1 se uskute\u010dn\u00ed v term\u00ednu 6. 6. \u2013 21. 7 2023. Jednotliv\u00e9 zast\u00e1vky roadshow jsou u vybran\u00fdch autorizovan\u00fdch prodejc\u016f zna\u010dky Jeep<sup>\u00ae<\/sup>.<\/strong><!--more--><\/p>\n<p><img decoding=\"async\" src=\"https:\/\/nocache.media.stellantis.com\/uploads\/cz\/content-image\/news\/image-20230606122759-1_647f0a30a4c56.png\" \/><\/p>\n<p>Prost\u0159ednictv\u00edm webov\u00fdch str\u00e1nek maj\u00ed z\u00e1kazn\u00edci tak\u00e9 mo\u017enost rezervovat s p\u0159edstihem testovac\u00ed j\u00edzdu u vybran\u00e9ho autorizovan\u00e9ho prodejce.<\/p>\n","protected":false},"excerpt":{"rendered":"<div class=\"mh-excerpt\"><p>\u00a0Jeep\u00ae Avenger vyjel na \u010deskou roadshow, kter\u00e1 se uskute\u010dn\u00ed v term\u00ednu 6. 6. \u2013 21. 7 2023. Jednotliv\u00e9 zast\u00e1vky roadshow jsou u vybran\u00fdch autorizovan\u00fdch prodejc\u016f <a class=\"mh-excerpt-more\" href=\"https:\/\/www.automakersnews.cz\/index.php\/2023\/06\/12\/jeep-avenger-vyjizdi-na-roadshow\/\" title=\"Jeep Avenger vyj\u00ed\u017ed\u00ed na roadshow\">[&#8230;]<\/a><\/p>\n<\/div>","protected":false},"author":1,"featured_media":54657,"comment_status":"open","ping_status":"open","sticky":false,"template":"","format":"standard","meta":{"footnotes":""},"categories":[10],"tags":[],"class_list":["post-54656","post","type-post","status-publish","format-standard","has-post-thumbnail","hentry","category-eventy"],"_links":{"self":[{"href":"https:\/\/www.automakersnews.cz\/index.php\/wp-json\/wp\/v2\/posts\/54656","targetHints":{"allow":["GET"]}}],"collection":[{"href":"https:\/\/www.automakersnews.cz\/index.php\/wp-json\/wp\/v2\/posts"}],"about":[{"href":"https:\/\/www.automakersnews.cz\/index.php\/wp-json\/wp\/v2\/types\/post"}],"author":[{"embeddable":true,"href":"https:\/\/www.automakersnews.cz\/index.php\/wp-json\/wp\/v2\/users\/1"}],"replies":[{"embeddable":true,"href":"https:\/\/www.automakersnews.cz\/index.php\/wp-json\/wp\/v2\/comments?post=54656"}],"version-history":[{"count":0,"href":"https:\/\/www.automakersnews.cz\/index.php\/wp-json\/wp\/v2\/posts\/54656\/revisions"}],"wp:featuredmedia":[{"embeddable":true,"href":"https:\/\/www.automakersnews.cz\/index.php\/wp-json\/wp\/v2\/media\/54657"}],"wp:attachment":[{"href":"https:\/\/www.automakersnews.cz\/index.php\/wp-json\/wp\/v2\/media?parent=54656"}],"wp:term":[{"taxonomy":"category","embeddable":true,"href":"https:\/\/www.automakersnews.cz\/index.php\/wp-json\/wp\/v2\/categories?post=54656"},{"taxonomy":"post_tag","embeddable":true,"href":"https:\/\/www.automakersnews.cz\/index.php\/wp-json\/wp\/v2\/tags?post=54656"}],"curies":[{"name":"wp","href":"https:\/\/api.w.org\/{rel}","templated":true}]}}