{"id":5467,"date":"2022-11-29T08:59:34","date_gmt":"2022-11-29T08:59:34","guid":{"rendered":"https:\/\/www.automakersnews.cz\/?p=5467"},"modified":"2022-11-29T09:00:16","modified_gmt":"2022-11-29T09:00:16","slug":"prologis-balaz-povysil-na-mezinarodni-pozici","status":"publish","type":"post","link":"https:\/\/www.automakersnews.cz\/index.php\/2022\/11\/29\/prologis-balaz-povysil-na-mezinarodni-pozici\/","title":{"rendered":"Prologis: Bal\u00e1\u017e pov\u00fd\u0161il na evropskou pozici"},"content":{"rendered":"<p><strong>Prologis m\u011bn\u00ed sv\u016fj t\u00fdm pro st\u0159edoevropsk\u00e9 trhy. Martin Bal\u00e1\u017e, od roku 2019 p\u016fsob\u00edc\u00ed na pozici country managera pro \u010ceskou republiku a Slovensko, p\u0159ijal novou roli s roz\u0161\u00ed\u0159enou p\u016fsobnost\u00ed.<\/strong><!--more--><\/p>\n<p>Od 1. prosince 2022 se posune na pozici senior viceprezidenta, country managera pro \u010ceskou republiku, Slovensko a Ma\u010farsko. Jeho p\u0159\u00edm\u00fdm nad\u0159\u00edzen\u00fdm bude Pawe\u0142 Sapek, senior viceprezident spole\u010dnosti Prologis a jej\u00ed region\u00e1ln\u00ed \u0159editel pro st\u0159edn\u00ed Evropu.<\/p>\n<p>Roz\u0161\u00ed\u0159en\u00ed Martinov\u00fdch kompetenc\u00ed, a to jak z geografick\u00e9ho, tak z obchodn\u00edho hlediska, p\u0159ich\u00e1z\u00ed po t\u0159ech letech jeho trvale vynikaj\u00edc\u00edch v\u00fdsledk\u016f, kter\u00e9 st\u00e1ly za \u00fasp\u011bchy Prologis v \u010cesk\u00e9 republice a na Slovensku.<\/p>\n<p>\u201eSpole\u010dnost Prologis proch\u00e1z\u00ed ve st\u0159edn\u00ed Evrop\u011b vzru\u0161uj\u00edc\u00edm obdob\u00edm a j\u00e1 se nemohu do\u010dkat, a\u017e za\u010dnu ve sv\u00e9 nov\u00e9 funkci p\u016fsobit,\u201c \u0159\u00edk\u00e1\u00a0<a href=\"https:\/\/www.prologisce.eu\/cs\/who-we-are\/leadership\/martin-balaz\">Martin Bal\u00e1\u017e<\/a>.<\/p>\n<p>\u201eUplynul\u00e9 t\u0159i roky pat\u0159ily k\u00a0nejn\u00e1ro\u010dn\u011bj\u0161\u00edm, jak v logistick\u00e9m sektoru pamatujeme, ale d\u00edky nad\u0161en\u00ed a odhodl\u00e1n\u00ed na\u0161ich skv\u011bl\u00fdch t\u00fdm\u016f jsme dnes siln\u011bj\u0161\u00ed ne\u017e kdykoli d\u0159\u00edve. Je pro m\u011b \u010dest pokra\u010dovat ve veden\u00ed na\u0161ich lid\u00ed v \u010cesk\u00e9 republice a na Slovensku a z\u00e1rove\u0148 p\u0159evz\u00edt odpov\u011bdnost za aktivity Prologis v Ma\u010farsku.\u201c<\/p>\n<p>Ve sv\u00e9 nov\u00e9 funkci se Martin Bal\u00e1\u017e zam\u011b\u0159\u00ed na pos\u00edlen\u00ed rozvoje t\u00fdm\u016f spole\u010dnosti Prologis v cel\u00e9m regionu. Jeho vize veden\u00ed zam\u011b\u0159en\u00e1 na \u0161pi\u010dkov\u00e9 slu\u017eby z\u00e1kazn\u00edk\u016fm p\u0159esahuj\u00edc\u00ed r\u00e1mec \u010dty\u0159 st\u011bn a st\u0159echy skladov\u00fdch prostor slibuje dal\u0161\u00ed z\u00e1sadn\u00ed posun kup\u0159edu.<\/p>\n<p>\u201eT\u011b\u0161\u00edm se na v\u0161e, \u010deho Martin ve sv\u00e9 nov\u00e9 funkci dos\u00e1hne,\u201c \u0159\u00edk\u00e1\u00a0<a href=\"https:\/\/www.prologisce.eu\/cs\/who-we-are\/leadership\/pawel-sapek\">Pawe\u0142 Sapek<\/a>, senior viceprezident spole\u010dnosti Prologis a region\u00e1ln\u00ed \u0159editel pro st\u0159edn\u00ed Evropu.<\/p>\n<p>\u201eJeho osobn\u00ed nasazen\u00ed, hlubok\u00fd vhled do princip\u016f m\u00edstn\u00edho logistick\u00e9ho sektoru a nad\u0161en\u00ed pro inovace pozvednou na\u0161e podnik\u00e1n\u00ed v\u00a0regionu na je\u0161t\u011b vy\u0161\u0161\u00ed \u00farove\u0148. R\u00e1d bych Martinovi poblahop\u0159\u00e1l k jeho dosavadn\u00ed vynikaj\u00edc\u00ed pr\u00e1ci a pop\u0159\u00e1l mu hodn\u011b \u0161t\u011bst\u00ed do budoucna.\u201c<\/p>\n","protected":false},"excerpt":{"rendered":"<div class=\"mh-excerpt\"><p>Prologis m\u011bn\u00ed sv\u016fj t\u00fdm pro st\u0159edoevropsk\u00e9 trhy. Martin Bal\u00e1\u017e, od roku 2019 p\u016fsob\u00edc\u00ed na pozici country managera pro \u010ceskou republiku a Slovensko, p\u0159ijal novou roli <a class=\"mh-excerpt-more\" href=\"https:\/\/www.automakersnews.cz\/index.php\/2022\/11\/29\/prologis-balaz-povysil-na-mezinarodni-pozici\/\" title=\"Prologis: Bal\u00e1\u017e pov\u00fd\u0161il na evropskou pozici\">[&#8230;]<\/a><\/p>\n<\/div>","protected":false},"author":1,"featured_media":5468,"comment_status":"open","ping_status":"open","sticky":false,"template":"","format":"standard","meta":{"footnotes":""},"categories":[24,3],"tags":[],"class_list":["post-5467","post","type-post","status-publish","format-standard","has-post-thumbnail","hentry","category-management","category-personalie"],"_links":{"self":[{"href":"https:\/\/www.automakersnews.cz\/index.php\/wp-json\/wp\/v2\/posts\/5467","targetHints":{"allow":["GET"]}}],"collection":[{"href":"https:\/\/www.automakersnews.cz\/index.php\/wp-json\/wp\/v2\/posts"}],"about":[{"href":"https:\/\/www.automakersnews.cz\/index.php\/wp-json\/wp\/v2\/types\/post"}],"author":[{"embeddable":true,"href":"https:\/\/www.automakersnews.cz\/index.php\/wp-json\/wp\/v2\/users\/1"}],"replies":[{"embeddable":true,"href":"https:\/\/www.automakersnews.cz\/index.php\/wp-json\/wp\/v2\/comments?post=5467"}],"version-history":[{"count":0,"href":"https:\/\/www.automakersnews.cz\/index.php\/wp-json\/wp\/v2\/posts\/5467\/revisions"}],"wp:featuredmedia":[{"embeddable":true,"href":"https:\/\/www.automakersnews.cz\/index.php\/wp-json\/wp\/v2\/media\/5468"}],"wp:attachment":[{"href":"https:\/\/www.automakersnews.cz\/index.php\/wp-json\/wp\/v2\/media?parent=5467"}],"wp:term":[{"taxonomy":"category","embeddable":true,"href":"https:\/\/www.automakersnews.cz\/index.php\/wp-json\/wp\/v2\/categories?post=5467"},{"taxonomy":"post_tag","embeddable":true,"href":"https:\/\/www.automakersnews.cz\/index.php\/wp-json\/wp\/v2\/tags?post=5467"}],"curies":[{"name":"wp","href":"https:\/\/api.w.org\/{rel}","templated":true}]}}